{"id":4522,"date":"2024-03-22T11:41:31","date_gmt":"2024-03-22T10:41:31","guid":{"rendered":"https:\/\/agora.xtec.cat\/ies-castelldelquer-prats\/?p=4522"},"modified":"2024-04-05T11:24:48","modified_gmt":"2024-04-05T09:24:48","slug":"job-shadowing-feedback-sobre-la-primera-activitat-del-projecte-erasmus","status":"publish","type":"post","link":"https:\/\/agora.xtec.cat\/ies-castelldelquer-prats\/portada\/job-shadowing-feedback-sobre-la-primera-activitat-del-projecte-erasmus\/","title":{"rendered":"JOB SHADOWING: feedback sobre la primera activitat del projecte Erasmus"},"content":{"rendered":"<p><b>J\u00falia Cruells , Maria Valldeoriola<\/b><\/p>\n<p><span style=\"font-weight: 400\">A poques setmanes de la primera trobada del projecte Erasmus s\u2019ha fet un estudi sobre l\u2019esmentada experi\u00e8ncia educativa a trav\u00e9s d\u2019unes enquestes.\u00a0<\/span><\/p>\n<p><span style=\"font-weight: 400\">En primer lloc, molts enquestats han considerat la import\u00e0ncia de dedicar m\u00e9s temps a interactuar directament amb els alumnes. Aix\u00f2 ha provocat una reflexi\u00f3 sobre com utilitzar el temps disponible i prioritzar les activitats que enriqueixen realment l&#8217;experi\u00e8ncia educativa.<\/span><\/p>\n<p><span style=\"font-weight: 400\">A m\u00e9s, s&#8217;han destacat les oportunitats perdudes de compartir coneixements i metodologies amb els professors visitants. Molts han compartit l\u2019opini\u00f3 en el fet de poder interactuar de manera m\u00e9s activa i oberta amb els professors.<\/span><\/p>\n<p><span style=\"font-weight: 400\">Altres propostes per millorar l&#8217;experi\u00e8ncia d&#8217;Erasmus especifiquen la preparaci\u00f3 d&#8217;activitats fora de l&#8217;horari lectiu per tal de interactuar amb els professors, a m\u00e9s de l&#8217;organitzaci\u00f3 d&#8217;activitats conjuntes per tal que es coneguin millor, i fer un feedback per millorar les pr\u00e0ctiques docents.<\/span><\/p>\n<p><span style=\"font-weight: 400\">Aquests suggeriments i opinions pr\u00f2pies mostren que hi ha un comprom\u00eds per la millora i una voluntat per fer-ho. Per aquest motiu, hi ha un enfocament renovat, coneixement compartit i l&#8217;aprenentatge conjunt.<\/span><\/p>\n<p><span style=\"font-weight: 400\">Esperem que aquesta iniciativa impulsada pels docents no nom\u00e9s enriqueixi l&#8217;experi\u00e8ncia d&#8217;Erasmus, sin\u00f3 que tamb\u00e9 es continu\u00ef fent i es puguin buscar noves maneres d\u2019innovar l&#8217;aprenentatge amb molta motivaci\u00f3.<a href=\"https:\/\/agora.xtec.cat\/ies-castelldelquer-prats\/wp-content\/uploads\/usu2163\/2024\/03\/IMG-20240228-WA0006.jpg\"><img loading=\"lazy\" decoding=\"async\" class=\"alignnone  wp-image-4531\" src=\"https:\/\/agora.xtec.cat\/ies-castelldelquer-prats\/wp-content\/uploads\/usu2163\/2024\/03\/IMG-20240228-WA0006-1024x766.jpg\" alt=\"\" width=\"489\" height=\"366\" srcset=\"https:\/\/agora.xtec.cat\/ies-castelldelquer-prats\/wp-content\/uploads\/usu2163\/2024\/03\/IMG-20240228-WA0006-1024x766.jpg 1024w, https:\/\/agora.xtec.cat\/ies-castelldelquer-prats\/wp-content\/uploads\/usu2163\/2024\/03\/IMG-20240228-WA0006-300x224.jpg 300w, https:\/\/agora.xtec.cat\/ies-castelldelquer-prats\/wp-content\/uploads\/usu2163\/2024\/03\/IMG-20240228-WA0006-768x575.jpg 768w, https:\/\/agora.xtec.cat\/ies-castelldelquer-prats\/wp-content\/uploads\/usu2163\/2024\/03\/IMG-20240228-WA0006-1536x1149.jpg 1536w, https:\/\/agora.xtec.cat\/ies-castelldelquer-prats\/wp-content\/uploads\/usu2163\/2024\/03\/IMG-20240228-WA0006-200x150.jpg 200w, https:\/\/agora.xtec.cat\/ies-castelldelquer-prats\/wp-content\/uploads\/usu2163\/2024\/03\/IMG-20240228-WA0006.jpg 2048w\" sizes=\"auto, (max-width: 489px) 100vw, 489px\" \/><\/a><\/span><\/p>\n","protected":false},"excerpt":{"rendered":"<p>J\u00falia Cruells , Maria Valldeoriola<br \/>\nA poques setmanes de la primera trobada del projecte Erasmus s\u2019ha fet un estudi sobre l\u2019esmentada experi\u00e8ncia educativa a trav\u00e9s d\u2019unes enquestes.\u00a0<br \/>\nEn primer lloc, molts enquestats han considerat la import\u00e0ncia de dedicar m\u00e9s temps a interactuar directament amb els alumnes. Aix\u00f2&hellip;  <a href=\"https:\/\/agora.xtec.cat\/ies-castelldelquer-prats\/portada\/job-shadowing-feedback-sobre-la-primera-activitat-del-projecte-erasmus\/\" title=\"Read JOB SHADOWING: feedback sobre la primera activitat del projecte Erasmus\">Llegeix m\u00e9s\u00bb<\/a><\/p>\n","protected":false},"author":7,"featured_media":4531,"comment_status":"closed","ping_status":"closed","sticky":false,"template":"","format":"standard","meta":{"_bbp_topic_count":0,"_bbp_reply_count":0,"_bbp_total_topic_count":0,"_bbp_total_reply_count":0,"_bbp_voice_count":0,"_bbp_anonymous_reply_count":0,"_bbp_topic_count_hidden":0,"_bbp_reply_count_hidden":0,"_bbp_forum_subforum_count":0,"footnotes":""},"categories":[204,29],"tags":[],"class_list":["post-4522","post","type-post","status-publish","format-standard","has-post-thumbnail","hentry","category-erasmus-2023-2027","category-portada"],"post_mailing_queue_ids":[],"_links":{"self":[{"href":"https:\/\/agora.xtec.cat\/ies-castelldelquer-prats\/wp-json\/wp\/v2\/posts\/4522","targetHints":{"allow":["GET"]}}],"collection":[{"href":"https:\/\/agora.xtec.cat\/ies-castelldelquer-prats\/wp-json\/wp\/v2\/posts"}],"about":[{"href":"https:\/\/agora.xtec.cat\/ies-castelldelquer-prats\/wp-json\/wp\/v2\/types\/post"}],"author":[{"embeddable":true,"href":"https:\/\/agora.xtec.cat\/ies-castelldelquer-prats\/wp-json\/wp\/v2\/users\/7"}],"replies":[{"embeddable":true,"href":"https:\/\/agora.xtec.cat\/ies-castelldelquer-prats\/wp-json\/wp\/v2\/comments?post=4522"}],"version-history":[{"count":2,"href":"https:\/\/agora.xtec.cat\/ies-castelldelquer-prats\/wp-json\/wp\/v2\/posts\/4522\/revisions"}],"predecessor-version":[{"id":4532,"href":"https:\/\/agora.xtec.cat\/ies-castelldelquer-prats\/wp-json\/wp\/v2\/posts\/4522\/revisions\/4532"}],"wp:featuredmedia":[{"embeddable":true,"href":"https:\/\/agora.xtec.cat\/ies-castelldelquer-prats\/wp-json\/wp\/v2\/media\/4531"}],"wp:attachment":[{"href":"https:\/\/agora.xtec.cat\/ies-castelldelquer-prats\/wp-json\/wp\/v2\/media?parent=4522"}],"wp:term":[{"taxonomy":"category","embeddable":true,"href":"https:\/\/agora.xtec.cat\/ies-castelldelquer-prats\/wp-json\/wp\/v2\/categories?post=4522"},{"taxonomy":"post_tag","embeddable":true,"href":"https:\/\/agora.xtec.cat\/ies-castelldelquer-prats\/wp-json\/wp\/v2\/tags?post=4522"}],"curies":[{"name":"wp","href":"https:\/\/api.w.org\/{rel}","templated":true}]}}