{"id":4428,"date":"2024-02-27T12:00:32","date_gmt":"2024-02-27T11:00:32","guid":{"rendered":"https:\/\/agora.xtec.cat\/ies-castelldelquer-prats\/?p=4428"},"modified":"2024-02-29T13:21:59","modified_gmt":"2024-02-29T12:21:59","slug":"estada-a-irlanda-descobrint-noves-cultures","status":"publish","type":"post","link":"https:\/\/agora.xtec.cat\/ies-castelldelquer-prats\/portada\/estada-a-irlanda-descobrint-noves-cultures\/","title":{"rendered":"ESTADA A IRLANDA: DESCOBRINT NOVES CULTURES"},"content":{"rendered":"<p><b><i>Els nois i les noies de 2n de Batxillerat\u00a0 visiten terres irlandeses<\/i><\/b><\/p>\n<p><span style=\"font-weight: 400;\">La setmana del 19 al 23 de febrer, els alumnes de 2n de Batxillerat van fer un viatge a Irlanda. En aquesta estada estaven repartits per parelles amb fam\u00edlies d&#8217;acollida d\u2019all\u00e0, al poble de Wexford. Durant tot el dia nom\u00e9s compartien l\u2019esmorzar i el sopar amb la fam\u00edlia.\u00a0<\/span><\/p>\n<p><span style=\"font-weight: 400;\">Cada dia despr\u00e9s d\u2019esmorzar es trobaven en uns punts concrets on agafaven el bus per dur a terme una activitat concreta. Les activitats m\u00e9s destacades d\u2019aquests dies van ser: gincama per la localitat, visita a una platja irlandesa i hurling.\u00a0<\/span><\/p>\n<p><span style=\"font-weight: 400;\">Al migdia tenien una estona lliure per poder dinar on volguessin i seguidament, a partir de les dues, comen\u00e7aven les classes d&#8217;angl\u00e8s a l\u2019escola Slaney. En finalitzar les classes, cadasc\u00fa anava a la casa on s\u2019allotjaven i sopaven aproximadament a les sis de la tarda, un dels h\u00e0bits que m\u00e9s els va sorprendre.\u00a0<\/span><\/p>\n<p><span style=\"font-weight: 400;\">Cal destacar que hi havien dies que feien activitats al vespre amb la resta de grup com bowling, entre d\u2019altres. I els dies que no hi havien activitats plantejades es quedaven a casa amb la fam\u00edlia passant un moment agradable.<\/span><\/p>\n<p><span style=\"font-weight: 400;\">Els alumnes de 2n de Batxillerat consideren que l\u2019activitat m\u00e9s destacada i amb unes valoraciones m\u00e9s positives va ser el hurling, ja que van poder compartir aquest esport amb un jugador professional.\u00a0<\/span><\/p>\n<p><span style=\"font-weight: 400;\">Com a valoraci\u00f3 de grup, valoren el viatge molt positivament i amb les expectatives m\u00e9s que superades. I recomanen molt\u00edssim fer el viatge de cara l\u2019any que ve als alumnes de 2n de Batxillerat.\u00a0<\/span><\/p>\n<p><a href=\"https:\/\/agora.xtec.cat\/ies-castelldelquer-prats\/wp-content\/uploads\/usu2163\/2024\/02\/PHOTO-2024-02-27-08-24-30.jpg\"><img loading=\"lazy\" decoding=\"async\" class=\"alignnone size-large wp-image-4430\" src=\"https:\/\/agora.xtec.cat\/ies-castelldelquer-prats\/wp-content\/uploads\/usu2163\/2024\/02\/PHOTO-2024-02-27-08-24-30-1024x768.jpg\" alt=\"\" width=\"1024\" height=\"768\" srcset=\"https:\/\/agora.xtec.cat\/ies-castelldelquer-prats\/wp-content\/uploads\/usu2163\/2024\/02\/PHOTO-2024-02-27-08-24-30-1024x768.jpg 1024w, https:\/\/agora.xtec.cat\/ies-castelldelquer-prats\/wp-content\/uploads\/usu2163\/2024\/02\/PHOTO-2024-02-27-08-24-30-300x225.jpg 300w, https:\/\/agora.xtec.cat\/ies-castelldelquer-prats\/wp-content\/uploads\/usu2163\/2024\/02\/PHOTO-2024-02-27-08-24-30-768x576.jpg 768w, https:\/\/agora.xtec.cat\/ies-castelldelquer-prats\/wp-content\/uploads\/usu2163\/2024\/02\/PHOTO-2024-02-27-08-24-30-1536x1152.jpg 1536w, https:\/\/agora.xtec.cat\/ies-castelldelquer-prats\/wp-content\/uploads\/usu2163\/2024\/02\/PHOTO-2024-02-27-08-24-30-200x150.jpg 200w, https:\/\/agora.xtec.cat\/ies-castelldelquer-prats\/wp-content\/uploads\/usu2163\/2024\/02\/PHOTO-2024-02-27-08-24-30.jpg 1600w\" sizes=\"auto, (max-width: 1024px) 100vw, 1024px\" \/><\/a><\/p>\n","protected":false},"excerpt":{"rendered":"<p>Els nois i les noies de 2n de Batxillerat\u00a0 visiten terres irlandeses<br \/>\nLa setmana del 19 al 23 de febrer, els alumnes de 2n de Batxillerat van fer un viatge a Irlanda. En aquesta estada estaven repartits per parelles amb fam\u00edlies d&#8217;acollida d\u2019all\u00e0, al poble de&hellip;  <a href=\"https:\/\/agora.xtec.cat\/ies-castelldelquer-prats\/portada\/estada-a-irlanda-descobrint-noves-cultures\/\" title=\"Read ESTADA A IRLANDA: DESCOBRINT NOVES CULTURES\">Llegeix m\u00e9s\u00bb<\/a><\/p>\n","protected":false},"author":7,"featured_media":4431,"comment_status":"closed","ping_status":"closed","sticky":false,"template":"","format":"standard","meta":{"_bbp_topic_count":0,"_bbp_reply_count":0,"_bbp_total_topic_count":0,"_bbp_total_reply_count":0,"_bbp_voice_count":0,"_bbp_anonymous_reply_count":0,"_bbp_topic_count_hidden":0,"_bbp_reply_count_hidden":0,"_bbp_forum_subforum_count":0,"footnotes":""},"categories":[127,29],"tags":[],"class_list":["post-4428","post","type-post","status-publish","format-standard","has-post-thumbnail","hentry","category-2n-bat","category-portada"],"post_mailing_queue_ids":[],"_links":{"self":[{"href":"https:\/\/agora.xtec.cat\/ies-castelldelquer-prats\/wp-json\/wp\/v2\/posts\/4428","targetHints":{"allow":["GET"]}}],"collection":[{"href":"https:\/\/agora.xtec.cat\/ies-castelldelquer-prats\/wp-json\/wp\/v2\/posts"}],"about":[{"href":"https:\/\/agora.xtec.cat\/ies-castelldelquer-prats\/wp-json\/wp\/v2\/types\/post"}],"author":[{"embeddable":true,"href":"https:\/\/agora.xtec.cat\/ies-castelldelquer-prats\/wp-json\/wp\/v2\/users\/7"}],"replies":[{"embeddable":true,"href":"https:\/\/agora.xtec.cat\/ies-castelldelquer-prats\/wp-json\/wp\/v2\/comments?post=4428"}],"version-history":[{"count":2,"href":"https:\/\/agora.xtec.cat\/ies-castelldelquer-prats\/wp-json\/wp\/v2\/posts\/4428\/revisions"}],"predecessor-version":[{"id":4439,"href":"https:\/\/agora.xtec.cat\/ies-castelldelquer-prats\/wp-json\/wp\/v2\/posts\/4428\/revisions\/4439"}],"wp:featuredmedia":[{"embeddable":true,"href":"https:\/\/agora.xtec.cat\/ies-castelldelquer-prats\/wp-json\/wp\/v2\/media\/4431"}],"wp:attachment":[{"href":"https:\/\/agora.xtec.cat\/ies-castelldelquer-prats\/wp-json\/wp\/v2\/media?parent=4428"}],"wp:term":[{"taxonomy":"category","embeddable":true,"href":"https:\/\/agora.xtec.cat\/ies-castelldelquer-prats\/wp-json\/wp\/v2\/categories?post=4428"},{"taxonomy":"post_tag","embeddable":true,"href":"https:\/\/agora.xtec.cat\/ies-castelldelquer-prats\/wp-json\/wp\/v2\/tags?post=4428"}],"curies":[{"name":"wp","href":"https:\/\/api.w.org\/{rel}","templated":true}]}}