{"id":4417,"date":"2024-02-27T08:58:22","date_gmt":"2024-02-27T07:58:22","guid":{"rendered":"https:\/\/agora.xtec.cat\/ies-castelldelquer-prats\/?p=4417"},"modified":"2024-02-27T08:58:22","modified_gmt":"2024-02-27T07:58:22","slug":"esquiada-de-1r-i-2n-deso","status":"publish","type":"post","link":"https:\/\/agora.xtec.cat\/ies-castelldelquer-prats\/eso\/eso-2\/esquiada-de-1r-i-2n-deso\/","title":{"rendered":"ESQUIADA DE 1r i 2n d\u2019ESO"},"content":{"rendered":"<p><b>Guifr\u00e9 Anfruns, Noa Bar\u00f3, Arnau Plans <a href=\"https:\/\/agora.xtec.cat\/ies-castelldelquer-prats\/wp-content\/uploads\/usu2163\/2024\/02\/IMG_5475.heic\"><img decoding=\"async\" class=\"alignnone size-full wp-image-4423\" src=\"https:\/\/agora.xtec.cat\/ies-castelldelquer-prats\/wp-content\/uploads\/usu2163\/2024\/02\/IMG_5475.heic\" alt=\"\" \/><\/a><\/b><\/p>\n<p><span style=\"font-weight: 400\">El passat 6 de febrer alumnes de 1r i 2n d\u2019ESO van\u00a0 anar a Font Romeu (Cerdanya Francesa) a fer esqu\u00ed de fons.<\/span><\/p>\n<p><span style=\"font-weight: 400\">Quan van arribar els van separar amb diferents grups per al\u00e7ada, mentre els monitors els repartien les botes i els esqu\u00eds. Despr\u00e9s, els\u00a0 van explicar com es posaven, com es frenava i com es girava. M\u00e9s tard van fer uns jocs per escalfar i posar-ho en pr\u00e0ctica.<\/span><\/p>\n<p><span style=\"font-weight: 400\">Seguidament van fer una ruta per arribar a dalt i un cop hi eren, van baixar.<\/span><\/p>\n<p><span style=\"font-weight: 400\">Els joves valoren negativament alguns aspectes, ja que no els va agradar gaire separar els grups per l\u2019al\u00e7ada i no pels nivells que tenen esquiant, i l\u2019esqu\u00ed de fons no era gaire divertit. Recomanen que, en lloc de fer esqu\u00ed de fons, facin i posin m\u00e9s en pr\u00e0ctica l\u2019esqu\u00ed alp\u00ed.\u00a0<\/span><\/p>\n<p><a href=\"https:\/\/agora.xtec.cat\/ies-castelldelquer-prats\/wp-content\/uploads\/usu2163\/2024\/02\/20240206_112405.jpg\"><img loading=\"lazy\" decoding=\"async\" class=\"wp-image-4426 aligncenter\" src=\"https:\/\/agora.xtec.cat\/ies-castelldelquer-prats\/wp-content\/uploads\/usu2163\/2024\/02\/20240206_112405-1024x577.jpg\" alt=\"\" width=\"284\" height=\"160\" srcset=\"https:\/\/agora.xtec.cat\/ies-castelldelquer-prats\/wp-content\/uploads\/usu2163\/2024\/02\/20240206_112405-1024x577.jpg 1024w, https:\/\/agora.xtec.cat\/ies-castelldelquer-prats\/wp-content\/uploads\/usu2163\/2024\/02\/20240206_112405-300x169.jpg 300w, https:\/\/agora.xtec.cat\/ies-castelldelquer-prats\/wp-content\/uploads\/usu2163\/2024\/02\/20240206_112405-768x432.jpg 768w, https:\/\/agora.xtec.cat\/ies-castelldelquer-prats\/wp-content\/uploads\/usu2163\/2024\/02\/20240206_112405-1536x865.jpg 1536w, https:\/\/agora.xtec.cat\/ies-castelldelquer-prats\/wp-content\/uploads\/usu2163\/2024\/02\/20240206_112405.jpg 2000w\" sizes=\"auto, (max-width: 284px) 100vw, 284px\" \/><\/a><br \/>\n<a href=\"https:\/\/agora.xtec.cat\/ies-castelldelquer-prats\/wp-content\/uploads\/usu2163\/2024\/02\/20240206_111207.jpg\"><img loading=\"lazy\" decoding=\"async\" class=\"wp-image-4427 aligncenter\" src=\"https:\/\/agora.xtec.cat\/ies-castelldelquer-prats\/wp-content\/uploads\/usu2163\/2024\/02\/20240206_111207-1024x763.jpg\" alt=\"\" width=\"249\" height=\"186\" srcset=\"https:\/\/agora.xtec.cat\/ies-castelldelquer-prats\/wp-content\/uploads\/usu2163\/2024\/02\/20240206_111207-1024x763.jpg 1024w, https:\/\/agora.xtec.cat\/ies-castelldelquer-prats\/wp-content\/uploads\/usu2163\/2024\/02\/20240206_111207-300x223.jpg 300w, https:\/\/agora.xtec.cat\/ies-castelldelquer-prats\/wp-content\/uploads\/usu2163\/2024\/02\/20240206_111207-768x572.jpg 768w, https:\/\/agora.xtec.cat\/ies-castelldelquer-prats\/wp-content\/uploads\/usu2163\/2024\/02\/20240206_111207-1536x1144.jpg 1536w, https:\/\/agora.xtec.cat\/ies-castelldelquer-prats\/wp-content\/uploads\/usu2163\/2024\/02\/20240206_111207-2048x1525.jpg 2048w, https:\/\/agora.xtec.cat\/ies-castelldelquer-prats\/wp-content\/uploads\/usu2163\/2024\/02\/20240206_111207-200x150.jpg 200w\" sizes=\"auto, (max-width: 249px) 100vw, 249px\" \/><\/a><a href=\"https:\/\/agora.xtec.cat\/ies-castelldelquer-prats\/wp-content\/uploads\/usu2163\/2024\/02\/d3ba19f1-8cca-4404-8400-4af69bd3856f.jpg\"><img loading=\"lazy\" decoding=\"async\" class=\"wp-image-4420 aligncenter\" src=\"https:\/\/agora.xtec.cat\/ies-castelldelquer-prats\/wp-content\/uploads\/usu2163\/2024\/02\/d3ba19f1-8cca-4404-8400-4af69bd3856f-1024x768.jpg\" alt=\"\" width=\"303\" height=\"227\" srcset=\"https:\/\/agora.xtec.cat\/ies-castelldelquer-prats\/wp-content\/uploads\/usu2163\/2024\/02\/d3ba19f1-8cca-4404-8400-4af69bd3856f-1024x768.jpg 1024w, https:\/\/agora.xtec.cat\/ies-castelldelquer-prats\/wp-content\/uploads\/usu2163\/2024\/02\/d3ba19f1-8cca-4404-8400-4af69bd3856f-300x225.jpg 300w, https:\/\/agora.xtec.cat\/ies-castelldelquer-prats\/wp-content\/uploads\/usu2163\/2024\/02\/d3ba19f1-8cca-4404-8400-4af69bd3856f-768x576.jpg 768w, https:\/\/agora.xtec.cat\/ies-castelldelquer-prats\/wp-content\/uploads\/usu2163\/2024\/02\/d3ba19f1-8cca-4404-8400-4af69bd3856f-1536x1152.jpg 1536w, https:\/\/agora.xtec.cat\/ies-castelldelquer-prats\/wp-content\/uploads\/usu2163\/2024\/02\/d3ba19f1-8cca-4404-8400-4af69bd3856f-200x150.jpg 200w, https:\/\/agora.xtec.cat\/ies-castelldelquer-prats\/wp-content\/uploads\/usu2163\/2024\/02\/d3ba19f1-8cca-4404-8400-4af69bd3856f.jpg 2048w\" sizes=\"auto, (max-width: 303px) 100vw, 303px\" \/><\/a><\/p>\n","protected":false},"excerpt":{"rendered":"<p>Guifr\u00e9 Anfruns, Noa Bar\u00f3, Arnau Plans <a href=\"https:\/\/agora.xtec.cat\/ies-castelldelquer-prats\/wp-content\/uploads\/usu2163\/2024\/02\/IMG_5475.heic\"><\/a><br \/>\nEl passat 6 de febrer alumnes de 1r i 2n d\u2019ESO van\u00a0 anar a Font Romeu (Cerdanya Francesa) a fer esqu\u00ed de fons.<br \/>\nQuan van arribar els van separar amb diferents grups per al\u00e7ada, mentre els monitors els repartien&hellip;  <a href=\"https:\/\/agora.xtec.cat\/ies-castelldelquer-prats\/eso\/eso-2\/esquiada-de-1r-i-2n-deso\/\" title=\"Read ESQUIADA DE 1r i 2n d\u2019ESO\">Llegeix m\u00e9s\u00bb<\/a><\/p>\n","protected":false},"author":7,"featured_media":4427,"comment_status":"closed","ping_status":"closed","sticky":false,"template":"","format":"standard","meta":{"_bbp_topic_count":0,"_bbp_reply_count":0,"_bbp_total_topic_count":0,"_bbp_total_reply_count":0,"_bbp_voice_count":0,"_bbp_anonymous_reply_count":0,"_bbp_topic_count_hidden":0,"_bbp_reply_count_hidden":0,"_bbp_forum_subforum_count":0,"footnotes":""},"categories":[5,14,15,16,29],"tags":[],"class_list":["post-4417","post","type-post","status-publish","format-standard","has-post-thumbnail","hentry","category-eso-2","category-eso-2a","category-eso-2b","category-eso-2c","category-portada"],"post_mailing_queue_ids":[],"_links":{"self":[{"href":"https:\/\/agora.xtec.cat\/ies-castelldelquer-prats\/wp-json\/wp\/v2\/posts\/4417","targetHints":{"allow":["GET"]}}],"collection":[{"href":"https:\/\/agora.xtec.cat\/ies-castelldelquer-prats\/wp-json\/wp\/v2\/posts"}],"about":[{"href":"https:\/\/agora.xtec.cat\/ies-castelldelquer-prats\/wp-json\/wp\/v2\/types\/post"}],"author":[{"embeddable":true,"href":"https:\/\/agora.xtec.cat\/ies-castelldelquer-prats\/wp-json\/wp\/v2\/users\/7"}],"replies":[{"embeddable":true,"href":"https:\/\/agora.xtec.cat\/ies-castelldelquer-prats\/wp-json\/wp\/v2\/comments?post=4417"}],"version-history":[{"count":1,"href":"https:\/\/agora.xtec.cat\/ies-castelldelquer-prats\/wp-json\/wp\/v2\/posts\/4417\/revisions"}],"predecessor-version":[{"id":4429,"href":"https:\/\/agora.xtec.cat\/ies-castelldelquer-prats\/wp-json\/wp\/v2\/posts\/4417\/revisions\/4429"}],"wp:featuredmedia":[{"embeddable":true,"href":"https:\/\/agora.xtec.cat\/ies-castelldelquer-prats\/wp-json\/wp\/v2\/media\/4427"}],"wp:attachment":[{"href":"https:\/\/agora.xtec.cat\/ies-castelldelquer-prats\/wp-json\/wp\/v2\/media?parent=4417"}],"wp:term":[{"taxonomy":"category","embeddable":true,"href":"https:\/\/agora.xtec.cat\/ies-castelldelquer-prats\/wp-json\/wp\/v2\/categories?post=4417"},{"taxonomy":"post_tag","embeddable":true,"href":"https:\/\/agora.xtec.cat\/ies-castelldelquer-prats\/wp-json\/wp\/v2\/tags?post=4417"}],"curies":[{"name":"wp","href":"https:\/\/api.w.org\/{rel}","templated":true}]}}