{"id":4381,"date":"2024-02-23T11:38:25","date_gmt":"2024-02-23T10:38:25","guid":{"rendered":"https:\/\/agora.xtec.cat\/ies-castelldelquer-prats\/?p=4381"},"modified":"2024-02-23T11:38:25","modified_gmt":"2024-02-23T10:38:25","slug":"fotosintesi-a-traves-de-la-llum","status":"publish","type":"post","link":"https:\/\/agora.xtec.cat\/ies-castelldelquer-prats\/portada\/fotosintesi-a-traves-de-la-llum\/","title":{"rendered":"Fotos\u00edntesi a trav\u00e9s de la llum"},"content":{"rendered":"<p style=\"text-align: center\"><i><span style=\"font-weight: 400\">2n de Batxillerat experimenta la fotos\u00edntesi a l&#8217;Institut<\/span><\/i><\/p>\n<p><i><span style=\"font-weight: 400\">Iria Cornellas<\/span><\/i><\/p>\n<p><span style=\"font-weight: 400\">Els alumnes de 2n de Batxillerat que fan biologia han dut a terme un experiment per tal de demostrar el funcionament de la fotos\u00edntesi amb llum. Aquest experiment est\u00e0 fet a trav\u00e9s de dos casos diferents: el primer \u00e9s una planta aqu\u00e0tica amb disposici\u00f3 d\u2019aigua per\u00f2 a les fosques, i una altra amb aigua i llum.\u00a0<\/span><\/p>\n<p><span style=\"font-weight: 400\">Finalment, van poder observar com la planta amb disposici\u00f3 d\u2019aigua i llum feia la fotos\u00edntesi, ja que van observar bombolles d\u2019oxigen que alliberava la planta gr\u00e0cies al proc\u00e9s de fotos\u00edntesi; en canvi, la planta sense llum i amb aigua, no la feia:Nom\u00e9s hi havia una petita bombolla d\u2019oxigen provinent de la respiraci\u00f3 cel\u00b7lular.\u00a0<\/span><\/p>\n","protected":false},"excerpt":{"rendered":"<p>2n de Batxillerat experimenta la fotos\u00edntesi a l&#8217;Institut<br \/>\nIria Cornellas<br \/>\nEls alumnes de 2n de Batxillerat que fan biologia han dut a terme un experiment per tal de demostrar el funcionament de la fotos\u00edntesi amb llum. Aquest experiment est\u00e0 fet a trav\u00e9s de dos casos diferents: el&hellip;  <a href=\"https:\/\/agora.xtec.cat\/ies-castelldelquer-prats\/portada\/fotosintesi-a-traves-de-la-llum\/\" title=\"Read Fotos\u00edntesi a trav\u00e9s de la llum\">Llegeix m\u00e9s\u00bb<\/a><\/p>\n","protected":false},"author":7,"featured_media":0,"comment_status":"closed","ping_status":"closed","sticky":false,"template":"","format":"standard","meta":{"_bbp_topic_count":0,"_bbp_reply_count":0,"_bbp_total_topic_count":0,"_bbp_total_reply_count":0,"_bbp_voice_count":0,"_bbp_anonymous_reply_count":0,"_bbp_topic_count_hidden":0,"_bbp_reply_count_hidden":0,"_bbp_forum_subforum_count":0,"footnotes":""},"categories":[127,29],"tags":[],"class_list":["post-4381","post","type-post","status-publish","format-standard","hentry","category-2n-bat","category-portada"],"post_mailing_queue_ids":[],"_links":{"self":[{"href":"https:\/\/agora.xtec.cat\/ies-castelldelquer-prats\/wp-json\/wp\/v2\/posts\/4381","targetHints":{"allow":["GET"]}}],"collection":[{"href":"https:\/\/agora.xtec.cat\/ies-castelldelquer-prats\/wp-json\/wp\/v2\/posts"}],"about":[{"href":"https:\/\/agora.xtec.cat\/ies-castelldelquer-prats\/wp-json\/wp\/v2\/types\/post"}],"author":[{"embeddable":true,"href":"https:\/\/agora.xtec.cat\/ies-castelldelquer-prats\/wp-json\/wp\/v2\/users\/7"}],"replies":[{"embeddable":true,"href":"https:\/\/agora.xtec.cat\/ies-castelldelquer-prats\/wp-json\/wp\/v2\/comments?post=4381"}],"version-history":[{"count":1,"href":"https:\/\/agora.xtec.cat\/ies-castelldelquer-prats\/wp-json\/wp\/v2\/posts\/4381\/revisions"}],"predecessor-version":[{"id":4382,"href":"https:\/\/agora.xtec.cat\/ies-castelldelquer-prats\/wp-json\/wp\/v2\/posts\/4381\/revisions\/4382"}],"wp:attachment":[{"href":"https:\/\/agora.xtec.cat\/ies-castelldelquer-prats\/wp-json\/wp\/v2\/media?parent=4381"}],"wp:term":[{"taxonomy":"category","embeddable":true,"href":"https:\/\/agora.xtec.cat\/ies-castelldelquer-prats\/wp-json\/wp\/v2\/categories?post=4381"},{"taxonomy":"post_tag","embeddable":true,"href":"https:\/\/agora.xtec.cat\/ies-castelldelquer-prats\/wp-json\/wp\/v2\/tags?post=4381"}],"curies":[{"name":"wp","href":"https:\/\/api.w.org\/{rel}","templated":true}]}}