{"id":4341,"date":"2024-01-29T11:20:31","date_gmt":"2024-01-29T10:20:31","guid":{"rendered":"https:\/\/agora.xtec.cat\/ies-castelldelquer-prats\/?p=4341"},"modified":"2024-01-29T11:25:50","modified_gmt":"2024-01-29T10:25:50","slug":"prats-celebra-la-festa-major","status":"publish","type":"post","link":"https:\/\/agora.xtec.cat\/ies-castelldelquer-prats\/general\/prats-celebra-la-festa-major\/","title":{"rendered":"PRATS CELEBRA LA FESTA MAJOR"},"content":{"rendered":"<p style=\"text-align: center\"><i><span style=\"font-weight: 400\">Alumnes, pares, professors de l\u2019Institut participen a la festa<\/span><\/i><\/p>\n<p><span style=\"font-weight: 400\">C\u00e8lia Casas, Hug Peraire<\/span><span style=\"font-weight: 400\"> i<\/span><span style=\"font-weight: 400\"> Martina Pla\u00a0<\/span><\/p>\n<p><span style=\"font-weight: 400\">Els dies 18, 19, 20 i 21 de gener a Prats de Llu\u00e7an\u00e8s se celebra la Festa Major en honor al seu patr\u00f3 Sant Vicen\u00e7. Es tracta d\u2019una celebraci\u00f3 popular que normalment inclou una varietat d&#8217;esdeveniments tradicionals i populars, que reflecteixen la hist\u00f2ria i la cultura local.\u00a0<\/span><\/p>\n<p><span style=\"font-weight: 400\">L\u2019acte d\u2019obertura va ser el divendres 18 al vespre a L\u2019Espai, amb el tradicional preg\u00f3 que, enguany, va anar a c\u00e0rrec de Llu\u00eds Forcada, exdirector i exprofessor de l\u2019Institut, on encara avui col\u00b7labora amb la direcci\u00f3 del projecte de teatre de 4t d\u2019ESO. El discurs de Forcada, entre altres temes, va fer refer\u00e8ncia al seu pas per l\u2019Institut on, sens dubte, ha deixat petjada en l\u2019\u00e0mbit educatiu de la comarca del Llu\u00e7an\u00e8s, a la qual el conferenciant tamb\u00e9 es va referir. Acabat el preg\u00f3, la festa va continuar al Pavell\u00f3 amb l\u2019espectacle <\/span><i><span style=\"font-weight: 400\">La Gran Festa<\/span><\/i><span style=\"font-weight: 400\">, seguit de rumba i dj. Els actes del dissabte van anar dirigits b\u00e0sicament al jovent, que va poder gaudir de diversos grups musicals. La festa va tenir el seu punt m\u00e9s \u00e0lgid el dilluns 22, dia en qu\u00e8 cada any es balla la tradicional Trencadansa, en la qual van participar alumnes, exalumnes i pares de l\u2019Institut. Els joves participants al ball van estar satisfets per haver ballat la dansa m\u00e9s representativa del poble ja que es tracta d\u2019una experi\u00e8ncia\u00a0 memorable i d\u2019uni\u00f3 a la comunitat.<\/span><\/p>\n<p><span style=\"font-weight: 400\">La festa va acabar amb l\u2019actuaci\u00f3 de l\u2019Orquestra Maravella, que va acompanyar els dansaires durant el mat\u00ed, va actuar en el concert de la tarda, les Serenates i, finalment, el Ball de Gala.<\/span><\/p>\n<p><a href=\"https:\/\/agora.xtec.cat\/ies-castelldelquer-prats\/wp-content\/uploads\/usu2163\/2024\/01\/WhatsApp-Image-2024-01-29-at-11.17.44.jpeg\"><img loading=\"lazy\" decoding=\"async\" class=\"alignnone wp-image-4343\" src=\"https:\/\/agora.xtec.cat\/ies-castelldelquer-prats\/wp-content\/uploads\/usu2163\/2024\/01\/WhatsApp-Image-2024-01-29-at-11.17.44.jpeg\" alt=\"\" width=\"384\" height=\"257\" srcset=\"https:\/\/agora.xtec.cat\/ies-castelldelquer-prats\/wp-content\/uploads\/usu2163\/2024\/01\/WhatsApp-Image-2024-01-29-at-11.17.44.jpeg 1024w, https:\/\/agora.xtec.cat\/ies-castelldelquer-prats\/wp-content\/uploads\/usu2163\/2024\/01\/WhatsApp-Image-2024-01-29-at-11.17.44-300x200.jpeg 300w, https:\/\/agora.xtec.cat\/ies-castelldelquer-prats\/wp-content\/uploads\/usu2163\/2024\/01\/WhatsApp-Image-2024-01-29-at-11.17.44-768x513.jpeg 768w\" sizes=\"auto, (max-width: 384px) 100vw, 384px\" \/> <\/a><a href=\"https:\/\/agora.xtec.cat\/ies-castelldelquer-prats\/wp-content\/uploads\/usu2163\/2024\/01\/WhatsApp-Image-2024-01-29-at-11.17.43.jpeg\"><img loading=\"lazy\" decoding=\"async\" class=\"alignnone wp-image-4344\" src=\"https:\/\/agora.xtec.cat\/ies-castelldelquer-prats\/wp-content\/uploads\/usu2163\/2024\/01\/WhatsApp-Image-2024-01-29-at-11.17.43.jpeg\" alt=\"\" width=\"384\" height=\"257\" srcset=\"https:\/\/agora.xtec.cat\/ies-castelldelquer-prats\/wp-content\/uploads\/usu2163\/2024\/01\/WhatsApp-Image-2024-01-29-at-11.17.43.jpeg 1024w, https:\/\/agora.xtec.cat\/ies-castelldelquer-prats\/wp-content\/uploads\/usu2163\/2024\/01\/WhatsApp-Image-2024-01-29-at-11.17.43-300x200.jpeg 300w, https:\/\/agora.xtec.cat\/ies-castelldelquer-prats\/wp-content\/uploads\/usu2163\/2024\/01\/WhatsApp-Image-2024-01-29-at-11.17.43-768x513.jpeg 768w\" sizes=\"auto, (max-width: 384px) 100vw, 384px\" \/><\/a><\/p>\n<p>&nbsp;<\/p>\n<p>&nbsp;<\/p>\n<p>&nbsp;<\/p>\n","protected":false},"excerpt":{"rendered":"<p>Alumnes, pares, professors de l\u2019Institut participen a la festa<br \/>\nC\u00e8lia Casas, Hug Peraire i Martina Pla\u00a0<br \/>\nEls dies 18, 19, 20 i 21 de gener a Prats de Llu\u00e7an\u00e8s se celebra la Festa Major en honor al seu patr\u00f3 Sant Vicen\u00e7. Es tracta d\u2019una celebraci\u00f3 popular que&hellip;  <a href=\"https:\/\/agora.xtec.cat\/ies-castelldelquer-prats\/general\/prats-celebra-la-festa-major\/\" title=\"Read PRATS CELEBRA LA FESTA MAJOR\">Llegeix m\u00e9s\u00bb<\/a><\/p>\n","protected":false},"author":7,"featured_media":4347,"comment_status":"closed","ping_status":"closed","sticky":false,"template":"","format":"standard","meta":{"_bbp_topic_count":0,"_bbp_reply_count":0,"_bbp_total_topic_count":0,"_bbp_total_reply_count":0,"_bbp_voice_count":0,"_bbp_anonymous_reply_count":0,"_bbp_topic_count_hidden":0,"_bbp_reply_count_hidden":0,"_bbp_forum_subforum_count":0,"footnotes":""},"categories":[1,29],"tags":[],"class_list":["post-4341","post","type-post","status-publish","format-standard","has-post-thumbnail","hentry","category-general","category-portada"],"post_mailing_queue_ids":[],"_links":{"self":[{"href":"https:\/\/agora.xtec.cat\/ies-castelldelquer-prats\/wp-json\/wp\/v2\/posts\/4341","targetHints":{"allow":["GET"]}}],"collection":[{"href":"https:\/\/agora.xtec.cat\/ies-castelldelquer-prats\/wp-json\/wp\/v2\/posts"}],"about":[{"href":"https:\/\/agora.xtec.cat\/ies-castelldelquer-prats\/wp-json\/wp\/v2\/types\/post"}],"author":[{"embeddable":true,"href":"https:\/\/agora.xtec.cat\/ies-castelldelquer-prats\/wp-json\/wp\/v2\/users\/7"}],"replies":[{"embeddable":true,"href":"https:\/\/agora.xtec.cat\/ies-castelldelquer-prats\/wp-json\/wp\/v2\/comments?post=4341"}],"version-history":[{"count":1,"href":"https:\/\/agora.xtec.cat\/ies-castelldelquer-prats\/wp-json\/wp\/v2\/posts\/4341\/revisions"}],"predecessor-version":[{"id":4345,"href":"https:\/\/agora.xtec.cat\/ies-castelldelquer-prats\/wp-json\/wp\/v2\/posts\/4341\/revisions\/4345"}],"wp:featuredmedia":[{"embeddable":true,"href":"https:\/\/agora.xtec.cat\/ies-castelldelquer-prats\/wp-json\/wp\/v2\/media\/4347"}],"wp:attachment":[{"href":"https:\/\/agora.xtec.cat\/ies-castelldelquer-prats\/wp-json\/wp\/v2\/media?parent=4341"}],"wp:term":[{"taxonomy":"category","embeddable":true,"href":"https:\/\/agora.xtec.cat\/ies-castelldelquer-prats\/wp-json\/wp\/v2\/categories?post=4341"},{"taxonomy":"post_tag","embeddable":true,"href":"https:\/\/agora.xtec.cat\/ies-castelldelquer-prats\/wp-json\/wp\/v2\/tags?post=4341"}],"curies":[{"name":"wp","href":"https:\/\/api.w.org\/{rel}","templated":true}]}}