{"id":4337,"date":"2024-01-19T11:52:22","date_gmt":"2024-01-19T10:52:22","guid":{"rendered":"https:\/\/agora.xtec.cat\/ies-castelldelquer-prats\/?p=4337"},"modified":"2024-01-19T11:52:22","modified_gmt":"2024-01-19T10:52:22","slug":"un-any-mes-es-presenten-els-treballs-de-recerca","status":"publish","type":"post","link":"https:\/\/agora.xtec.cat\/ies-castelldelquer-prats\/general\/un-any-mes-es-presenten-els-treballs-de-recerca\/","title":{"rendered":"UN ANY M\u00c9S ES PRESENTEN ELS TREBALLS DE RECERCA"},"content":{"rendered":"<p><b><i>Un cop m\u00e9s els alumnes de 2n de Batxillerat es posen a prova amb el treball de recerca que porten treballant des de fa temps<\/i><\/b><\/p>\n<p><b><i>Bruna Clavell, Iria Cornellas i Julia Florit<\/i><\/b><\/p>\n<p><span style=\"font-weight: 400\">El passat 16 de gener e<\/span><span style=\"font-weight: 400\">ls<\/span><span style=\"font-weight: 400\"> alumnes de 2n de Batxillerat van presentar els treballs de recerca en els quals han estat treballant durant part de 1r de Batxillerat i principis de 2n. Com sempre, els alumnes van poder triar un tema que els crida l\u2019atenci\u00f3 i, d&#8217;aquesta manera, poder dur a terme una part pr\u00e0ctica amena segons els seus interessos.<\/span><\/p>\n<p><span style=\"font-weight: 400\">Aquest curs s\u2019han exposat un total de 24 treballs que han girat entorn a diferents tem\u00e0tiques. Tot seguit, podeu consultar-ne els t\u00edtols:<\/span><\/p>\n<ul>\n<li style=\"font-weight: 400\"><span style=\"font-weight: 400\">La restauraci\u00f3 d\u2019un Citro\u00ebn Mehari.<\/span><\/li>\n<li style=\"font-weight: 400\"><span style=\"font-weight: 400\">An\u00e0lisi i disseny d\u2019uns esquis.<\/span><\/li>\n<li style=\"font-weight: 400\"><span style=\"font-weight: 400\">Disseny i construcci\u00f3 d\u2019un sistema de generaci\u00f3 hidroel\u00e8ctrica amb un cargol d&#8217;Arqu\u00edmides.<\/span><\/li>\n<li style=\"font-weight: 400\"><span style=\"font-weight: 400\">Disseny i creaci\u00f3 d\u2019una joguina.<\/span><\/li>\n<li style=\"font-weight: 400\"><span style=\"font-weight: 400\">Back to earth. \u201cTapia\u201d as a construction method.<\/span><\/li>\n<li style=\"font-weight: 400\"><span style=\"font-weight: 400\">Calefacci\u00f3 i refrigeraci\u00f3 de futur instal\u00b7laci\u00f3 amb un sistema d\u2019aerotermia en un habitatge.<\/span><\/li>\n<li style=\"font-weight: 400\"><span style=\"font-weight: 400\">Escacs i cervell<\/span><\/li>\n<li style=\"font-weight: 400\"><span style=\"font-weight: 400\">Qu\u00e8 \u00e9s el so programaci\u00f3 d\u2019un sintetitzador?<\/span><\/li>\n<\/ul>\n<ul>\n<li style=\"font-weight: 400\"><span style=\"font-weight: 400\">Qu\u00e8 mou el futbol?<\/span><\/li>\n<li style=\"font-weight: 400\"><span style=\"font-weight: 400\">Preparaci\u00f3 f\u00edsica i aliment\u00e0ria per a realitzar una mitja marat\u00f3.<\/span><\/li>\n<li style=\"font-weight: 400\"><span style=\"font-weight: 400\">Pesca de la carpa a Catalunya.<\/span><\/li>\n<li style=\"font-weight: 400\"><span style=\"font-weight: 400\">Factors que diferencien el raid d\u2019Espanya amb el dels Emirats \u00c0rabs Units.<\/span><\/li>\n<\/ul>\n<ul>\n<li style=\"font-weight: 400\"><span style=\"font-weight: 400\">Dissenyant experi\u00e8ncies. Creaci\u00f3 d\u2019una empresa d&#8217;esdeveniments.<\/span><\/li>\n<li style=\"font-weight: 400\"><span style=\"font-weight: 400\">L&#8217;esgl\u00e9sia parroquial de Sant Andreu d&#8217;Orist\u00e0 a trav\u00e9s de les visites pastorals (segles XIV i XIX)<\/span><\/li>\n<li style=\"font-weight: 400\"><span style=\"font-weight: 400\">Conv\u00e8ncer \u00e9s un art? L&#8217;\u00fas del llenguatge a la publicitat.<\/span><\/li>\n<li style=\"font-weight: 400\"><span style=\"font-weight: 400\">Els efectes dels missatges subliminals en joves i adults.<\/span><\/li>\n<li style=\"font-weight: 400\"><span style=\"font-weight: 400\">El dol i l\u2019oblit centrat en les diferents religions.<\/span><\/li>\n<li style=\"font-weight: 400\"><span style=\"font-weight: 400\">Escoltar per sentir. Com ens afecta la m\u00fasica al cervell i a les emocions.<\/span><\/li>\n<\/ul>\n<ul>\n<li style=\"font-weight: 400\"><span style=\"font-weight: 400\">Moda o necessitat? Principals dificultats dels cel\u00edacs a la nostra societat.<\/span><\/li>\n<li style=\"font-weight: 400\"><span style=\"font-weight: 400\">El retorn del llop a Catalunya.<\/span><\/li>\n<li style=\"font-weight: 400\"><span style=\"font-weight: 400\">El c\u00e0ncer de mama m\u00e9s enll\u00e0 de la malaltia.<\/span><\/li>\n<\/ul>\n<ul>\n<li style=\"font-weight: 400\"><span style=\"font-weight: 400\">Comparison of British and American accents Through phonetics.<\/span><\/li>\n<li style=\"font-weight: 400\"><span style=\"font-weight: 400\">Les dificultats a l\u2019hora de llegir i escriure; la dislexia.<\/span><\/li>\n<\/ul>\n<p><span style=\"font-weight: 400\">Amb aquesta tasca, els joves de 2n de Batxillerat s\u2019endinsen en el terreny de la investigaci\u00f3, la qual cosa els ser\u00e0 de gran ajut de cara a l\u2019entrada a la Universitat.<\/span><\/p>\n<p>&nbsp;<\/p>\n<p><span style=\"font-weight: 400\"> <a href=\"https:\/\/agora.xtec.cat\/ies-castelldelquer-prats\/wp-content\/uploads\/usu2163\/2024\/01\/Imatge-de-WhatsApp-2024-01-19-a-les-11.45.27_b6c42bc2.jpg\"><img loading=\"lazy\" decoding=\"async\" class=\"alignnone size-full wp-image-4338\" src=\"https:\/\/agora.xtec.cat\/ies-castelldelquer-prats\/wp-content\/uploads\/usu2163\/2024\/01\/Imatge-de-WhatsApp-2024-01-19-a-les-11.45.27_b6c42bc2.jpg\" alt=\"\" width=\"1024\" height=\"768\" srcset=\"https:\/\/agora.xtec.cat\/ies-castelldelquer-prats\/wp-content\/uploads\/usu2163\/2024\/01\/Imatge-de-WhatsApp-2024-01-19-a-les-11.45.27_b6c42bc2.jpg 1024w, https:\/\/agora.xtec.cat\/ies-castelldelquer-prats\/wp-content\/uploads\/usu2163\/2024\/01\/Imatge-de-WhatsApp-2024-01-19-a-les-11.45.27_b6c42bc2-300x225.jpg 300w, https:\/\/agora.xtec.cat\/ies-castelldelquer-prats\/wp-content\/uploads\/usu2163\/2024\/01\/Imatge-de-WhatsApp-2024-01-19-a-les-11.45.27_b6c42bc2-768x576.jpg 768w, https:\/\/agora.xtec.cat\/ies-castelldelquer-prats\/wp-content\/uploads\/usu2163\/2024\/01\/Imatge-de-WhatsApp-2024-01-19-a-les-11.45.27_b6c42bc2-200x150.jpg 200w\" sizes=\"auto, (max-width: 1024px) 100vw, 1024px\" \/><\/a> <a href=\"https:\/\/agora.xtec.cat\/ies-castelldelquer-prats\/wp-content\/uploads\/usu2163\/2024\/01\/Imatge-de-WhatsApp-2024-01-19-a-les-11.45.27_cb70adc1.jpg\"><img loading=\"lazy\" decoding=\"async\" class=\"alignnone size-large wp-image-4339\" src=\"https:\/\/agora.xtec.cat\/ies-castelldelquer-prats\/wp-content\/uploads\/usu2163\/2024\/01\/Imatge-de-WhatsApp-2024-01-19-a-les-11.45.27_cb70adc1.jpg\" alt=\"\" width=\"1024\" height=\"768\" srcset=\"https:\/\/agora.xtec.cat\/ies-castelldelquer-prats\/wp-content\/uploads\/usu2163\/2024\/01\/Imatge-de-WhatsApp-2024-01-19-a-les-11.45.27_cb70adc1.jpg 1024w, https:\/\/agora.xtec.cat\/ies-castelldelquer-prats\/wp-content\/uploads\/usu2163\/2024\/01\/Imatge-de-WhatsApp-2024-01-19-a-les-11.45.27_cb70adc1-300x225.jpg 300w, https:\/\/agora.xtec.cat\/ies-castelldelquer-prats\/wp-content\/uploads\/usu2163\/2024\/01\/Imatge-de-WhatsApp-2024-01-19-a-les-11.45.27_cb70adc1-768x576.jpg 768w, https:\/\/agora.xtec.cat\/ies-castelldelquer-prats\/wp-content\/uploads\/usu2163\/2024\/01\/Imatge-de-WhatsApp-2024-01-19-a-les-11.45.27_cb70adc1-200x150.jpg 200w\" sizes=\"auto, (max-width: 1024px) 100vw, 1024px\" \/><\/a><\/span><\/p>\n","protected":false},"excerpt":{"rendered":"<p>Un cop m\u00e9s els alumnes de 2n de Batxillerat es posen a prova amb el treball de recerca que porten treballant des de fa temps<br \/>\nBruna Clavell, Iria Cornellas i Julia Florit<br \/>\nEl passat 16 de gener els alumnes de 2n de Batxillerat van presentar els treballs&hellip;  <a href=\"https:\/\/agora.xtec.cat\/ies-castelldelquer-prats\/general\/un-any-mes-es-presenten-els-treballs-de-recerca\/\" title=\"Read UN ANY M\u00c9S ES PRESENTEN ELS TREBALLS DE RECERCA\">Llegeix m\u00e9s\u00bb<\/a><\/p>\n","protected":false},"author":7,"featured_media":4338,"comment_status":"closed","ping_status":"closed","sticky":false,"template":"","format":"standard","meta":{"_bbp_topic_count":0,"_bbp_reply_count":0,"_bbp_total_topic_count":0,"_bbp_total_reply_count":0,"_bbp_voice_count":0,"_bbp_anonymous_reply_count":0,"_bbp_topic_count_hidden":0,"_bbp_reply_count_hidden":0,"_bbp_forum_subforum_count":0,"footnotes":""},"categories":[127,8,1,29],"tags":[],"class_list":["post-4337","post","type-post","status-publish","format-standard","has-post-thumbnail","hentry","category-2n-bat","category-batxillerat","category-general","category-portada"],"post_mailing_queue_ids":[],"_links":{"self":[{"href":"https:\/\/agora.xtec.cat\/ies-castelldelquer-prats\/wp-json\/wp\/v2\/posts\/4337","targetHints":{"allow":["GET"]}}],"collection":[{"href":"https:\/\/agora.xtec.cat\/ies-castelldelquer-prats\/wp-json\/wp\/v2\/posts"}],"about":[{"href":"https:\/\/agora.xtec.cat\/ies-castelldelquer-prats\/wp-json\/wp\/v2\/types\/post"}],"author":[{"embeddable":true,"href":"https:\/\/agora.xtec.cat\/ies-castelldelquer-prats\/wp-json\/wp\/v2\/users\/7"}],"replies":[{"embeddable":true,"href":"https:\/\/agora.xtec.cat\/ies-castelldelquer-prats\/wp-json\/wp\/v2\/comments?post=4337"}],"version-history":[{"count":1,"href":"https:\/\/agora.xtec.cat\/ies-castelldelquer-prats\/wp-json\/wp\/v2\/posts\/4337\/revisions"}],"predecessor-version":[{"id":4340,"href":"https:\/\/agora.xtec.cat\/ies-castelldelquer-prats\/wp-json\/wp\/v2\/posts\/4337\/revisions\/4340"}],"wp:featuredmedia":[{"embeddable":true,"href":"https:\/\/agora.xtec.cat\/ies-castelldelquer-prats\/wp-json\/wp\/v2\/media\/4338"}],"wp:attachment":[{"href":"https:\/\/agora.xtec.cat\/ies-castelldelquer-prats\/wp-json\/wp\/v2\/media?parent=4337"}],"wp:term":[{"taxonomy":"category","embeddable":true,"href":"https:\/\/agora.xtec.cat\/ies-castelldelquer-prats\/wp-json\/wp\/v2\/categories?post=4337"},{"taxonomy":"post_tag","embeddable":true,"href":"https:\/\/agora.xtec.cat\/ies-castelldelquer-prats\/wp-json\/wp\/v2\/tags?post=4337"}],"curies":[{"name":"wp","href":"https:\/\/api.w.org\/{rel}","templated":true}]}}