{"id":4225,"date":"2023-12-04T11:15:45","date_gmt":"2023-12-04T10:15:45","guid":{"rendered":"https:\/\/agora.xtec.cat\/ies-castelldelquer-prats\/?p=4225"},"modified":"2023-12-04T11:15:45","modified_gmt":"2023-12-04T10:15:45","slug":"15a-fira-de-perot-rocaguinarda","status":"publish","type":"post","link":"https:\/\/agora.xtec.cat\/ies-castelldelquer-prats\/general\/15a-fira-de-perot-rocaguinarda\/","title":{"rendered":"15a  FIRA DE PEROT ROCAGUINARDA"},"content":{"rendered":"<p style=\"text-align: center\"><b>Els alumnes d\u2019Olost de l\u2019Institut formen part dels personatges\u00a0<\/b><b>que actuen al llarg de la jornada<\/b><\/p>\n<p>&nbsp;<\/p>\n<p><b>C\u00e8lia Casas, Mart\u00ed Montalb\u00e1n, Hug Peraire, Odette R\u00edos, Maria Valldeoriola<\/b><\/p>\n<p><span style=\"font-weight: 400\">El passat 5 de novembre a Olost es va celebrar la 15<\/span><span style=\"font-weight: 400\">a\u00a0 <\/span><span style=\"font-weight: 400\">Fira d\u2019en Perot Rocaguinarda. <\/span><span style=\"font-weight: 400\">Va durar tot el dia, de les 10 del mat\u00ed fins les 7 de la tarda. La Fira d\u2019en Rocaguinarda es guia pel seu sentit de l\u2019humor i el lligam amb l\u2019actualitat. Les escenes conviuen amb moments hist\u00f2rics i per aix\u00f2 es diu que aquesta fira \u00e9s \u201cel Pol\u00f2nia de la cultura popular\u201d. Durant el dia s\u2019organitzen activitats per a totes les edats, relacionades amb l\u2019\u00e8poca del bandolerisme, i hi ha parades i firaires per a tots els gustos, per poder ambientar m\u00e9s el poble en l\u2019\u00e8poca que es representa. Perot Rocaguinarda i els altres personatges recreen una de les \u00e8poques m\u00e9s atractives de la nostra hist\u00f2ria i interactuen al carrer amb els visitants. Durant tot el dia segueixen un fil conductor per explicar la hist\u00f2ria on les escenes es van enlla\u00e7ant.<\/span><\/p>\n<p><span style=\"font-weight: 400\">Aquesta fira cada any se celebra el primer diumenge de novembre.\u00a0<\/span><\/p>\n<p><span style=\"font-weight: 400\">Cal destacar que cada any hi participen diferents alumnes del Institut Castell del Quer contribuint amb les activitats del poble i actuant amb aquesta fira tan hist\u00f2rica.\u00a0<\/span><\/p>\n<p><span style=\"font-weight: 400\">Els alumnes de l\u2019institut Castell del Quer ens han explicat el seu pas per la fira i els dies previs a mostrar-ho a tots els visitants. Ens han comentat que \u00e9s un treball cost\u00f3s a nivell teatral i que cada any fan alguns canvis en el gui\u00f3. Al ser una activitat de poble, ells ens comenten que s\u2019impliquen m\u00e9s per tal de tirar-ho endavant. Finalment, respecte al vestuari \u00e9s propi de l\u2019Ajuntament i, a m\u00e9s, es compren els vestits que calen a cada edici\u00f3.<\/span><\/p>\n<p><a href=\"https:\/\/agora.xtec.cat\/ies-castelldelquer-prats\/wp-content\/uploads\/usu2163\/2023\/12\/IMG_2595_11zon-scaled.jpg\"><img loading=\"lazy\" decoding=\"async\" class=\"alignnone size-large wp-image-4228\" src=\"https:\/\/agora.xtec.cat\/ies-castelldelquer-prats\/wp-content\/uploads\/usu2163\/2023\/12\/IMG_2595_11zon-768x1024.jpg\" alt=\"\" width=\"768\" height=\"1024\" srcset=\"https:\/\/agora.xtec.cat\/ies-castelldelquer-prats\/wp-content\/uploads\/usu2163\/2023\/12\/IMG_2595_11zon-768x1024.jpg 768w, https:\/\/agora.xtec.cat\/ies-castelldelquer-prats\/wp-content\/uploads\/usu2163\/2023\/12\/IMG_2595_11zon-225x300.jpg 225w, https:\/\/agora.xtec.cat\/ies-castelldelquer-prats\/wp-content\/uploads\/usu2163\/2023\/12\/IMG_2595_11zon-1152x1536.jpg 1152w, https:\/\/agora.xtec.cat\/ies-castelldelquer-prats\/wp-content\/uploads\/usu2163\/2023\/12\/IMG_2595_11zon-1536x2048.jpg 1536w, https:\/\/agora.xtec.cat\/ies-castelldelquer-prats\/wp-content\/uploads\/usu2163\/2023\/12\/IMG_2595_11zon-scaled.jpg 1920w\" sizes=\"auto, (max-width: 768px) 100vw, 768px\" \/><\/a><\/p>\n","protected":false},"excerpt":{"rendered":"<p>Els alumnes d\u2019Olost de l\u2019Institut formen part dels personatges\u00a0que actuen al llarg de la jornada<br \/>\n&nbsp;<br \/>\nC\u00e8lia Casas, Mart\u00ed Montalb\u00e1n, Hug Peraire, Odette R\u00edos, Maria Valldeoriola<br \/>\nEl passat 5 de novembre a Olost es va celebrar la 15a\u00a0 Fira d\u2019en Perot Rocaguinarda. Va durar tot el dia, de&hellip;  <a href=\"https:\/\/agora.xtec.cat\/ies-castelldelquer-prats\/general\/15a-fira-de-perot-rocaguinarda\/\" title=\"Read 15a  FIRA DE PEROT ROCAGUINARDA\">Llegeix m\u00e9s\u00bb<\/a><\/p>\n","protected":false},"author":7,"featured_media":4227,"comment_status":"closed","ping_status":"closed","sticky":false,"template":"","format":"standard","meta":{"_bbp_topic_count":0,"_bbp_reply_count":0,"_bbp_total_topic_count":0,"_bbp_total_reply_count":0,"_bbp_voice_count":0,"_bbp_anonymous_reply_count":0,"_bbp_topic_count_hidden":0,"_bbp_reply_count_hidden":0,"_bbp_forum_subforum_count":0,"footnotes":""},"categories":[1,29],"tags":[],"class_list":["post-4225","post","type-post","status-publish","format-standard","has-post-thumbnail","hentry","category-general","category-portada"],"post_mailing_queue_ids":[],"_links":{"self":[{"href":"https:\/\/agora.xtec.cat\/ies-castelldelquer-prats\/wp-json\/wp\/v2\/posts\/4225","targetHints":{"allow":["GET"]}}],"collection":[{"href":"https:\/\/agora.xtec.cat\/ies-castelldelquer-prats\/wp-json\/wp\/v2\/posts"}],"about":[{"href":"https:\/\/agora.xtec.cat\/ies-castelldelquer-prats\/wp-json\/wp\/v2\/types\/post"}],"author":[{"embeddable":true,"href":"https:\/\/agora.xtec.cat\/ies-castelldelquer-prats\/wp-json\/wp\/v2\/users\/7"}],"replies":[{"embeddable":true,"href":"https:\/\/agora.xtec.cat\/ies-castelldelquer-prats\/wp-json\/wp\/v2\/comments?post=4225"}],"version-history":[{"count":1,"href":"https:\/\/agora.xtec.cat\/ies-castelldelquer-prats\/wp-json\/wp\/v2\/posts\/4225\/revisions"}],"predecessor-version":[{"id":4229,"href":"https:\/\/agora.xtec.cat\/ies-castelldelquer-prats\/wp-json\/wp\/v2\/posts\/4225\/revisions\/4229"}],"wp:featuredmedia":[{"embeddable":true,"href":"https:\/\/agora.xtec.cat\/ies-castelldelquer-prats\/wp-json\/wp\/v2\/media\/4227"}],"wp:attachment":[{"href":"https:\/\/agora.xtec.cat\/ies-castelldelquer-prats\/wp-json\/wp\/v2\/media?parent=4225"}],"wp:term":[{"taxonomy":"category","embeddable":true,"href":"https:\/\/agora.xtec.cat\/ies-castelldelquer-prats\/wp-json\/wp\/v2\/categories?post=4225"},{"taxonomy":"post_tag","embeddable":true,"href":"https:\/\/agora.xtec.cat\/ies-castelldelquer-prats\/wp-json\/wp\/v2\/tags?post=4225"}],"curies":[{"name":"wp","href":"https:\/\/api.w.org\/{rel}","templated":true}]}}