{"id":4212,"date":"2023-11-28T09:04:15","date_gmt":"2023-11-28T08:04:15","guid":{"rendered":"https:\/\/agora.xtec.cat\/ies-castelldelquer-prats\/?p=4212"},"modified":"2023-11-28T09:04:15","modified_gmt":"2023-11-28T08:04:15","slug":"nou-curs-nous-reporters-2","status":"publish","type":"post","link":"https:\/\/agora.xtec.cat\/ies-castelldelquer-prats\/general\/nou-curs-nous-reporters-2\/","title":{"rendered":"NOU CURS, NOUS REPORTERS"},"content":{"rendered":"<p style=\"text-align: center\"><b>Durant aquest curs, els alumnes de l\u2019optativa Joves Reporters\u00a0<\/b><b>gestionaran la web de l\u2019Institut.<\/b><\/p>\n<p><b style=\"font-family: inherit;font-size: 1em\">Clavell, I. Cornellas, M. Pla, T. Prat<\/b><\/p>\n<p><span style=\"font-weight: 400\">Un any m\u00e9s, al llarg d\u2019aquest curs 2023-2024, alguns alumnes de 3r d\u2019ESO i de 1r de Batxillerat, fan l\u2019optativa de Joves Reporters.<\/span><\/p>\n<p><span style=\"font-weight: 400\">La tasca dels joves \u00e9s redactar not\u00edcies, reportatges i altres textos period\u00edstics que es publiquen a la web. A banda, d\u2019aquestes noies i nois, els dimarts a l\u2019hora de lectura assisteixen els corresponsals de cada curs, que redacten, juntament amb les coordinadores, les diferents not\u00edcies de cada nivell.\u00a0<\/span><\/p>\n<p><span style=\"font-weight: 400\">Els corresponsals d\u2019aquest nou curs s\u00f3n els seg\u00fcents:<\/span><\/p>\n<p>&nbsp;<\/p>\n<p><span style=\"font-weight: 400\">1r ESO<\/span><\/p>\n<p><b><i>Coordinadora:<\/i><\/b><span style=\"font-weight: 400\"> Maria Valldeoriola i Odette R\u00edos<\/span><\/p>\n<p><b><i>1rA<\/i><\/b><i><span style=\"font-weight: 400\">:<\/span><\/i><span style=\"font-weight: 400\"> Roger Prat i Aleix Tellez<\/span><\/p>\n<p><b><i>1rB<\/i><\/b><i><span style=\"font-weight: 400\">:<\/span><\/i><span style=\"font-weight: 400\"> Marc Boix i i Carla Grifell<\/span><\/p>\n<p><b><i>1rC<\/i><\/b><i><span style=\"font-weight: 400\">: <\/span><\/i><span style=\"font-weight: 400\">Cora Cruells i Olalla Herrera<\/span><\/p>\n<p>&nbsp;<\/p>\n<p><span style=\"font-weight: 400\">2n ESO<\/span><\/p>\n<p><b><i>Coordinadora:<\/i><\/b><span style=\"font-weight: 400\"> \u00cdria Cornellas i Txell Prat<\/span><\/p>\n<p><b><i>2nA<\/i><\/b><i><span style=\"font-weight: 400\">: <\/span><\/i><span style=\"font-weight: 400\">Noa Bar\u00f3<\/span><\/p>\n<p><b><i>2nB<\/i><\/b><i><span style=\"font-weight: 400\">: <\/span><\/i><span style=\"font-weight: 400\">Guifr\u00e9 Anfruns<\/span><\/p>\n<p><b><i>2nC<\/i><\/b><i><span style=\"font-weight: 400\">: <\/span><\/i><span style=\"font-weight: 400\">Arnau Plans<\/span><\/p>\n<p>&nbsp;<\/p>\n<p><span style=\"font-weight: 400\">3r ESO<\/span><\/p>\n<p><b><i>Coordinadora: <\/i><\/b><span style=\"font-weight: 400\">Meritxell Sucarrats i Gil Gorchs<\/span><\/p>\n<p><b><i>3rA: <\/i><\/b><span style=\"font-weight: 400\">Pol Crusellas<\/span><b>\u00a0<\/b><\/p>\n<p><b><i>3rB:<\/i><\/b> <span style=\"font-weight: 400\">Isa\u00ed Torres<\/span><\/p>\n<p><b><i>3rC: <\/i><\/b><span style=\"font-weight: 400\">N\u00faria Vidal<\/span><\/p>\n<p>&nbsp;<\/p>\n<p><span style=\"font-weight: 400\">4t ESO<\/span><\/p>\n<p><b><i>Coordinadora: <\/i><\/b><span style=\"font-weight: 400\">J\u00falia Cruells i Hug Peraire<\/span><\/p>\n<p><b><i>4t:<\/i><\/b> <span style=\"font-weight: 400\">Judit Casals i Jana Ferrer<\/span><\/p>\n<p>&nbsp;<\/p>\n<p><span style=\"font-weight: 400\">Els grups de treball de l\u2019optativa s\u2019han distribu\u00eft d\u2019aquesta manera:<\/span><\/p>\n<p>&nbsp;<\/p>\n<ul>\n<li style=\"font-weight: 400\"><span style=\"font-weight: 400\">Grup 1:<\/span><\/li>\n<\/ul>\n<p><b><i>Coordinadora:<\/i><\/b> <span style=\"font-weight: 400\">\u00cdria Cornellas<\/span><\/p>\n<p><b><i>Alumnes de 3r ESO: <\/i><\/b><span style=\"font-weight: 400\">Bruna Clavell, Martina Pla i Txell Prat<\/span><\/p>\n<p>&nbsp;<\/p>\n<ul>\n<li style=\"font-weight: 400\"><span style=\"font-weight: 400\">Grup 2:\u00a0<\/span><\/li>\n<\/ul>\n<p><b><i>Coordinadora: <\/i><\/b><span style=\"font-weight: 400\">Meritxell Sucarrats<\/span><\/p>\n<p><b><i>Alumnes de 3r ESO: <\/i><\/b><span style=\"font-weight: 400\">J\u00falia Florit, Gil Gorchs i Sarai Sanmart\u00ed<\/span><b><i>\u00a0<\/i><\/b><\/p>\n<p>&nbsp;<\/p>\n<ul>\n<li style=\"font-weight: 400\"><span style=\"font-weight: 400\">Grup 3:<\/span><span style=\"font-weight: 400\">\u00a0<\/span><\/li>\n<\/ul>\n<p><b><i>Coordinadora: <\/i><\/b><span style=\"font-weight: 400\">J\u00falia Cruells<\/span><\/p>\n<p><b><i>Alumnes de 3r ESO: <\/i><\/b><span style=\"font-weight: 400\">Mart\u00ed Montalban i Hug Peraire<\/span><\/p>\n<p>&nbsp;<\/p>\n<ul>\n<li style=\"font-weight: 400\"><span style=\"font-weight: 400\">Grup 4:<\/span><\/li>\n<\/ul>\n<p><b><i>Coordinadora: <\/i><\/b><span style=\"font-weight: 400\">Maria Valldeoriola<\/span><\/p>\n<p><b><i>Alumnes de 3r ESO: <\/i><\/b><span style=\"font-weight: 400\">C\u00e8lia Casas i Odette Rios<\/span><\/p>\n<p><a href=\"https:\/\/agora.xtec.cat\/ies-castelldelquer-prats\/wp-content\/uploads\/usu2163\/2023\/11\/20231121_081846-4-scaled.jpg\"><img loading=\"lazy\" decoding=\"async\" class=\"alignnone size-large wp-image-4213\" src=\"https:\/\/agora.xtec.cat\/ies-castelldelquer-prats\/wp-content\/uploads\/usu2163\/2023\/11\/20231121_081846-4-1024x740.jpg\" alt=\"\" width=\"1024\" height=\"740\" srcset=\"https:\/\/agora.xtec.cat\/ies-castelldelquer-prats\/wp-content\/uploads\/usu2163\/2023\/11\/20231121_081846-4-1024x740.jpg 1024w, https:\/\/agora.xtec.cat\/ies-castelldelquer-prats\/wp-content\/uploads\/usu2163\/2023\/11\/20231121_081846-4-300x217.jpg 300w, https:\/\/agora.xtec.cat\/ies-castelldelquer-prats\/wp-content\/uploads\/usu2163\/2023\/11\/20231121_081846-4-768x555.jpg 768w, https:\/\/agora.xtec.cat\/ies-castelldelquer-prats\/wp-content\/uploads\/usu2163\/2023\/11\/20231121_081846-4-1536x1110.jpg 1536w, https:\/\/agora.xtec.cat\/ies-castelldelquer-prats\/wp-content\/uploads\/usu2163\/2023\/11\/20231121_081846-4-2048x1479.jpg 2048w\" sizes=\"auto, (max-width: 1024px) 100vw, 1024px\" \/><\/a><\/p>\n","protected":false},"excerpt":{"rendered":"<p>Durant aquest curs, els alumnes de l\u2019optativa Joves Reporters\u00a0gestionaran la web de l\u2019Institut.<br \/>\nClavell, I. Cornellas, M. Pla, T. Prat<br \/>\nUn any m\u00e9s, al llarg d\u2019aquest curs 2023-2024, alguns alumnes de 3r d\u2019ESO i de 1r de Batxillerat, fan l\u2019optativa de Joves Reporters.<br \/>\nLa tasca dels joves \u00e9s&hellip;  <a href=\"https:\/\/agora.xtec.cat\/ies-castelldelquer-prats\/general\/nou-curs-nous-reporters-2\/\" title=\"Read NOU CURS, NOUS REPORTERS\">Llegeix m\u00e9s\u00bb<\/a><\/p>\n","protected":false},"author":7,"featured_media":4106,"comment_status":"closed","ping_status":"closed","sticky":false,"template":"","format":"standard","meta":{"_bbp_topic_count":0,"_bbp_reply_count":0,"_bbp_total_topic_count":0,"_bbp_total_reply_count":0,"_bbp_voice_count":0,"_bbp_anonymous_reply_count":0,"_bbp_topic_count_hidden":0,"_bbp_reply_count_hidden":0,"_bbp_forum_subforum_count":0,"footnotes":""},"categories":[1,201,29],"tags":[],"class_list":["post-4212","post","type-post","status-publish","format-standard","has-post-thumbnail","hentry","category-general","category-joves-reporters","category-portada"],"post_mailing_queue_ids":[],"_links":{"self":[{"href":"https:\/\/agora.xtec.cat\/ies-castelldelquer-prats\/wp-json\/wp\/v2\/posts\/4212","targetHints":{"allow":["GET"]}}],"collection":[{"href":"https:\/\/agora.xtec.cat\/ies-castelldelquer-prats\/wp-json\/wp\/v2\/posts"}],"about":[{"href":"https:\/\/agora.xtec.cat\/ies-castelldelquer-prats\/wp-json\/wp\/v2\/types\/post"}],"author":[{"embeddable":true,"href":"https:\/\/agora.xtec.cat\/ies-castelldelquer-prats\/wp-json\/wp\/v2\/users\/7"}],"replies":[{"embeddable":true,"href":"https:\/\/agora.xtec.cat\/ies-castelldelquer-prats\/wp-json\/wp\/v2\/comments?post=4212"}],"version-history":[{"count":1,"href":"https:\/\/agora.xtec.cat\/ies-castelldelquer-prats\/wp-json\/wp\/v2\/posts\/4212\/revisions"}],"predecessor-version":[{"id":4214,"href":"https:\/\/agora.xtec.cat\/ies-castelldelquer-prats\/wp-json\/wp\/v2\/posts\/4212\/revisions\/4214"}],"wp:featuredmedia":[{"embeddable":true,"href":"https:\/\/agora.xtec.cat\/ies-castelldelquer-prats\/wp-json\/wp\/v2\/media\/4106"}],"wp:attachment":[{"href":"https:\/\/agora.xtec.cat\/ies-castelldelquer-prats\/wp-json\/wp\/v2\/media?parent=4212"}],"wp:term":[{"taxonomy":"category","embeddable":true,"href":"https:\/\/agora.xtec.cat\/ies-castelldelquer-prats\/wp-json\/wp\/v2\/categories?post=4212"},{"taxonomy":"post_tag","embeddable":true,"href":"https:\/\/agora.xtec.cat\/ies-castelldelquer-prats\/wp-json\/wp\/v2\/tags?post=4212"}],"curies":[{"name":"wp","href":"https:\/\/api.w.org\/{rel}","templated":true}]}}