{"id":4209,"date":"2023-11-28T08:51:18","date_gmt":"2023-11-28T07:51:18","guid":{"rendered":"https:\/\/agora.xtec.cat\/ies-castelldelquer-prats\/?p=4209"},"modified":"2023-11-28T08:51:18","modified_gmt":"2023-11-28T07:51:18","slug":"nous-membres-al-consell-escolar-de-linstitut","status":"publish","type":"post","link":"https:\/\/agora.xtec.cat\/ies-castelldelquer-prats\/general\/nous-membres-al-consell-escolar-de-linstitut\/","title":{"rendered":"NOUS MEMBRES AL CONSELL ESCOLAR DE L\u2019INSTITUT"},"content":{"rendered":"<p style=\"text-align: center\"><b>Enguany s\u2019han elegit 5 nous representants: 3 professors,\u00a0<\/b><b>un representant dels pares\u00a0 i un representant dels alumnes.<\/b><\/p>\n<p><b>Mart\u00ed Montalb\u00e1n i Hug Peraire<\/b><\/p>\n<p><span style=\"font-weight: 400\">El passat 20 de novembre es van celebrar les eleccions al consell escolar del centre. En el sector pares va ser elegida la N\u00faria Re\u00f1\u00e9; pel que fa als alumnes, el representant escollit \u00e9s Hug Peraire; i respecte al professorat, foren escollits Ariadna Cabiscol, Marc Dolad\u00e9 i Marcel Ferran.\u00a0<\/span><\/p>\n<p><span style=\"font-weight: 400\">Aix\u00ed doncs la composici\u00f3 actual del m\u00e0xim \u00f2rgan de representaci\u00f3 al centre queda compost per les seg\u00fcents persones:<\/span><\/p>\n<p><b>President:<\/b><span style=\"font-weight: 400\"> Ferran Ferrero.<\/span><\/p>\n<p><b>Secret\u00e0ria: <\/b><span style=\"font-weight: 400\">Gl\u00f2ria Ambr\u00f2s.<\/span><\/p>\n<p><b>Cap d\u2019estudis:<\/b><span style=\"font-weight: 400\"> Ester Bascuas.<\/span><\/p>\n<p><b>Representants dels alumnes:<\/b><span style=\"font-weight: 400\"> Yacu Nou, Hug Peraire i\u00a0 Eloi Tornamira.\u00a0<\/span><\/p>\n<p><b>Representants dels pares:<\/b><span style=\"font-weight: 400\"> Gemma Bou (AFA) Ester Icart i N\u00faria Re\u00f1\u00e9.<\/span><\/p>\n<p><b>Representants del professorat: <\/b><span style=\"font-weight: 400\">Ariadna Cabiscol, Marc Dolad\u00e9, Marcel Ferran, Llu\u00eds Soler, Ricard Torres i Toni Xifr\u00e9.<\/span><\/p>\n<p><b>Representant del PAS:<\/b><span style=\"font-weight: 400\"> Marc Serra.\u00a0<\/span><\/p>\n<p><b>Representant del SIEI:<\/b><span style=\"font-weight: 400\"> N\u00faria Capdevila.\u00a0\u00a0<\/span><\/p>\n<p><b>Representant de l&#8217;Ajuntament:<\/b><span style=\"font-weight: 400\"> Rosa Vil\u00e0.\u00a0<\/span><\/p>\n<p>&nbsp;<\/p>\n<p>&nbsp;<\/p>\n","protected":false},"excerpt":{"rendered":"<p>Enguany s\u2019han elegit 5 nous representants: 3 professors,\u00a0un representant dels pares\u00a0 i un representant dels alumnes.<br \/>\nMart\u00ed Montalb\u00e1n i Hug Peraire<br \/>\nEl passat 20 de novembre es van celebrar les eleccions al consell escolar del centre. En el sector pares va ser elegida la N\u00faria Re\u00f1\u00e9; pel&hellip;  <a href=\"https:\/\/agora.xtec.cat\/ies-castelldelquer-prats\/general\/nous-membres-al-consell-escolar-de-linstitut\/\" title=\"Read NOUS MEMBRES AL CONSELL ESCOLAR DE L\u2019INSTITUT\">Llegeix m\u00e9s\u00bb<\/a><\/p>\n","protected":false},"author":7,"featured_media":4210,"comment_status":"closed","ping_status":"closed","sticky":false,"template":"","format":"standard","meta":{"_bbp_topic_count":0,"_bbp_reply_count":0,"_bbp_total_topic_count":0,"_bbp_total_reply_count":0,"_bbp_voice_count":0,"_bbp_anonymous_reply_count":0,"_bbp_topic_count_hidden":0,"_bbp_reply_count_hidden":0,"_bbp_forum_subforum_count":0,"footnotes":""},"categories":[1,29],"tags":[],"class_list":["post-4209","post","type-post","status-publish","format-standard","has-post-thumbnail","hentry","category-general","category-portada"],"post_mailing_queue_ids":[],"_links":{"self":[{"href":"https:\/\/agora.xtec.cat\/ies-castelldelquer-prats\/wp-json\/wp\/v2\/posts\/4209","targetHints":{"allow":["GET"]}}],"collection":[{"href":"https:\/\/agora.xtec.cat\/ies-castelldelquer-prats\/wp-json\/wp\/v2\/posts"}],"about":[{"href":"https:\/\/agora.xtec.cat\/ies-castelldelquer-prats\/wp-json\/wp\/v2\/types\/post"}],"author":[{"embeddable":true,"href":"https:\/\/agora.xtec.cat\/ies-castelldelquer-prats\/wp-json\/wp\/v2\/users\/7"}],"replies":[{"embeddable":true,"href":"https:\/\/agora.xtec.cat\/ies-castelldelquer-prats\/wp-json\/wp\/v2\/comments?post=4209"}],"version-history":[{"count":1,"href":"https:\/\/agora.xtec.cat\/ies-castelldelquer-prats\/wp-json\/wp\/v2\/posts\/4209\/revisions"}],"predecessor-version":[{"id":4211,"href":"https:\/\/agora.xtec.cat\/ies-castelldelquer-prats\/wp-json\/wp\/v2\/posts\/4209\/revisions\/4211"}],"wp:featuredmedia":[{"embeddable":true,"href":"https:\/\/agora.xtec.cat\/ies-castelldelquer-prats\/wp-json\/wp\/v2\/media\/4210"}],"wp:attachment":[{"href":"https:\/\/agora.xtec.cat\/ies-castelldelquer-prats\/wp-json\/wp\/v2\/media?parent=4209"}],"wp:term":[{"taxonomy":"category","embeddable":true,"href":"https:\/\/agora.xtec.cat\/ies-castelldelquer-prats\/wp-json\/wp\/v2\/categories?post=4209"},{"taxonomy":"post_tag","embeddable":true,"href":"https:\/\/agora.xtec.cat\/ies-castelldelquer-prats\/wp-json\/wp\/v2\/tags?post=4209"}],"curies":[{"name":"wp","href":"https:\/\/api.w.org\/{rel}","templated":true}]}}