{"id":4168,"date":"2023-10-31T09:33:57","date_gmt":"2023-10-31T08:33:57","guid":{"rendered":"https:\/\/agora.xtec.cat\/ies-castelldelquer-prats\/?p=4168"},"modified":"2023-11-07T08:27:53","modified_gmt":"2023-11-07T07:27:53","slug":"un-any-mes-saixeca-el-telo","status":"publish","type":"post","link":"https:\/\/agora.xtec.cat\/ies-castelldelquer-prats\/eso\/eso-4\/un-any-mes-saixeca-el-telo\/","title":{"rendered":"UN ANY M\u00c9S\u2026 S\u2019AIXECA EL TEL\u00d3 !!!"},"content":{"rendered":"<p style=\"text-align: center\"><b>Aquest any l\u2019alumnat de 4t d\u2019ESO representar\u00e0 l\u2019obra musical \u201cWe Will Rock You\u201d. Aquest musical est\u00e0 ambientat a 300 anys en el futur i inclou can\u00e7ons de Queen.\u00a0<\/b><\/p>\n<p><b>Judit Casals i Jana Ferrer<\/b><\/p>\n<p><span style=\"font-weight: 400\">Tot comen\u00e7a en un futur on la m\u00fasica, les can\u00e7ons i els instruments estan prohibits i la Terra ara \u00e9s anomenada Planeta GaGa. Tots els joves GaGa veuen i escolten el mateix, tot controlat per la corporaci\u00f3 Globalsoft. En Galileu, un jove de l\u2019\u00faltima promoci\u00f3, sent misterioses veus i m\u00fasiques que no ent\u00e9n.\u00a0 Per altra banda, hi ha una jove g\u00f2tica, la Scaramouche, que tampoc acaba d&#8217;encaixar del tot. Tots dos s\u00f3n detinguts.\u00a0 La presidenta ordena acabar amb els bohemis, gent que vol que la m\u00fasica torni. En Galileu i la Scaramouche s\u2019escapen junts. Els revolucionaris els troben i, tot i no confiar amb ells en un principi, al final acaben acceptant-los.\u00a0<\/span><\/p>\n<p><span style=\"font-weight: 400\">En Galileu i la Scaramouche s\u2019escapen d&#8217;en Khashoggi i s\u2019adonen que s\u00f3n l\u2019esperan\u00e7a dels bohemis i que estan enamorats. La Killer Queen, l\u00edder dels GaGa, captura els bohemis i els treu la ment. Galileu i Scaramouche arriben a un pub on el blibliotecari, Pop, els explica l\u2019origen de la profecia, la banda Queen. Finalment quan la pluja para, veuen una est\u00e0tua de Freddie Mercury que assenyala a l\u2019estadi Wembley i decideixen anar cap all\u00e0. Quan hi arriben tot est\u00e0 ple de runes per\u00f2 de cop comen\u00e7a a sonar \u201cWe Will Rock You\u201d i la canten tots junts aconseguint que la m\u00fasica arribi a tothom i finalment poden derrotar\u00a0 la Killer Queen.<\/span><\/p>\n<p>&nbsp;<\/p>\n<p><a href=\"https:\/\/agora.xtec.cat\/ies-castelldelquer-prats\/wp-content\/uploads\/usu2163\/2023\/10\/20231031_082946-0249.jpg\"><img loading=\"lazy\" decoding=\"async\" class=\"alignnone size-full wp-image-4169\" src=\"https:\/\/agora.xtec.cat\/ies-castelldelquer-prats\/wp-content\/uploads\/usu2163\/2023\/10\/20231031_082946-0249.jpg\" alt=\"\" width=\"858\" height=\"1000\" srcset=\"https:\/\/agora.xtec.cat\/ies-castelldelquer-prats\/wp-content\/uploads\/usu2163\/2023\/10\/20231031_082946-0249.jpg 858w, https:\/\/agora.xtec.cat\/ies-castelldelquer-prats\/wp-content\/uploads\/usu2163\/2023\/10\/20231031_082946-0249-257x300.jpg 257w, https:\/\/agora.xtec.cat\/ies-castelldelquer-prats\/wp-content\/uploads\/usu2163\/2023\/10\/20231031_082946-0249-768x895.jpg 768w\" sizes=\"auto, (max-width: 858px) 100vw, 858px\" \/><\/a><\/p>\n","protected":false},"excerpt":{"rendered":"<p>Aquest any l\u2019alumnat de 4t d\u2019ESO representar\u00e0 l\u2019obra musical \u201cWe Will Rock You\u201d. Aquest musical est\u00e0 ambientat a 300 anys en el futur i inclou can\u00e7ons de Queen.\u00a0<br \/>\nJudit Casals i Jana Ferrer<br \/>\nTot comen\u00e7a en un futur on la m\u00fasica, les can\u00e7ons i els instruments estan&hellip;  <a href=\"https:\/\/agora.xtec.cat\/ies-castelldelquer-prats\/eso\/eso-4\/un-any-mes-saixeca-el-telo\/\" title=\"Read UN ANY M\u00c9S\u2026 S\u2019AIXECA EL TEL\u00d3 !!!\">Llegeix m\u00e9s\u00bb<\/a><\/p>\n","protected":false},"author":7,"featured_media":4169,"comment_status":"closed","ping_status":"closed","sticky":false,"template":"","format":"standard","meta":{"_bbp_topic_count":0,"_bbp_reply_count":0,"_bbp_total_topic_count":0,"_bbp_total_reply_count":0,"_bbp_voice_count":0,"_bbp_anonymous_reply_count":0,"_bbp_topic_count_hidden":0,"_bbp_reply_count_hidden":0,"_bbp_forum_subforum_count":0,"footnotes":""},"categories":[7,29],"tags":[],"class_list":["post-4168","post","type-post","status-publish","format-standard","has-post-thumbnail","hentry","category-eso-4","category-portada"],"post_mailing_queue_ids":[],"_links":{"self":[{"href":"https:\/\/agora.xtec.cat\/ies-castelldelquer-prats\/wp-json\/wp\/v2\/posts\/4168","targetHints":{"allow":["GET"]}}],"collection":[{"href":"https:\/\/agora.xtec.cat\/ies-castelldelquer-prats\/wp-json\/wp\/v2\/posts"}],"about":[{"href":"https:\/\/agora.xtec.cat\/ies-castelldelquer-prats\/wp-json\/wp\/v2\/types\/post"}],"author":[{"embeddable":true,"href":"https:\/\/agora.xtec.cat\/ies-castelldelquer-prats\/wp-json\/wp\/v2\/users\/7"}],"replies":[{"embeddable":true,"href":"https:\/\/agora.xtec.cat\/ies-castelldelquer-prats\/wp-json\/wp\/v2\/comments?post=4168"}],"version-history":[{"count":2,"href":"https:\/\/agora.xtec.cat\/ies-castelldelquer-prats\/wp-json\/wp\/v2\/posts\/4168\/revisions"}],"predecessor-version":[{"id":4177,"href":"https:\/\/agora.xtec.cat\/ies-castelldelquer-prats\/wp-json\/wp\/v2\/posts\/4168\/revisions\/4177"}],"wp:featuredmedia":[{"embeddable":true,"href":"https:\/\/agora.xtec.cat\/ies-castelldelquer-prats\/wp-json\/wp\/v2\/media\/4169"}],"wp:attachment":[{"href":"https:\/\/agora.xtec.cat\/ies-castelldelquer-prats\/wp-json\/wp\/v2\/media?parent=4168"}],"wp:term":[{"taxonomy":"category","embeddable":true,"href":"https:\/\/agora.xtec.cat\/ies-castelldelquer-prats\/wp-json\/wp\/v2\/categories?post=4168"},{"taxonomy":"post_tag","embeddable":true,"href":"https:\/\/agora.xtec.cat\/ies-castelldelquer-prats\/wp-json\/wp\/v2\/tags?post=4168"}],"curies":[{"name":"wp","href":"https:\/\/api.w.org\/{rel}","templated":true}]}}