{"id":4090,"date":"2023-10-23T11:46:35","date_gmt":"2023-10-23T09:46:35","guid":{"rendered":"https:\/\/agora.xtec.cat\/ies-castelldelquer-prats\/?p=4090"},"modified":"2023-10-24T08:43:41","modified_gmt":"2023-10-24T06:43:41","slug":"un-nou-curs-a-linstitut-castell-del-quer","status":"publish","type":"post","link":"https:\/\/agora.xtec.cat\/ies-castelldelquer-prats\/general\/un-nou-curs-a-linstitut-castell-del-quer\/","title":{"rendered":"UN NOU CURS A L\u2019INSTITUT CASTELL DEL QUER"},"content":{"rendered":"<h5 style=\"text-align: center\"><strong><i>L\u2019Institut Castell del Quer es pot<\/i><\/strong><i> considerar<\/i><strong><i><\/i><i> el m\u00e0xim element cohesionador del Llu\u00e7an\u00e8s\u00a0<\/i><\/strong><\/h5>\n<h6><strong>Equip de Joves Reporters \/ Octubre 2023<\/strong><\/h6>\n<p><span style=\"font-weight: 400\">Comencem un nou curs, la qual cosa comporta tenir alumnes nous i de diferents poblacions.\u00a0<\/span><span style=\"font-weight: 400\">Segons les enquestes als i a les alumnes del Centre, aquests joves provenen dels diferents pobles del Llu\u00e7an\u00e8s i de les comarques ve\u00efnes, tal com queda reflectit en els gr\u00e0fics.\u00a0<\/span><\/p>\n<p><img decoding=\"async\" src=\"https:\/\/drive.google.com\/file\/d\/17yf3vf4mzU4LUYD28pDHdmKMqP60qqkO\/view?usp=sharing\" alt=\"\" \/><a href=\"https:\/\/agora.xtec.cat\/ies-castelldelquer-prats\/wp-content\/uploads\/usu2163\/2023\/10\/1r-ESO.jpg\"><img loading=\"lazy\" decoding=\"async\" class=\"alignnone size-large wp-image-4091\" src=\"https:\/\/agora.xtec.cat\/ies-castelldelquer-prats\/wp-content\/uploads\/usu2163\/2023\/10\/1r-ESO-1024x633.jpg\" alt=\"\" width=\"1024\" height=\"633\" srcset=\"https:\/\/agora.xtec.cat\/ies-castelldelquer-prats\/wp-content\/uploads\/usu2163\/2023\/10\/1r-ESO-1024x633.jpg 1024w, https:\/\/agora.xtec.cat\/ies-castelldelquer-prats\/wp-content\/uploads\/usu2163\/2023\/10\/1r-ESO-300x186.jpg 300w, https:\/\/agora.xtec.cat\/ies-castelldelquer-prats\/wp-content\/uploads\/usu2163\/2023\/10\/1r-ESO-768x475.jpg 768w, https:\/\/agora.xtec.cat\/ies-castelldelquer-prats\/wp-content\/uploads\/usu2163\/2023\/10\/1r-ESO.jpg 1200w\" sizes=\"auto, (max-width: 1024px) 100vw, 1024px\" \/><\/a><\/p>\n<p><span style=\"font-weight: 400\">A 1r d\u2019ESO els alumnes procedeixen d\u201911 pobles diferents. El 42,7% dels alumnes \u00e9s de Prats de Llu\u00e7an\u00e8s, seguit de St. Feliu Sasserra amb un 14, 7%. El gr\u00e0fic tamb\u00e9 ensenya les altres poblacions i dintre d\u2019aquests hi ha Montesquiu que representa un 1,3%.<\/span><a href=\"https:\/\/agora.xtec.cat\/ies-castelldelquer-prats\/wp-content\/uploads\/usu2163\/2023\/10\/2n-ESO.jpg\"><img loading=\"lazy\" decoding=\"async\" class=\"alignnone size-large wp-image-4092\" src=\"https:\/\/agora.xtec.cat\/ies-castelldelquer-prats\/wp-content\/uploads\/usu2163\/2023\/10\/2n-ESO-1024x633.jpg\" alt=\"\" width=\"1024\" height=\"633\" srcset=\"https:\/\/agora.xtec.cat\/ies-castelldelquer-prats\/wp-content\/uploads\/usu2163\/2023\/10\/2n-ESO-1024x633.jpg 1024w, https:\/\/agora.xtec.cat\/ies-castelldelquer-prats\/wp-content\/uploads\/usu2163\/2023\/10\/2n-ESO-300x186.jpg 300w, https:\/\/agora.xtec.cat\/ies-castelldelquer-prats\/wp-content\/uploads\/usu2163\/2023\/10\/2n-ESO-768x475.jpg 768w, https:\/\/agora.xtec.cat\/ies-castelldelquer-prats\/wp-content\/uploads\/usu2163\/2023\/10\/2n-ESO.jpg 1200w\" sizes=\"auto, (max-width: 1024px) 100vw, 1024px\" \/><\/a><\/p>\n<p><span style=\"font-weight: 400\">Els alumnes de 2n d\u2019ESO procedeixen de 12 pobles. En el gr\u00e0fic es pot veure que el resultat\u00a0 \u00e9s similar al de 1r. En aquest cas, apareix un nou municipi que \u00e9s Gai\u00e0 (1,7%)<\/span><\/p>\n<p><a href=\"https:\/\/agora.xtec.cat\/ies-castelldelquer-prats\/wp-content\/uploads\/usu2163\/2023\/10\/3r-ESO.jpg\"><img loading=\"lazy\" decoding=\"async\" class=\"alignnone size-large wp-image-4093\" src=\"https:\/\/agora.xtec.cat\/ies-castelldelquer-prats\/wp-content\/uploads\/usu2163\/2023\/10\/3r-ESO-1024x633.jpg\" alt=\"\" width=\"1024\" height=\"633\" srcset=\"https:\/\/agora.xtec.cat\/ies-castelldelquer-prats\/wp-content\/uploads\/usu2163\/2023\/10\/3r-ESO-1024x633.jpg 1024w, https:\/\/agora.xtec.cat\/ies-castelldelquer-prats\/wp-content\/uploads\/usu2163\/2023\/10\/3r-ESO-300x186.jpg 300w, https:\/\/agora.xtec.cat\/ies-castelldelquer-prats\/wp-content\/uploads\/usu2163\/2023\/10\/3r-ESO-768x475.jpg 768w, https:\/\/agora.xtec.cat\/ies-castelldelquer-prats\/wp-content\/uploads\/usu2163\/2023\/10\/3r-ESO.jpg 1200w\" sizes=\"auto, (max-width: 1024px) 100vw, 1024px\" \/><\/a><\/p>\n<p><span style=\"font-weight: 400\">En el gr\u00e0fic de 3r d\u2019ESO, on apareixen tamb\u00e9 12 municipis, seguim en el mateix raonament dels 2 gr\u00e0fics que hem vist anteriorment: Prats de Llu\u00e7an\u00e8s \u00e9s el poble d\u2019on procedeixen m\u00e9s alumnes, seguit de St Feliu amb un 11,9%, Olost (10,4) i St Boi de Llu\u00e7an\u00e8s(9%); Els altres pobles representen entre un 3% i un 6%. Amb menys representaci\u00f3 d\u2019alumnat apareixen Llu\u00e7\u00e0-Santa Eul\u00e0lia i Sobremunt (2%)..<\/span><\/p>\n<p><a href=\"https:\/\/agora.xtec.cat\/ies-castelldelquer-prats\/wp-content\/uploads\/usu2163\/2023\/10\/4t-ESO.jpg\"><img loading=\"lazy\" decoding=\"async\" class=\"alignnone size-large wp-image-4094\" src=\"https:\/\/agora.xtec.cat\/ies-castelldelquer-prats\/wp-content\/uploads\/usu2163\/2023\/10\/4t-ESO-1024x633.jpg\" alt=\"\" width=\"1024\" height=\"633\" srcset=\"https:\/\/agora.xtec.cat\/ies-castelldelquer-prats\/wp-content\/uploads\/usu2163\/2023\/10\/4t-ESO-1024x633.jpg 1024w, https:\/\/agora.xtec.cat\/ies-castelldelquer-prats\/wp-content\/uploads\/usu2163\/2023\/10\/4t-ESO-300x186.jpg 300w, https:\/\/agora.xtec.cat\/ies-castelldelquer-prats\/wp-content\/uploads\/usu2163\/2023\/10\/4t-ESO-768x475.jpg 768w, https:\/\/agora.xtec.cat\/ies-castelldelquer-prats\/wp-content\/uploads\/usu2163\/2023\/10\/4t-ESO.jpg 1200w\" sizes=\"auto, (max-width: 1024px) 100vw, 1024px\" \/><\/a><\/p>\n<p><span style=\"font-weight: 400\">Els alumnes de 4t d\u2019ESO provenen de 8 municipis. En el gr\u00e0fic de si que es veu una gran difer\u00e8ncia del percentatge de Prats de Llu\u00e7an\u00e8s, ja que la meitat s\u00f3n d\u2019aquesta localitat.A l\u2019altra meitat, destaca Olost (19,7%), seguit de Sant Feliu Sasserra i Merl\u00e8s (7,6%). Sant Boi, Alpens i Perafita hi tenen menor representaci\u00f3\u00a0<\/span><\/p>\n<p><a href=\"https:\/\/agora.xtec.cat\/ies-castelldelquer-prats\/wp-content\/uploads\/usu2163\/2023\/10\/1r-BAT.jpg\"><img loading=\"lazy\" decoding=\"async\" class=\"alignnone size-large wp-image-4095\" src=\"https:\/\/agora.xtec.cat\/ies-castelldelquer-prats\/wp-content\/uploads\/usu2163\/2023\/10\/1r-BAT-1024x633.jpg\" alt=\"\" width=\"1024\" height=\"633\" srcset=\"https:\/\/agora.xtec.cat\/ies-castelldelquer-prats\/wp-content\/uploads\/usu2163\/2023\/10\/1r-BAT-1024x633.jpg 1024w, https:\/\/agora.xtec.cat\/ies-castelldelquer-prats\/wp-content\/uploads\/usu2163\/2023\/10\/1r-BAT-300x186.jpg 300w, https:\/\/agora.xtec.cat\/ies-castelldelquer-prats\/wp-content\/uploads\/usu2163\/2023\/10\/1r-BAT-768x475.jpg 768w, https:\/\/agora.xtec.cat\/ies-castelldelquer-prats\/wp-content\/uploads\/usu2163\/2023\/10\/1r-BAT.jpg 1200w\" sizes=\"auto, (max-width: 1024px) 100vw, 1024px\" \/><\/a><\/p>\n<p><span style=\"font-weight: 400\">En el gr\u00e0fic de 1r de BAT s\u2019observen 9 poblacions diferents i es veu que la poblaci\u00f3 de Prats de Llu\u00e7an\u00e8s i la de St. Feliu Sasserra es comencen a assemblar: 34,5% i 24,1% respectivament. Orist\u00e0 i Olost tenen una representaci\u00f3 del 10,3%; en un percentatge del 3,4% apareixen La Torre d\u2019Orist\u00e0, Sag\u00e0s, St Mart\u00ed d\u2019Albars, Llu\u00e7\u00e0 i Santa Eul\u00e0lia.<\/span><\/p>\n<p><a href=\"https:\/\/agora.xtec.cat\/ies-castelldelquer-prats\/wp-content\/uploads\/usu2163\/2023\/10\/2n-BAT.jpg\"><img loading=\"lazy\" decoding=\"async\" class=\"alignnone size-large wp-image-4096\" src=\"https:\/\/agora.xtec.cat\/ies-castelldelquer-prats\/wp-content\/uploads\/usu2163\/2023\/10\/2n-BAT-1024x633.jpg\" alt=\"\" width=\"1024\" height=\"633\" srcset=\"https:\/\/agora.xtec.cat\/ies-castelldelquer-prats\/wp-content\/uploads\/usu2163\/2023\/10\/2n-BAT-1024x633.jpg 1024w, https:\/\/agora.xtec.cat\/ies-castelldelquer-prats\/wp-content\/uploads\/usu2163\/2023\/10\/2n-BAT-300x186.jpg 300w, https:\/\/agora.xtec.cat\/ies-castelldelquer-prats\/wp-content\/uploads\/usu2163\/2023\/10\/2n-BAT-768x475.jpg 768w, https:\/\/agora.xtec.cat\/ies-castelldelquer-prats\/wp-content\/uploads\/usu2163\/2023\/10\/2n-BAT.jpg 1200w\" sizes=\"auto, (max-width: 1024px) 100vw, 1024px\" \/><\/a><\/p>\n<p><span style=\"font-weight: 400\">A 2n de BAT, els alumnes del qual provenen de 9 pobles diferents, es pot veure que gaireb\u00e9 la meitat \u00e9s de Prats de Llu\u00e7an\u00e8s; la resta queda repartida entre Olost , Sant Boi de Llu\u00e7an\u00e8s,Orist\u00e0, Santa Eul\u00e0lia, Perafita, Llu\u00e7\u00e0 i Sant Feliu Sasserra<\/span><\/p>\n<p><a href=\"https:\/\/agora.xtec.cat\/ies-castelldelquer-prats\/wp-content\/uploads\/usu2163\/2023\/10\/grafic-total.jpg\"><img loading=\"lazy\" decoding=\"async\" class=\"alignnone size-full wp-image-4097\" src=\"https:\/\/agora.xtec.cat\/ies-castelldelquer-prats\/wp-content\/uploads\/usu2163\/2023\/10\/grafic-total.jpg\" alt=\"\" width=\"537\" height=\"322\" srcset=\"https:\/\/agora.xtec.cat\/ies-castelldelquer-prats\/wp-content\/uploads\/usu2163\/2023\/10\/grafic-total.jpg 537w, https:\/\/agora.xtec.cat\/ies-castelldelquer-prats\/wp-content\/uploads\/usu2163\/2023\/10\/grafic-total-300x180.jpg 300w\" sizes=\"auto, (max-width: 537px) 100vw, 537px\" \/><\/a><\/p>\n<p><span style=\"font-weight: 400\">En resum, i tal com queda reflectit en els gr\u00e0fics anteriors, es pot afirmar que l\u2019Institut Castell del quer esdev\u00e9 el m\u00e0xim element cohesionador del Llu\u00e7an\u00e8s, ja que, al llarg de l\u2019educaci\u00f3 secund\u00e0ria els joves estableixen nexes que perduraran al llarg dels anys.<\/span><\/p>\n","protected":false},"excerpt":{"rendered":"<p>L\u2019Institut Castell del Quer es pot considerar el m\u00e0xim element cohesionador del Llu\u00e7an\u00e8s\u00a0<br \/>\nEquip de Joves Reporters \/ Octubre 2023<br \/>\nComencem un nou curs, la qual cosa comporta tenir alumnes nous i de diferents poblacions.\u00a0Segons les enquestes als i a les alumnes del Centre, aquests joves provenen&hellip;  <a href=\"https:\/\/agora.xtec.cat\/ies-castelldelquer-prats\/general\/un-nou-curs-a-linstitut-castell-del-quer\/\" title=\"Read UN NOU CURS A L\u2019INSTITUT CASTELL DEL QUER\">Llegeix m\u00e9s\u00bb<\/a><\/p>\n","protected":false},"author":7,"featured_media":4097,"comment_status":"closed","ping_status":"closed","sticky":false,"template":"","format":"standard","meta":{"_bbp_topic_count":0,"_bbp_reply_count":0,"_bbp_total_topic_count":0,"_bbp_total_reply_count":0,"_bbp_voice_count":0,"_bbp_anonymous_reply_count":0,"_bbp_topic_count_hidden":0,"_bbp_reply_count_hidden":0,"_bbp_forum_subforum_count":0,"footnotes":""},"categories":[1,29],"tags":[],"class_list":["post-4090","post","type-post","status-publish","format-standard","has-post-thumbnail","hentry","category-general","category-portada"],"post_mailing_queue_ids":[],"_links":{"self":[{"href":"https:\/\/agora.xtec.cat\/ies-castelldelquer-prats\/wp-json\/wp\/v2\/posts\/4090","targetHints":{"allow":["GET"]}}],"collection":[{"href":"https:\/\/agora.xtec.cat\/ies-castelldelquer-prats\/wp-json\/wp\/v2\/posts"}],"about":[{"href":"https:\/\/agora.xtec.cat\/ies-castelldelquer-prats\/wp-json\/wp\/v2\/types\/post"}],"author":[{"embeddable":true,"href":"https:\/\/agora.xtec.cat\/ies-castelldelquer-prats\/wp-json\/wp\/v2\/users\/7"}],"replies":[{"embeddable":true,"href":"https:\/\/agora.xtec.cat\/ies-castelldelquer-prats\/wp-json\/wp\/v2\/comments?post=4090"}],"version-history":[{"count":1,"href":"https:\/\/agora.xtec.cat\/ies-castelldelquer-prats\/wp-json\/wp\/v2\/posts\/4090\/revisions"}],"predecessor-version":[{"id":4098,"href":"https:\/\/agora.xtec.cat\/ies-castelldelquer-prats\/wp-json\/wp\/v2\/posts\/4090\/revisions\/4098"}],"wp:featuredmedia":[{"embeddable":true,"href":"https:\/\/agora.xtec.cat\/ies-castelldelquer-prats\/wp-json\/wp\/v2\/media\/4097"}],"wp:attachment":[{"href":"https:\/\/agora.xtec.cat\/ies-castelldelquer-prats\/wp-json\/wp\/v2\/media?parent=4090"}],"wp:term":[{"taxonomy":"category","embeddable":true,"href":"https:\/\/agora.xtec.cat\/ies-castelldelquer-prats\/wp-json\/wp\/v2\/categories?post=4090"},{"taxonomy":"post_tag","embeddable":true,"href":"https:\/\/agora.xtec.cat\/ies-castelldelquer-prats\/wp-json\/wp\/v2\/tags?post=4090"}],"curies":[{"name":"wp","href":"https:\/\/api.w.org\/{rel}","templated":true}]}}