{"id":3914,"date":"2023-06-06T09:16:55","date_gmt":"2023-06-06T07:16:55","guid":{"rendered":"https:\/\/agora.xtec.cat\/ies-castelldelquer-prats\/?p=3914"},"modified":"2023-06-06T09:16:55","modified_gmt":"2023-06-06T07:16:55","slug":"taller-de-robotica-a-la-universitat-de-manresa","status":"publish","type":"post","link":"https:\/\/agora.xtec.cat\/ies-castelldelquer-prats\/general\/taller-de-robotica-a-la-universitat-de-manresa\/","title":{"rendered":"Taller de rob\u00f2tica a la Universitat de Manresa"},"content":{"rendered":"<p><span style=\"font-weight: 400;\">El dia 14 d\u2019abril els alumnes de l\u2019optativa de tecnologia de 4rt d\u2019eso van anar a la UPC de Manresa a dur a terme un taller de rob\u00f2tica amb peces de Lego, Mindstorms EV3.\u00a0<\/span><\/p>\n<p><iframe loading=\"lazy\" src=\"https:\/\/docs.google.com\/presentation\/d\/e\/2PACX-1vRvdmVZolzlDc5WFZohj3Jvlwuwos1pNVMXpdoVjO9w33SXoHky4gEZgozfE0_z6MngSWSEde4YZ4b3\/embed?start=true&amp;loop=true&amp;delayms=3000\" width=\"480\" height=\"299\" frameborder=\"0\" allowfullscreen=\"allowfullscreen\"><\/iframe><\/p>\n<p><span style=\"font-weight: 400;\">Un cop all\u00e0 es van dividir en grups de 2 o 3 persones i van comen\u00e7ar a experimentar amb les peces i maneres de programa el robot. Un cop organitzats van treballar diferents pr\u00e0ctiques amb molts sensors. Desde fer formes geom\u00e8triques fins a diferents sensors tan de colors i de moviment.\u00a0<\/span><\/p>\n<p><span style=\"font-weight: 400;\">Com a repte final tenien de classificar pinces de diferents colors.<\/span><\/p>\n<p><span style=\"font-weight: 400;\">Cada grup va treballar de manera aut\u00f2noma i quan ho feia falta el monitor els ajudava amb els dubtes.<\/span><\/p>\n<p><span style=\"font-weight: 400;\">Un cop all\u00e0 els hi van explicar diferent enginyeries i moduls que podien fer a la mateixa universitat<\/span><\/p>\n","protected":false},"excerpt":{"rendered":"<p>El dia 14 d\u2019abril els alumnes de l\u2019optativa de tecnologia de 4rt d\u2019eso van anar a la UPC de Manresa a dur a terme un taller de rob\u00f2tica amb peces de Lego, Mindstorms EV3.\u00a0<\/p>\n<p>Un cop all\u00e0 es van dividir en grups de 2 o 3&hellip;  <a href=\"https:\/\/agora.xtec.cat\/ies-castelldelquer-prats\/general\/taller-de-robotica-a-la-universitat-de-manresa\/\" title=\"Read Taller de rob\u00f2tica a la Universitat de Manresa\">Llegeix m\u00e9s\u00bb<\/a><\/p>\n","protected":false},"author":1,"featured_media":3925,"comment_status":"open","ping_status":"closed","sticky":false,"template":"","format":"standard","meta":{"_bbp_topic_count":0,"_bbp_reply_count":0,"_bbp_total_topic_count":0,"_bbp_total_reply_count":0,"_bbp_voice_count":0,"_bbp_anonymous_reply_count":0,"_bbp_topic_count_hidden":0,"_bbp_reply_count_hidden":0,"_bbp_forum_subforum_count":0,"footnotes":""},"categories":[7,1,29],"tags":[],"class_list":["post-3914","post","type-post","status-publish","format-standard","has-post-thumbnail","hentry","category-eso-4","category-general","category-portada"],"post_mailing_queue_ids":[],"_links":{"self":[{"href":"https:\/\/agora.xtec.cat\/ies-castelldelquer-prats\/wp-json\/wp\/v2\/posts\/3914","targetHints":{"allow":["GET"]}}],"collection":[{"href":"https:\/\/agora.xtec.cat\/ies-castelldelquer-prats\/wp-json\/wp\/v2\/posts"}],"about":[{"href":"https:\/\/agora.xtec.cat\/ies-castelldelquer-prats\/wp-json\/wp\/v2\/types\/post"}],"author":[{"embeddable":true,"href":"https:\/\/agora.xtec.cat\/ies-castelldelquer-prats\/wp-json\/wp\/v2\/users\/1"}],"replies":[{"embeddable":true,"href":"https:\/\/agora.xtec.cat\/ies-castelldelquer-prats\/wp-json\/wp\/v2\/comments?post=3914"}],"version-history":[{"count":2,"href":"https:\/\/agora.xtec.cat\/ies-castelldelquer-prats\/wp-json\/wp\/v2\/posts\/3914\/revisions"}],"predecessor-version":[{"id":3926,"href":"https:\/\/agora.xtec.cat\/ies-castelldelquer-prats\/wp-json\/wp\/v2\/posts\/3914\/revisions\/3926"}],"wp:featuredmedia":[{"embeddable":true,"href":"https:\/\/agora.xtec.cat\/ies-castelldelquer-prats\/wp-json\/wp\/v2\/media\/3925"}],"wp:attachment":[{"href":"https:\/\/agora.xtec.cat\/ies-castelldelquer-prats\/wp-json\/wp\/v2\/media?parent=3914"}],"wp:term":[{"taxonomy":"category","embeddable":true,"href":"https:\/\/agora.xtec.cat\/ies-castelldelquer-prats\/wp-json\/wp\/v2\/categories?post=3914"},{"taxonomy":"post_tag","embeddable":true,"href":"https:\/\/agora.xtec.cat\/ies-castelldelquer-prats\/wp-json\/wp\/v2\/tags?post=3914"}],"curies":[{"name":"wp","href":"https:\/\/api.w.org\/{rel}","templated":true}]}}