{"id":3899,"date":"2023-06-05T11:17:36","date_gmt":"2023-06-05T09:17:36","guid":{"rendered":"https:\/\/agora.xtec.cat\/ies-castelldelquer-prats\/?p=3899"},"modified":"2023-06-05T11:17:36","modified_gmt":"2023-06-05T09:17:36","slug":"els-alumnes-de-3r-ajudaran-a-prats-amb-el-seu-projecte","status":"publish","type":"post","link":"https:\/\/agora.xtec.cat\/ies-castelldelquer-prats\/general\/els-alumnes-de-3r-ajudaran-a-prats-amb-el-seu-projecte\/","title":{"rendered":"Els alumnes de 3r ajudaran a Prats amb el seu projecte"},"content":{"rendered":"<p dir=\"ltr\"><a href=\"https:\/\/agora.xtec.cat\/ies-castelldelquer-prats\/wp-content\/uploads\/usu2163\/2023\/06\/prats.jpg\"><img loading=\"lazy\" decoding=\"async\" class=\"wp-image-3900 alignright\" src=\"https:\/\/agora.xtec.cat\/ies-castelldelquer-prats\/wp-content\/uploads\/usu2163\/2023\/06\/prats.jpg\" alt=\"\" width=\"300\" height=\"200\" \/><\/a>El projecte de recerca \u00e9s el projecte final del curs de 3r d\u2019ESO. Es realitzar\u00e0 del 12 al 19 de juny per tal de estudiar les caracter\u00edstiques i en quin estat trobem diferents aspectes del poble. Els alumnes treballaran en 14 grups de 4 o 5 persones. Per aconseguir fer-ho, s\u2019hauran de realitzar les diferents fases d\u2019un projecte de recerca, en aquest cas titulat \u201cCom podem millorar Prats?\u201d, dins del qual es treballaran els seg\u00fcents temes:<\/p>\n<ul>\n<li dir=\"ltr\" aria-level=\"1\">Oferta oci juvenil<\/li>\n<li dir=\"ltr\" aria-level=\"1\">Instal\u00b7lacions esportives i entitats<\/li>\n<li dir=\"ltr\" aria-level=\"1\">Jardins i punts d\u2019aigua<\/li>\n<li dir=\"ltr\" aria-level=\"1\">Energies renovables<\/li>\n<li dir=\"ltr\" aria-level=\"1\">Porta o porta<\/li>\n<li dir=\"ltr\" aria-level=\"1\">Mobiliari urb\u00e0<\/li>\n<li dir=\"ltr\" aria-level=\"1\">Espais municipals<\/li>\n<li dir=\"ltr\" aria-level=\"1\">Cases desocupades del poble<\/li>\n<li dir=\"ltr\" aria-level=\"1\">Rutes urbanes<\/li>\n<li dir=\"ltr\" aria-level=\"1\">Serveis del municipi<\/li>\n<li dir=\"ltr\" aria-level=\"1\">On puc demanar feina?<\/li>\n<li dir=\"ltr\" aria-level=\"1\">Centres educatius<\/li>\n<li dir=\"ltr\" aria-level=\"1\">Transport p\u00fablic<\/li>\n<li dir=\"ltr\" aria-level=\"1\">Carrers i places<\/li>\n<\/ul>\n<p dir=\"ltr\">Per tal d\u2019aconseguir fer aquest treball es duran a terme els seg\u00fcents passos:<\/p>\n<p dir=\"ltr\">En primer lloc es far\u00e0 una acotaci\u00f3 del tema amb una pluja d\u2019idees fins aconseguir tres preguntes en les quals cada gruo s\u2019especialitzar\u00e0. El segon pas \u00e9s formular uns objectius o hip\u00f2tesi a trav\u00e9s de les preguntes triades. Aquests ens han de servir per saber qu\u00e8 fer durant el projecte de recerca.\u00a0 Seguidament es far\u00e0 una recerca documental on buscarem els diferents cercadors informaci\u00f3 sobre el tema triat. En quart lloc es realitzar\u00e0 una recerca experimental per tal d\u2019aconseguir informaci\u00f3 dels habitants del poble a trav\u00e9s d\u2019enquestes i\/o entrevistes. Finalment per concloure la part escrita es redactaran unes conclusions sobre tot all\u00f2 que hem descobert al llarg de la recerca i, a m\u00e9s, s\u2019explicar\u00e0 el grau d\u2019assoliment dels objectius. A banda, s\u2019especificaran unes propostes de millora per al poble de Prats de Llu\u00e7an\u00e8s.<\/p>\n<p dir=\"ltr\">A m\u00e9s, per tal de divulgar la informaci\u00f3 obtinguda i les propostes de millora proposades, es far\u00e0 un cartell on constin les idees m\u00e9s importants i una presentaci\u00f3 oral en un local municipal oberta la p\u00fablic de Prats el dia 19 de juny.<\/p>\n","protected":false},"excerpt":{"rendered":"<p><a href=\"https:\/\/agora.xtec.cat\/ies-castelldelquer-prats\/wp-content\/uploads\/usu2163\/2023\/06\/prats.jpg\"><\/a>El projecte de recerca \u00e9s el projecte final del curs de 3r d\u2019ESO. Es realitzar\u00e0 del 12 al 19 de juny per tal de estudiar les caracter\u00edstiques i en quin estat trobem diferents aspectes del poble. Els alumnes treballaran en 14 grups de 4&hellip;  <a href=\"https:\/\/agora.xtec.cat\/ies-castelldelquer-prats\/general\/els-alumnes-de-3r-ajudaran-a-prats-amb-el-seu-projecte\/\" title=\"Read Els alumnes de 3r ajudaran a Prats amb el seu projecte\">Llegeix m\u00e9s\u00bb<\/a><\/p>\n","protected":false},"author":1,"featured_media":3900,"comment_status":"closed","ping_status":"closed","sticky":false,"template":"","format":"standard","meta":{"_bbp_topic_count":0,"_bbp_reply_count":0,"_bbp_total_topic_count":0,"_bbp_total_reply_count":0,"_bbp_voice_count":0,"_bbp_anonymous_reply_count":0,"_bbp_topic_count_hidden":0,"_bbp_reply_count_hidden":0,"_bbp_forum_subforum_count":0,"footnotes":""},"categories":[6,1,29],"tags":[],"class_list":["post-3899","post","type-post","status-publish","format-standard","has-post-thumbnail","hentry","category-eso-3","category-general","category-portada"],"post_mailing_queue_ids":[],"_links":{"self":[{"href":"https:\/\/agora.xtec.cat\/ies-castelldelquer-prats\/wp-json\/wp\/v2\/posts\/3899","targetHints":{"allow":["GET"]}}],"collection":[{"href":"https:\/\/agora.xtec.cat\/ies-castelldelquer-prats\/wp-json\/wp\/v2\/posts"}],"about":[{"href":"https:\/\/agora.xtec.cat\/ies-castelldelquer-prats\/wp-json\/wp\/v2\/types\/post"}],"author":[{"embeddable":true,"href":"https:\/\/agora.xtec.cat\/ies-castelldelquer-prats\/wp-json\/wp\/v2\/users\/1"}],"replies":[{"embeddable":true,"href":"https:\/\/agora.xtec.cat\/ies-castelldelquer-prats\/wp-json\/wp\/v2\/comments?post=3899"}],"version-history":[{"count":1,"href":"https:\/\/agora.xtec.cat\/ies-castelldelquer-prats\/wp-json\/wp\/v2\/posts\/3899\/revisions"}],"predecessor-version":[{"id":3904,"href":"https:\/\/agora.xtec.cat\/ies-castelldelquer-prats\/wp-json\/wp\/v2\/posts\/3899\/revisions\/3904"}],"wp:featuredmedia":[{"embeddable":true,"href":"https:\/\/agora.xtec.cat\/ies-castelldelquer-prats\/wp-json\/wp\/v2\/media\/3900"}],"wp:attachment":[{"href":"https:\/\/agora.xtec.cat\/ies-castelldelquer-prats\/wp-json\/wp\/v2\/media?parent=3899"}],"wp:term":[{"taxonomy":"category","embeddable":true,"href":"https:\/\/agora.xtec.cat\/ies-castelldelquer-prats\/wp-json\/wp\/v2\/categories?post=3899"},{"taxonomy":"post_tag","embeddable":true,"href":"https:\/\/agora.xtec.cat\/ies-castelldelquer-prats\/wp-json\/wp\/v2\/tags?post=3899"}],"curies":[{"name":"wp","href":"https:\/\/api.w.org\/{rel}","templated":true}]}}