{"id":3898,"date":"2023-06-05T11:17:33","date_gmt":"2023-06-05T09:17:33","guid":{"rendered":"https:\/\/agora.xtec.cat\/ies-castelldelquer-prats\/?p=3898"},"modified":"2023-06-05T13:19:52","modified_gmt":"2023-06-05T11:19:52","slug":"finalitza-el-projecte-swi-micromon-6-0","status":"publish","type":"post","link":"https:\/\/agora.xtec.cat\/ies-castelldelquer-prats\/batxillerat\/finalitza-el-projecte-swi-micromon-6-0\/","title":{"rendered":"Finalitza el projecte SWI Micromon 6.0"},"content":{"rendered":"<h4>Despr\u00e9s d\u2019un llarg proc\u00e9s cient\u00edfic els alumnes de 1r de Batxillerat han acabat el projecte SWI amb la presentaci\u00f3 a l\u2019UAB com a cloenda.<\/h4>\n<p>El darrer dia 18 de maig, els estudiants de primer de batxillerat de l&#8217;\u00e0mbit cient\u00edfic van anar a la UAB (Universitat Aut\u00f2noma de Barcelona) a Cerdanyola del Vall\u00e8s.<\/p>\n<p><a href=\"https:\/\/agora.xtec.cat\/ies-castelldelquer-prats\/wp-content\/uploads\/usu2163\/2023\/06\/IMG_20230518_160730.jpg\"><img loading=\"lazy\" decoding=\"async\" class=\"alignleft size-medium wp-image-3901\" src=\"https:\/\/agora.xtec.cat\/ies-castelldelquer-prats\/wp-content\/uploads\/usu2163\/2023\/06\/IMG_20230518_160730-300x225.jpg\" alt=\"\" width=\"300\" height=\"225\" srcset=\"https:\/\/agora.xtec.cat\/ies-castelldelquer-prats\/wp-content\/uploads\/usu2163\/2023\/06\/IMG_20230518_160730-300x225.jpg 300w, https:\/\/agora.xtec.cat\/ies-castelldelquer-prats\/wp-content\/uploads\/usu2163\/2023\/06\/IMG_20230518_160730-1024x768.jpg 1024w, https:\/\/agora.xtec.cat\/ies-castelldelquer-prats\/wp-content\/uploads\/usu2163\/2023\/06\/IMG_20230518_160730-768x576.jpg 768w, https:\/\/agora.xtec.cat\/ies-castelldelquer-prats\/wp-content\/uploads\/usu2163\/2023\/06\/IMG_20230518_160730-200x150.jpg 200w, https:\/\/agora.xtec.cat\/ies-castelldelquer-prats\/wp-content\/uploads\/usu2163\/2023\/06\/IMG_20230518_160730.jpg 1365w\" sizes=\"auto, (max-width: 300px) 100vw, 300px\" \/><\/a><a href=\"https:\/\/agora.xtec.cat\/ies-castelldelquer-prats\/wp-content\/uploads\/usu2163\/2023\/06\/IMG-4468-1.jpg\"><img loading=\"lazy\" decoding=\"async\" class=\"size-medium wp-image-3902 alignright\" src=\"https:\/\/agora.xtec.cat\/ies-castelldelquer-prats\/wp-content\/uploads\/usu2163\/2023\/06\/IMG-4468-1-225x300.jpg\" alt=\"\" width=\"225\" height=\"300\" srcset=\"https:\/\/agora.xtec.cat\/ies-castelldelquer-prats\/wp-content\/uploads\/usu2163\/2023\/06\/IMG-4468-1-225x300.jpg 225w, https:\/\/agora.xtec.cat\/ies-castelldelquer-prats\/wp-content\/uploads\/usu2163\/2023\/06\/IMG-4468-1.jpg 768w\" sizes=\"auto, (max-width: 225px) 100vw, 225px\" \/><\/a>A l&#8217;haver acabat el projecte SWI Micromon, un projecte realitzat durant tot el curs, la UAB ens va citar per assistir a l&#8217;acte de cloenda. Aprofitant l\u2019ocasi\u00f3, tamb\u00e9 ens van ensenyar totes les instal\u00b7lacions i laboratoris. A l&#8217;hora de l&#8217;acte ens vam trobar amb tots els altres centres que havien participat. All\u00e0 v\u00e0rem explicar la nostra experi\u00e8ncia en el projecte i vam escoltar els altres participants. Ara que ha acabat definitivament aquest projecte trobem que ha estat molt interessant i esperem que altres alumnes puguin gaudir de l\u2019oportunitat que nosaltres hem pogut disfrutar. Finalment, voldr\u00edem agrair sobretot al Roger Casanovas per tot el suport i per introduir-nos en el projecte, a la UAB per deixar-nos formar part d&#8217;aquest tot i les dificultats, i per concloure donar les gr\u00e0cies a l&#8217;AFA per l&#8217;ajuda financera.<\/p>\n<p>A continuaci\u00f3 us adjuntem l&#8217;enlla\u00e7 de la rella si esteu interessats en con\u00e8ixer el projecte del qual hem format part: <a href=\"https:\/\/larella.cat\/linstitut-castell-del-quer-participa-en-un-projecte-mundial-per-trobar-nous-antibiotics-a-partir-de-bacteris-del-sol\/\">Projecte SWI<\/a><\/p>\n<p><a href=\"https:\/\/agora.xtec.cat\/ies-castelldelquer-prats\/wp-content\/uploads\/usu2163\/2023\/06\/IMG_20230518_151812.jpg\"><img loading=\"lazy\" decoding=\"async\" class=\"alignleft size-medium wp-image-3903\" src=\"https:\/\/agora.xtec.cat\/ies-castelldelquer-prats\/wp-content\/uploads\/usu2163\/2023\/06\/IMG_20230518_151812-225x300.jpg\" alt=\"\" width=\"225\" height=\"300\" srcset=\"https:\/\/agora.xtec.cat\/ies-castelldelquer-prats\/wp-content\/uploads\/usu2163\/2023\/06\/IMG_20230518_151812-225x300.jpg 225w, https:\/\/agora.xtec.cat\/ies-castelldelquer-prats\/wp-content\/uploads\/usu2163\/2023\/06\/IMG_20230518_151812.jpg 768w\" sizes=\"auto, (max-width: 225px) 100vw, 225px\" \/><\/a><\/p>\n<p><a href=\"https:\/\/larella.cat\/linstitut-castell-del-quer-participa-en-un-projecte-mundial-per-trobar-nous-antibiotics-a-partir-de-bacteris-del-sol\/\" target=\"_blank\" rel=\"noopener\"><img loading=\"lazy\" decoding=\"async\" class=\"alignleft wp-image-3906 size-medium\" src=\"https:\/\/agora.xtec.cat\/ies-castelldelquer-prats\/wp-content\/uploads\/usu2163\/2023\/06\/la-rella--255x300.jpg\" alt=\"\" width=\"255\" height=\"300\" srcset=\"https:\/\/agora.xtec.cat\/ies-castelldelquer-prats\/wp-content\/uploads\/usu2163\/2023\/06\/la-rella--255x300.jpg 255w, https:\/\/agora.xtec.cat\/ies-castelldelquer-prats\/wp-content\/uploads\/usu2163\/2023\/06\/la-rella-.jpg 719w\" sizes=\"auto, (max-width: 255px) 100vw, 255px\" \/><\/a><\/p>\n","protected":false},"excerpt":{"rendered":"<p>Despr\u00e9s d\u2019un llarg proc\u00e9s cient\u00edfic els alumnes de 1r de Batxillerat han acabat el projecte SWI amb la presentaci\u00f3 a l\u2019UAB com a cloenda.<br \/>\nEl darrer dia 18 de maig, els estudiants de primer de batxillerat de l&#8217;\u00e0mbit cient\u00edfic van anar a la UAB (Universitat Aut\u00f2noma&hellip;  <a href=\"https:\/\/agora.xtec.cat\/ies-castelldelquer-prats\/batxillerat\/finalitza-el-projecte-swi-micromon-6-0\/\" title=\"Read Finalitza el projecte SWI Micromon 6.0\">Llegeix m\u00e9s\u00bb<\/a><\/p>\n","protected":false},"author":1,"featured_media":3903,"comment_status":"open","ping_status":"closed","sticky":false,"template":"","format":"standard","meta":{"_bbp_topic_count":0,"_bbp_reply_count":0,"_bbp_total_topic_count":0,"_bbp_total_reply_count":0,"_bbp_voice_count":0,"_bbp_anonymous_reply_count":0,"_bbp_topic_count_hidden":0,"_bbp_reply_count_hidden":0,"_bbp_forum_subforum_count":0,"footnotes":""},"categories":[126,8,29],"tags":[],"class_list":["post-3898","post","type-post","status-publish","format-standard","has-post-thumbnail","hentry","category-1r-bat","category-batxillerat","category-portada"],"post_mailing_queue_ids":[],"_links":{"self":[{"href":"https:\/\/agora.xtec.cat\/ies-castelldelquer-prats\/wp-json\/wp\/v2\/posts\/3898","targetHints":{"allow":["GET"]}}],"collection":[{"href":"https:\/\/agora.xtec.cat\/ies-castelldelquer-prats\/wp-json\/wp\/v2\/posts"}],"about":[{"href":"https:\/\/agora.xtec.cat\/ies-castelldelquer-prats\/wp-json\/wp\/v2\/types\/post"}],"author":[{"embeddable":true,"href":"https:\/\/agora.xtec.cat\/ies-castelldelquer-prats\/wp-json\/wp\/v2\/users\/1"}],"replies":[{"embeddable":true,"href":"https:\/\/agora.xtec.cat\/ies-castelldelquer-prats\/wp-json\/wp\/v2\/comments?post=3898"}],"version-history":[{"count":2,"href":"https:\/\/agora.xtec.cat\/ies-castelldelquer-prats\/wp-json\/wp\/v2\/posts\/3898\/revisions"}],"predecessor-version":[{"id":3907,"href":"https:\/\/agora.xtec.cat\/ies-castelldelquer-prats\/wp-json\/wp\/v2\/posts\/3898\/revisions\/3907"}],"wp:featuredmedia":[{"embeddable":true,"href":"https:\/\/agora.xtec.cat\/ies-castelldelquer-prats\/wp-json\/wp\/v2\/media\/3903"}],"wp:attachment":[{"href":"https:\/\/agora.xtec.cat\/ies-castelldelquer-prats\/wp-json\/wp\/v2\/media?parent=3898"}],"wp:term":[{"taxonomy":"category","embeddable":true,"href":"https:\/\/agora.xtec.cat\/ies-castelldelquer-prats\/wp-json\/wp\/v2\/categories?post=3898"},{"taxonomy":"post_tag","embeddable":true,"href":"https:\/\/agora.xtec.cat\/ies-castelldelquer-prats\/wp-json\/wp\/v2\/tags?post=3898"}],"curies":[{"name":"wp","href":"https:\/\/api.w.org\/{rel}","templated":true}]}}