{"id":3742,"date":"2023-04-21T10:20:28","date_gmt":"2023-04-21T08:20:28","guid":{"rendered":"https:\/\/agora.xtec.cat\/ies-castelldelquer-prats\/?p=3742"},"modified":"2024-10-28T09:27:39","modified_gmt":"2024-10-28T08:27:39","slug":"marc-beltra-bach-i-la-beca-marie-curie","status":"publish","type":"post","link":"https:\/\/agora.xtec.cat\/ies-castelldelquer-prats\/general\/marc-beltra-bach-i-la-beca-marie-curie\/","title":{"rendered":"SI PERSEGUEIXES EL TEU SOMNI HO ACONSEGUIR\u00c0S!"},"content":{"rendered":"<p><b>Marc Beltr\u00e0, exalumne de l&#8217;Institut Castell del Quer, obt\u00e9 una beca Marie Curie,\u00a0<\/b><b>una gran oportunitat en l&#8217;\u00e0mbit cient\u00edfic. <a href=\"https:\/\/drive.google.com\/file\/d\/1Gj_JHJWrZKoz9KrilPP7FpOWSgCzEHrG\/view?usp=sharing\">Llegir la not\u00edcia&#8230;.<\/a><\/b><\/p>\n<p><a href=\"https:\/\/drive.google.com\/file\/d\/1Gj_JHJWrZKoz9KrilPP7FpOWSgCzEHrG\/view\"><img loading=\"lazy\" decoding=\"async\" class=\"alignleft size-medium wp-image-3813\" src=\"https:\/\/agora.xtec.cat\/ies-castelldelquer-prats\/wp-content\/uploads\/usu2163\/2023\/03\/Sense-titol-1-270x300.jpg\" alt=\"\" width=\"270\" height=\"300\" \/><\/a><\/p>\n","protected":false},"excerpt":{"rendered":"<p>Marc Beltr\u00e0, exalumne de l&#8217;Institut Castell del Quer, obt\u00e9 una beca Marie Curie,\u00a0una gran oportunitat en l&#8217;\u00e0mbit cient\u00edfic. <a href=\"https:\/\/drive.google.com\/file\/d\/1Gj_JHJWrZKoz9KrilPP7FpOWSgCzEHrG\/view?usp=sharing\">Llegir la not\u00edcia&#8230;.<\/a><br \/>\n<a href=\"https:\/\/drive.google.com\/file\/d\/1Gj_JHJWrZKoz9KrilPP7FpOWSgCzEHrG\/view\"><\/a><\/p>\n","protected":false},"author":1,"featured_media":3813,"comment_status":"closed","ping_status":"closed","sticky":false,"template":"","format":"standard","meta":{"_bbp_topic_count":0,"_bbp_reply_count":0,"_bbp_total_topic_count":0,"_bbp_total_reply_count":0,"_bbp_voice_count":0,"_bbp_anonymous_reply_count":0,"_bbp_topic_count_hidden":0,"_bbp_reply_count_hidden":0,"_bbp_forum_subforum_count":0,"footnotes":""},"categories":[1,29,104],"tags":[],"class_list":["post-3742","post","type-post","status-publish","format-standard","has-post-thumbnail","hentry","category-general","category-portada","category-premis-i-reconeixements"],"post_mailing_queue_ids":[],"_links":{"self":[{"href":"https:\/\/agora.xtec.cat\/ies-castelldelquer-prats\/wp-json\/wp\/v2\/posts\/3742","targetHints":{"allow":["GET"]}}],"collection":[{"href":"https:\/\/agora.xtec.cat\/ies-castelldelquer-prats\/wp-json\/wp\/v2\/posts"}],"about":[{"href":"https:\/\/agora.xtec.cat\/ies-castelldelquer-prats\/wp-json\/wp\/v2\/types\/post"}],"author":[{"embeddable":true,"href":"https:\/\/agora.xtec.cat\/ies-castelldelquer-prats\/wp-json\/wp\/v2\/users\/1"}],"replies":[{"embeddable":true,"href":"https:\/\/agora.xtec.cat\/ies-castelldelquer-prats\/wp-json\/wp\/v2\/comments?post=3742"}],"version-history":[{"count":3,"href":"https:\/\/agora.xtec.cat\/ies-castelldelquer-prats\/wp-json\/wp\/v2\/posts\/3742\/revisions"}],"predecessor-version":[{"id":3814,"href":"https:\/\/agora.xtec.cat\/ies-castelldelquer-prats\/wp-json\/wp\/v2\/posts\/3742\/revisions\/3814"}],"wp:featuredmedia":[{"embeddable":true,"href":"https:\/\/agora.xtec.cat\/ies-castelldelquer-prats\/wp-json\/wp\/v2\/media\/3813"}],"wp:attachment":[{"href":"https:\/\/agora.xtec.cat\/ies-castelldelquer-prats\/wp-json\/wp\/v2\/media?parent=3742"}],"wp:term":[{"taxonomy":"category","embeddable":true,"href":"https:\/\/agora.xtec.cat\/ies-castelldelquer-prats\/wp-json\/wp\/v2\/categories?post=3742"},{"taxonomy":"post_tag","embeddable":true,"href":"https:\/\/agora.xtec.cat\/ies-castelldelquer-prats\/wp-json\/wp\/v2\/tags?post=3742"}],"curies":[{"name":"wp","href":"https:\/\/api.w.org\/{rel}","templated":true}]}}