{"id":3621,"date":"2023-02-28T08:43:08","date_gmt":"2023-02-28T07:43:08","guid":{"rendered":"https:\/\/agora.xtec.cat\/ies-castelldelquer-prats\/?p=3621"},"modified":"2023-02-28T08:43:08","modified_gmt":"2023-02-28T07:43:08","slug":"no-som-conscients-del-sucre-que-consumim-en-un-dia","status":"publish","type":"post","link":"https:\/\/agora.xtec.cat\/ies-castelldelquer-prats\/general\/no-som-conscients-del-sucre-que-consumim-en-un-dia\/","title":{"rendered":"No som conscients del sucre que consumim en un dia"},"content":{"rendered":"<h5><i><span style=\"font-weight: 400;\">L\u2019alumnat de 2n d\u2019Eso ha pogut veure la quantitat de sucre que consumim dia a dia.<\/span><\/i><\/h5>\n<p><span style=\"color: #000080;\"><b>Autors:\u00a0 Pol Crusellas, D\u00fania Farr\u00e9, Hug Peraire, Pon\u00e7 Pujals, Isa\u00ed Torres i N\u00faria Vidal<\/b><\/span><\/p>\n<p><span style=\"font-weight: 400;\"><a href=\"https:\/\/agora.xtec.cat\/ies-castelldelquer-prats\/wp-content\/uploads\/usu2163\/2023\/02\/begudes.jpg\"><img loading=\"lazy\" decoding=\"async\" class=\"alignleft size-medium wp-image-3622\" src=\"https:\/\/agora.xtec.cat\/ies-castelldelquer-prats\/wp-content\/uploads\/usu2163\/2023\/02\/begudes-300x225.jpg\" alt=\"\" width=\"300\" height=\"225\" srcset=\"https:\/\/agora.xtec.cat\/ies-castelldelquer-prats\/wp-content\/uploads\/usu2163\/2023\/02\/begudes-300x225.jpg 300w, https:\/\/agora.xtec.cat\/ies-castelldelquer-prats\/wp-content\/uploads\/usu2163\/2023\/02\/begudes-200x150.jpg 200w, https:\/\/agora.xtec.cat\/ies-castelldelquer-prats\/wp-content\/uploads\/usu2163\/2023\/02\/begudes.jpg 591w\" sizes=\"auto, (max-width: 300px) 100vw, 300px\" \/><\/a>El passat dimecres 9 de febrer, els i les alumnes de 2n d\u2019ESO van poder participar en una xerrada sobre les begudes energ\u00e8tiques. L\u2019Anton els va informar de les diferents begudes i si contenen sucre i\/o cafe\u00efna i quins efectes podia tenir.<\/span><\/p>\n<p><span style=\"font-weight: 400;\">El profesional els va mostrar les quantitats recomanades de sucre di\u00e0ries\u00a0 i que pot ser un vici perjudicial i, a m\u00e9s, els alumnes i les alumnes van poder fer una activitat per adonar-se de les quantitats de sucre i cafe\u00edna que contenen algunes begudes energ\u00e8tiques. Per altra banda, el ponent els va recomanar no consumir begudes energ\u00e8tiques abans i despr\u00e9s de fer esport, perqu\u00e8 no et donen energia, sin\u00f3 que te la gasten m\u00e9s r\u00e0pid i est\u00e0s m\u00e9s nervi\u00f3s.<\/span><\/p>\n<p><span style=\"font-weight: 400;\">Les noies i els nois de 2n\u00a0 van valorar la xerrada positivament ja que els va resultat \u00fatil i interessant.<\/span><\/p>\n<p><span style=\"font-weight: 400;\">Diferents alumnes opinen sobre l\u2019activitat:<\/span><\/p>\n<p><b>Us va agradar la xerrada?<\/b><\/p>\n<p><span style=\"font-weight: 400;\">\u2192\u00a0 S\u00ed, em va agradar. La trobo interessant i ens hem adonat del que bevem.<\/span><\/p>\n<p><span style=\"font-weight: 400;\">\u2192 S\u00ed, el que m\u00e9s em va agradar va ser mirar les quantitats de sucre i cafe\u00efna de les begudes.<\/span><\/p>\n<p><span style=\"font-weight: 400;\">\u2192 S\u00ed, em va agradar.<\/span><\/p>\n<p><b>Qu\u00e8 en penseu de les begudes energ\u00e8tiques?<\/b><\/p>\n<p><span style=\"font-weight: 400;\">\u2192 Si te&#8217;n prens una de tant en tant est\u00e0 b\u00e9. Per\u00f2 si te la prens cada dia pots desenvolupar malalties.<\/span><\/p>\n<p><span style=\"font-weight: 400;\">\u2192 Abans pensava que eren bones i que et donen energia i ara ja s\u00e9 que no et donen energ\u00eda, sin\u00f3 que t\u00e9 la gasten m\u00e9s r\u00e0pid i est\u00e0s m\u00e9s nervios.\u00a0<\/span><\/p>\n<p><span style=\"font-weight: 400;\">\u2192Si en prenem en molta quantitat ens poden portar malalties molt grans com per exemple la diabetis.<\/span><\/p>\n<p><b>Tornaries a repetir l\u2019activitat\u00a0 l\u2019any que ve?<\/b><\/p>\n<p><span style=\"font-weight: 400;\">\u2192 S\u00ed, la tornaria a repetir pel curs que ve. Aix\u00ed els nous alumnes de 2n tamb\u00e9 en seran conscients.<\/span><\/p>\n<p><span style=\"font-weight: 400;\">\u2192 S\u00ed, perqu\u00e8 \u00e9s interessant saber-ho<\/span><\/p>\n<p><span style=\"font-weight: 400;\">\u2192 S\u00ed que ho tornaria a repetir perqu\u00e8 aix\u00ed tenim m\u00e9s informaci\u00f3 sobre les begudes energ\u00e8tiques.<\/span><\/p>\n","protected":false},"excerpt":{"rendered":"<p>L\u2019alumnat de 2n d\u2019Eso ha pogut veure la quantitat de sucre que consumim dia a dia. Autors:\u00a0 Pol Crusellas, D\u00fania Farr\u00e9, Hug Peraire, Pon\u00e7 Pujals, Isa\u00ed Torres i N\u00faria Vidal El passat dimecres 9 de febrer, els i les alumnes de 2n d\u2019ESO van poder participar en una xerrada sobre les begudes energ\u00e8tiques. L\u2019Anton els [&hellip;]<\/p>\n","protected":false},"author":1,"featured_media":3622,"comment_status":"open","ping_status":"closed","sticky":false,"template":"","format":"standard","meta":{"_bbp_topic_count":0,"_bbp_reply_count":0,"_bbp_total_topic_count":0,"_bbp_total_reply_count":0,"_bbp_voice_count":0,"_bbp_anonymous_reply_count":0,"_bbp_topic_count_hidden":0,"_bbp_reply_count_hidden":0,"_bbp_forum_subforum_count":0,"site-sidebar-layout":"default","site-content-layout":"","ast-site-content-layout":"","site-content-style":"default","site-sidebar-style":"default","ast-global-header-display":"","ast-banner-title-visibility":"","ast-main-header-display":"","ast-hfb-above-header-display":"","ast-hfb-below-header-display":"","ast-hfb-mobile-header-display":"","site-post-title":"","ast-breadcrumbs-content":"","ast-featured-img":"","footer-sml-layout":"","theme-transparent-header-meta":"","adv-header-id-meta":"","stick-header-meta":"","header-above-stick-meta":"","header-main-stick-meta":"","header-below-stick-meta":"","astra-migrate-meta-layouts":"default","ast-page-background-enabled":"default","ast-page-background-meta":{"desktop":{"background-color":"var(--ast-global-color-4)","background-image":"","background-repeat":"repeat","background-position":"center center","background-size":"auto","background-attachment":"scroll","background-type":"","background-media":"","overlay-type":"","overlay-color":"","overlay-opacity":"","overlay-gradient":""},"tablet":{"background-color":"","background-image":"","background-repeat":"repeat","background-position":"center center","background-size":"auto","background-attachment":"scroll","background-type":"","background-media":"","overlay-type":"","overlay-color":"","overlay-opacity":"","overlay-gradient":""},"mobile":{"background-color":"","background-image":"","background-repeat":"repeat","background-position":"center center","background-size":"auto","background-attachment":"scroll","background-type":"","background-media":"","overlay-type":"","overlay-color":"","overlay-opacity":"","overlay-gradient":""}},"ast-content-background-meta":{"desktop":{"background-color":"var(--ast-global-color-5)","background-image":"","background-repeat":"repeat","background-position":"center center","background-size":"auto","background-attachment":"scroll","background-type":"","background-media":"","overlay-type":"","overlay-color":"","overlay-opacity":"","overlay-gradient":""},"tablet":{"background-color":"var(--ast-global-color-5)","background-image":"","background-repeat":"repeat","background-position":"center center","background-size":"auto","background-attachment":"scroll","background-type":"","background-media":"","overlay-type":"","overlay-color":"","overlay-opacity":"","overlay-gradient":""},"mobile":{"background-color":"var(--ast-global-color-5)","background-image":"","background-repeat":"repeat","background-position":"center center","background-size":"auto","background-attachment":"scroll","background-type":"","background-media":"","overlay-type":"","overlay-color":"","overlay-opacity":"","overlay-gradient":""}},"footnotes":""},"categories":[5,1,29],"tags":[],"class_list":["post-3621","post","type-post","status-publish","format-standard","has-post-thumbnail","hentry","category-eso-2","category-general","category-portada"],"post_mailing_queue_ids":[],"_links":{"self":[{"href":"https:\/\/agora.xtec.cat\/ies-castelldelquer-prats\/wp-json\/wp\/v2\/posts\/3621","targetHints":{"allow":["GET"]}}],"collection":[{"href":"https:\/\/agora.xtec.cat\/ies-castelldelquer-prats\/wp-json\/wp\/v2\/posts"}],"about":[{"href":"https:\/\/agora.xtec.cat\/ies-castelldelquer-prats\/wp-json\/wp\/v2\/types\/post"}],"author":[{"embeddable":true,"href":"https:\/\/agora.xtec.cat\/ies-castelldelquer-prats\/wp-json\/wp\/v2\/users\/1"}],"replies":[{"embeddable":true,"href":"https:\/\/agora.xtec.cat\/ies-castelldelquer-prats\/wp-json\/wp\/v2\/comments?post=3621"}],"version-history":[{"count":1,"href":"https:\/\/agora.xtec.cat\/ies-castelldelquer-prats\/wp-json\/wp\/v2\/posts\/3621\/revisions"}],"predecessor-version":[{"id":3623,"href":"https:\/\/agora.xtec.cat\/ies-castelldelquer-prats\/wp-json\/wp\/v2\/posts\/3621\/revisions\/3623"}],"wp:featuredmedia":[{"embeddable":true,"href":"https:\/\/agora.xtec.cat\/ies-castelldelquer-prats\/wp-json\/wp\/v2\/media\/3622"}],"wp:attachment":[{"href":"https:\/\/agora.xtec.cat\/ies-castelldelquer-prats\/wp-json\/wp\/v2\/media?parent=3621"}],"wp:term":[{"taxonomy":"category","embeddable":true,"href":"https:\/\/agora.xtec.cat\/ies-castelldelquer-prats\/wp-json\/wp\/v2\/categories?post=3621"},{"taxonomy":"post_tag","embeddable":true,"href":"https:\/\/agora.xtec.cat\/ies-castelldelquer-prats\/wp-json\/wp\/v2\/tags?post=3621"}],"curies":[{"name":"wp","href":"https:\/\/api.w.org\/{rel}","templated":true}]}}