{"id":3586,"date":"2023-01-30T08:18:49","date_gmt":"2023-01-30T07:18:49","guid":{"rendered":"https:\/\/agora.xtec.cat\/ies-castelldelquer-prats\/?p=3586"},"modified":"2023-03-06T11:23:36","modified_gmt":"2023-03-06T10:23:36","slug":"dia-escolar-de-la-no-violencia-i-la-pau","status":"publish","type":"post","link":"https:\/\/agora.xtec.cat\/ies-castelldelquer-prats\/general\/dia-escolar-de-la-no-violencia-i-la-pau\/","title":{"rendered":"Dia escolar de la no-viol\u00e8ncia i la pau"},"content":{"rendered":"<h3>1r ESO<\/h3>\n<p><b><a href=\"https:\/\/agora.xtec.cat\/ies-castelldelquer-prats\/wp-content\/uploads\/usu2163\/2023\/01\/Sense-titol.jpg\"><img loading=\"lazy\" decoding=\"async\" class=\"alignleft size-medium wp-image-3658\" src=\"https:\/\/agora.xtec.cat\/ies-castelldelquer-prats\/wp-content\/uploads\/usu2163\/2023\/01\/Sense-titol-300x170.jpg\" alt=\"\" width=\"300\" height=\"170\" srcset=\"https:\/\/agora.xtec.cat\/ies-castelldelquer-prats\/wp-content\/uploads\/usu2163\/2023\/01\/Sense-titol-300x170.jpg 300w, https:\/\/agora.xtec.cat\/ies-castelldelquer-prats\/wp-content\/uploads\/usu2163\/2023\/01\/Sense-titol-768x436.jpg 768w, https:\/\/agora.xtec.cat\/ies-castelldelquer-prats\/wp-content\/uploads\/usu2163\/2023\/01\/Sense-titol.jpg 814w\" sizes=\"auto, (max-width: 300px) 100vw, 300px\" \/><\/a>Els i les alumnes de 1r d\u2019ESO van anar a l\u2019Espai a presenciar la xerrada dels Pallassos Sense Fronteres.<\/b><\/p>\n<p><span style=\"font-weight: 400;\">El dia 30 de gener els i les alumnes de 1r d\u2019ESO van assistir a una xerrada de Pallassos Sense Fronteres. Un voluntari de l&#8217;associaci\u00f3 va dirigir la xerrada que es va realitzar a l\u2019Espai.\u00a0<\/span><\/p>\n<p><span style=\"font-weight: 400;\">Els va explicar les tasques que han realitzat i que actualment segueixen fent. Aquestes s\u00f3n: viatges a l&#8217;\u00c0frica, S\u00edria, Cro\u00e0cia\u2026 Una de les activitats que realitzen consisteix a anar als camps de refugiats a animar als infants cantant can\u00e7ons i fent espectacles.\u00a0<\/span><\/p>\n<p><span style=\"font-weight: 400;\">Durant la xerrada els va fer una petita representaci\u00f3 i els va fer cantar una can\u00e7\u00f3.<\/span><\/p>\n<h3><\/h3>\n<h3>2n ESO<\/h3>\n<p><a href=\"https:\/\/agora.xtec.cat\/ies-castelldelquer-prats\/wp-content\/uploads\/usu2163\/2023\/02\/IMG_5926.jpg\"><img loading=\"lazy\" decoding=\"async\" class=\"alignleft size-medium wp-image-3587\" src=\"https:\/\/agora.xtec.cat\/ies-castelldelquer-prats\/wp-content\/uploads\/usu2163\/2023\/02\/IMG_5926-300x225.jpg\" alt=\"\" width=\"300\" height=\"225\" srcset=\"https:\/\/agora.xtec.cat\/ies-castelldelquer-prats\/wp-content\/uploads\/usu2163\/2023\/02\/IMG_5926-300x225.jpg 300w, https:\/\/agora.xtec.cat\/ies-castelldelquer-prats\/wp-content\/uploads\/usu2163\/2023\/02\/IMG_5926-768x576.jpg 768w, https:\/\/agora.xtec.cat\/ies-castelldelquer-prats\/wp-content\/uploads\/usu2163\/2023\/02\/IMG_5926-200x150.jpg 200w, https:\/\/agora.xtec.cat\/ies-castelldelquer-prats\/wp-content\/uploads\/usu2163\/2023\/02\/IMG_5926.jpg 1024w\" sizes=\"auto, (max-width: 300px) 100vw, 300px\" \/><\/a><br \/>\n<b>ELS I LES ALUMNES PARLEN SOBRE LA PAU<\/b><\/p>\n<p><i><span style=\"font-weight: 400;\">L\u2019alumnat de 2n d\u2019Eso apr\u00e8n sobre la polaritzaci\u00f3 t\u00f2xica i la pau en una xerrada.<\/span><\/i><\/p>\n<p><b>Pol Crusellas, D\u00fania Farr\u00e9, Hug Peraire, Pon\u00e7 Pujals, Isa\u00ed Torres i N\u00faria Vidal<\/b><\/p>\n<p>&nbsp;<\/p>\n<p><span style=\"font-weight: 400;\">El passat dilluns 30 de gener, els i les alumnes<\/span><span style=\"font-weight: 400;\"> de 2n d\u2019ESO van realitzar un taller per commemorar el DENIP (Dia Escolar de la No-viol\u00e8ncia i la Pau).<\/span><\/p>\n<p><span style=\"font-weight: 400;\">El taller tractava sobre la polaritzaci\u00f3 t\u00f2xica i el va realitzar en Pablo, de l\u2019Institut Catal\u00e0 Internacional de la Pau.<\/span><\/p>\n<p><span style=\"font-weight: 400;\">Primer van fer un kahoot per introduir el tema. Seguidament van fer una activitat din\u00e0mica per debatre els diferents temes sobre la polaritzaci\u00f3. L\u2019activitat consistia en que els deien una frase i havies de dir si hi estaven d\u2019acord o no, argumentant la seva resposta i debatent sobre el tema. Finalment van visualitzar un audiovisual resumint la polaritzaci\u00f3 t\u00f2xica.<\/span><\/p>\n<p><span style=\"font-weight: 400;\">Els alumnes valoren la xerrada positivament. Creuen que \u00e9s un tema important per a saber i tenir-ne conciencia. Tamb\u00e9 s\u00f3n situacions que et pots trobar en el teu dia a dia.<\/span><\/p>\n<h3>3r ESO<\/h3>\n<p><a href=\"https:\/\/agora.xtec.cat\/ies-castelldelquer-prats\/wp-content\/uploads\/usu2163\/2023\/02\/3r.jpg\"><img loading=\"lazy\" decoding=\"async\" class=\"alignleft size-medium wp-image-3591\" src=\"https:\/\/agora.xtec.cat\/ies-castelldelquer-prats\/wp-content\/uploads\/usu2163\/2023\/02\/3r-300x300.jpg\" alt=\"\" width=\"300\" height=\"300\" srcset=\"https:\/\/agora.xtec.cat\/ies-castelldelquer-prats\/wp-content\/uploads\/usu2163\/2023\/02\/3r-300x300.jpg 300w, https:\/\/agora.xtec.cat\/ies-castelldelquer-prats\/wp-content\/uploads\/usu2163\/2023\/02\/3r-150x150.jpg 150w, https:\/\/agora.xtec.cat\/ies-castelldelquer-prats\/wp-content\/uploads\/usu2163\/2023\/02\/3r.jpg 720w\" sizes=\"auto, (max-width: 300px) 100vw, 300px\" \/><\/a><\/p>\n<p><b>COOPERACI\u00d3 OSONA S\u00c0HARA, UNA ENTITAT D\u2019AJUDA HUMANIT\u00c0RIA AL CONFLICTE SAHARAUI<\/b><\/p>\n<p><b>En Llu\u00eds i la Neus expliquen l\u2019estat actual del S\u00e0hara i els saharauis<\/b><a href=\"https:\/\/agora.xtec.cat\/ies-castelldelquer-prats\/wp-content\/uploads\/usu2163\/2023\/02\/3r.jpg\"><br \/>\n<\/a><\/p>\n<p><span style=\"font-weight: 400;\">X\u00e8nia Ball\u00fas, Judit Casals i Ivet Fust\u00e9\u00a0<\/span><\/p>\n<p><span style=\"font-weight: 400;\">El dia 30 de gener, dia Internacional Escolar de la No Viol\u00e8ncia i la Pau\u2019, l&#8217;alumnat de tercer d\u2019ESO va assistir a la xerrada sobre el conflicte saharaui dut a terme per l\u2019entitat Cooperaci\u00f3 Osona S\u00e0hara amb els conferenciants Llu\u00eds i Neus.\u00a0\u00a0<\/span><a href=\"https:\/\/agora.xtec.cat\/ies-castelldelquer-prats\/wp-content\/uploads\/usu2163\/2023\/02\/3r.jpg\"><br \/>\n<\/a><\/p>\n<p><span style=\"font-weight: 400;\">En aquesta xerrada els van explicar el conflicte que hi va haver fa molts anys al S\u00e0hara Occidental i com est\u00e0 actualment. Tot i que no se&#8217;n parla, en aquelles zones encara hi ha guerra pero des de aquesta cooperativa posen el seu gra de sorra.\u00a0<\/span><a href=\"https:\/\/agora.xtec.cat\/ies-castelldelquer-prats\/wp-content\/uploads\/usu2163\/2023\/02\/3r.jpg\"><br \/>\n<\/a><\/p>\n<p><span style=\"font-weight: 400;\">Un dels projectes de la cooperativa es acollir durant un estiu un infant saharaui. Aquests infants segueixen el ritme de vida dels seus pares d\u2019acollida i tenen tractaments oculars, odontol\u00f2gics i sanitaris. Els compren roba, sabates, van a casals i fan molts amics.\u00a0<\/span><a href=\"https:\/\/agora.xtec.cat\/ies-castelldelquer-prats\/wp-content\/uploads\/usu2163\/2023\/02\/3r.jpg\"><br \/>\n<\/a><\/p>\n<p><span style=\"font-weight: 400;\">A causa de la Covid es van aturar molts projectes pero afortunadament s\u2019ha redu\u00eft la Covid i s\u2019ha pogut seguir tirant endavant projectes que havien quedat estancats.<\/span><\/p>\n<h3>4t ESO<\/h3>\n<p><b><a href=\"https:\/\/agora.xtec.cat\/ies-castelldelquer-prats\/wp-content\/uploads\/usu2163\/2023\/01\/Sense-titol-1.jpg\"><img loading=\"lazy\" decoding=\"async\" class=\"alignleft size-medium wp-image-3661\" src=\"https:\/\/agora.xtec.cat\/ies-castelldelquer-prats\/wp-content\/uploads\/usu2163\/2023\/01\/Sense-titol-1-298x300.jpg\" alt=\"\" width=\"298\" height=\"300\" srcset=\"https:\/\/agora.xtec.cat\/ies-castelldelquer-prats\/wp-content\/uploads\/usu2163\/2023\/01\/Sense-titol-1-298x300.jpg 298w, https:\/\/agora.xtec.cat\/ies-castelldelquer-prats\/wp-content\/uploads\/usu2163\/2023\/01\/Sense-titol-1-150x150.jpg 150w, https:\/\/agora.xtec.cat\/ies-castelldelquer-prats\/wp-content\/uploads\/usu2163\/2023\/01\/Sense-titol-1.jpg 743w\" sizes=\"auto, (max-width: 298px) 100vw, 298px\" \/><\/a>LA MATERNITAT D&#8217;ELNA<\/b><\/p>\n<p><span style=\"font-weight: 400;\">El dia 24\/1\/2023 els alumnes de 4t d&#8217;ESO vam anar a fer la xerrada de la maternitat d&#8217;Elna amb l&#8217;Assumpte Montell\u00e0 i Carlos, aquesta xerrada ens va servir per entendre m\u00e9s els avantpassats i com tot ha canviat fins ara en l&#8217;actualitat.<\/span><\/p>\n<p><span style=\"font-weight: 400;\">Tots els alumnes ens vam posar a la pell de la dona, ja que ens va explicar unes experi\u00e8ncies bastant dures que van passar la gent d&#8217;aquella \u00e8poca.<\/span><\/p>\n<p><span style=\"font-weight: 400;\">Va ser una xerrada molt emotiva i que valia molt la pena, pel fet que ens va fer despertar diversos sentiments.<\/span><\/p>\n<p><span style=\"font-weight: 400;\">Volem agrair a l&#8217;Assumpte per tot el temps que ha invertit buscant informaci\u00f3 i demanant a la gent perqu\u00e8 els hi expliquin les seves hist\u00f2ries per a despr\u00e9s ella crear-ne una.<\/span><\/p>\n<p><span style=\"font-weight: 400;\">Seguidament, hem creat un v\u00eddeo amb diferents entrevistes de diversos estudiants que van assistir en aquesta xerrada.<\/span><\/p>\n<p>&nbsp;<\/p>\n","protected":false},"excerpt":{"rendered":"<p>1r ESO<br \/>\n<a href=\"https:\/\/agora.xtec.cat\/ies-castelldelquer-prats\/wp-content\/uploads\/usu2163\/2023\/01\/Sense-titol.jpg\"><\/a>Els i les alumnes de 1r d\u2019ESO van anar a l\u2019Espai a presenciar la xerrada dels Pallassos Sense Fronteres.<br \/>\nEl dia 30 de gener els i les alumnes de 1r d\u2019ESO van assistir a una xerrada de Pallassos Sense Fronteres. Un voluntari de l&#8217;associaci\u00f3&hellip;  <a href=\"https:\/\/agora.xtec.cat\/ies-castelldelquer-prats\/general\/dia-escolar-de-la-no-violencia-i-la-pau\/\" title=\"Read Dia escolar de la no-viol\u00e8ncia i la pau\">Llegeix m\u00e9s\u00bb<\/a><\/p>\n","protected":false},"author":1,"featured_media":0,"comment_status":"open","ping_status":"closed","sticky":false,"template":"","format":"standard","meta":{"_bbp_topic_count":0,"_bbp_reply_count":0,"_bbp_total_topic_count":0,"_bbp_total_reply_count":0,"_bbp_voice_count":0,"_bbp_anonymous_reply_count":0,"_bbp_topic_count_hidden":0,"_bbp_reply_count_hidden":0,"_bbp_forum_subforum_count":0,"footnotes":""},"categories":[6,7,1,29],"tags":[],"class_list":["post-3586","post","type-post","status-publish","format-standard","hentry","category-eso-3","category-eso-4","category-general","category-portada"],"post_mailing_queue_ids":[],"_links":{"self":[{"href":"https:\/\/agora.xtec.cat\/ies-castelldelquer-prats\/wp-json\/wp\/v2\/posts\/3586","targetHints":{"allow":["GET"]}}],"collection":[{"href":"https:\/\/agora.xtec.cat\/ies-castelldelquer-prats\/wp-json\/wp\/v2\/posts"}],"about":[{"href":"https:\/\/agora.xtec.cat\/ies-castelldelquer-prats\/wp-json\/wp\/v2\/types\/post"}],"author":[{"embeddable":true,"href":"https:\/\/agora.xtec.cat\/ies-castelldelquer-prats\/wp-json\/wp\/v2\/users\/1"}],"replies":[{"embeddable":true,"href":"https:\/\/agora.xtec.cat\/ies-castelldelquer-prats\/wp-json\/wp\/v2\/comments?post=3586"}],"version-history":[{"count":3,"href":"https:\/\/agora.xtec.cat\/ies-castelldelquer-prats\/wp-json\/wp\/v2\/posts\/3586\/revisions"}],"predecessor-version":[{"id":3662,"href":"https:\/\/agora.xtec.cat\/ies-castelldelquer-prats\/wp-json\/wp\/v2\/posts\/3586\/revisions\/3662"}],"wp:attachment":[{"href":"https:\/\/agora.xtec.cat\/ies-castelldelquer-prats\/wp-json\/wp\/v2\/media?parent=3586"}],"wp:term":[{"taxonomy":"category","embeddable":true,"href":"https:\/\/agora.xtec.cat\/ies-castelldelquer-prats\/wp-json\/wp\/v2\/categories?post=3586"},{"taxonomy":"post_tag","embeddable":true,"href":"https:\/\/agora.xtec.cat\/ies-castelldelquer-prats\/wp-json\/wp\/v2\/tags?post=3586"}],"curies":[{"name":"wp","href":"https:\/\/api.w.org\/{rel}","templated":true}]}}