{"id":3460,"date":"2022-11-20T10:09:00","date_gmt":"2022-11-20T09:09:00","guid":{"rendered":"https:\/\/agora.xtec.cat\/ies-castelldelquer-prats\/?p=3460"},"modified":"2023-01-15T13:17:49","modified_gmt":"2023-01-15T12:17:49","slug":"els-aparells-reproductors-i-la-menstruacio","status":"publish","type":"post","link":"https:\/\/agora.xtec.cat\/ies-castelldelquer-prats\/general\/els-aparells-reproductors-i-la-menstruacio\/","title":{"rendered":"Els aparells reproductors i la menstruaci\u00f3"},"content":{"rendered":"<h3><b>L\u2019Anna i la Irene expliquen a 1r d\u2019ESO la higiene, la menstruaci\u00f3 i els aparells reproductors.<\/b><\/h3>\n<h6><b>Autors:\u00a0 X\u00e8nia\u00a0Ball\u00fas, Judit Casals, Ivet Fust\u00e9, Aina Bruch, Bernat Cirera, Jordi P\u00e9rez, Nora Plans, Maria Rocadembosch i Biel Solanich<\/b><\/h6>\n<p style=\"font-family: 'Helvetica Neue', Helvetica, Helvetica, Arial, sans-serif; font-size: 16px;\"><b><span style=\"color: #2795b6;\"><a style=\"color: #2795b6;\" href=\"https:\/\/agora.xtec.cat\/ies-castelldelquer-prats\/wp-content\/uploads\/usu2163\/2022\/11\/fotosxerradaregla1rC-1.jpeg\"><img loading=\"lazy\" decoding=\"async\" class=\"wp-image-3462 size-large alignright\" src=\"https:\/\/agora.xtec.cat\/ies-castelldelquer-prats\/wp-content\/uploads\/usu2163\/2022\/11\/fotosxerradaregla1rC-1-1024x768.jpeg\" alt=\"\" width=\"1024\" height=\"768\" srcset=\"https:\/\/agora.xtec.cat\/ies-castelldelquer-prats\/wp-content\/uploads\/usu2163\/2022\/11\/fotosxerradaregla1rC-1-1024x768.jpeg 1024w, https:\/\/agora.xtec.cat\/ies-castelldelquer-prats\/wp-content\/uploads\/usu2163\/2022\/11\/fotosxerradaregla1rC-1-300x225.jpeg 300w, https:\/\/agora.xtec.cat\/ies-castelldelquer-prats\/wp-content\/uploads\/usu2163\/2022\/11\/fotosxerradaregla1rC-1-768x576.jpeg 768w, https:\/\/agora.xtec.cat\/ies-castelldelquer-prats\/wp-content\/uploads\/usu2163\/2022\/11\/fotosxerradaregla1rC-1-1536x1152.jpeg 1536w, https:\/\/agora.xtec.cat\/ies-castelldelquer-prats\/wp-content\/uploads\/usu2163\/2022\/11\/fotosxerradaregla1rC-1-200x150.jpeg 200w, https:\/\/agora.xtec.cat\/ies-castelldelquer-prats\/wp-content\/uploads\/usu2163\/2022\/11\/fotosxerradaregla1rC-1.jpeg 1672w\" sizes=\"auto, (max-width: 1024px) 100vw, 1024px\" \/><\/a><\/span><\/b><\/p>\n<p><span style=\"font-weight: 400;\">El passat dimecres, les i els alumnes de 1r d\u2019ESO van participar en una xerrada titulada \u201cLa menstruaci\u00f3 i la reproducci\u00f3 humana\u201d. l\u2019activitat va estar dirigida per l\u2019Anna Cantero, una metgessa de salut i escola, i la Irene Lara, una psic\u00f2loga del CAP de Prats.<\/span><\/p>\n<p><span style=\"font-weight: 400;\">Van explicar qu\u00e8 \u00e9s la menstruaci\u00f3 i els aparells reproductors. La regla \u00e9s un fenomen f\u00edsic que tenen les dones de la pubertat fins a la menopausia. Tamb\u00e9 els\u00a0 van ensenyar les eines necess\u00e0ries per tenir una bona higiene quan tenim la menstruaci\u00f3, com per exemple compreses, tampons, la copa menstrual, cal\u00e7a menstrual etc.\u00a0 Els van explicar que les dones comencen a cr\u00e9ixer des dels 9-12 fins als 16-17 i els nois 12 fins als 16.<\/span><\/p>\n<p><span style=\"font-weight: 400;\">En l\u2019apartat dels nois els van explicar com tenir una bona higiene de la seva part \u00edntima.\u00a0<\/span><\/p>\n<p><span style=\"font-weight: 400;\">La xerrada els va semblar molt necess\u00e0ria, informativa i divertida, encara que una mica inc\u00f2moda i molts no estan acostumats a parlar d\u2019aquest temes. Per aquesta ra\u00f3, \u00e9s necessari fer xerrades que ajudin a normalitzar els temes<\/span><\/p>\n","protected":false},"excerpt":{"rendered":"<p>L\u2019Anna i la Irene expliquen a 1r d\u2019ESO la higiene, la menstruaci\u00f3 i els aparells reproductors.<br \/>\nAutors:\u00a0 X\u00e8nia\u00a0Ball\u00fas, Judit Casals, Ivet Fust\u00e9, Aina Bruch, Bernat Cirera, Jordi P\u00e9rez, Nora Plans, Maria Rocadembosch i Biel Solanich<br \/>\n<a style=\"color: #2795b6;\" href=\"https:\/\/agora.xtec.cat\/ies-castelldelquer-prats\/wp-content\/uploads\/usu2163\/2022\/11\/fotosxerradaregla1rC-1.jpeg\"><\/a><br \/>\nEl passat dimecres, les i els alumnes de 1r&hellip;  <a href=\"https:\/\/agora.xtec.cat\/ies-castelldelquer-prats\/general\/els-aparells-reproductors-i-la-menstruacio\/\" title=\"Read Els aparells reproductors i la menstruaci\u00f3\">Llegeix m\u00e9s\u00bb<\/a><\/p>\n","protected":false},"author":1,"featured_media":3462,"comment_status":"open","ping_status":"closed","sticky":false,"template":"","format":"standard","meta":{"_bbp_topic_count":0,"_bbp_reply_count":0,"_bbp_total_topic_count":0,"_bbp_total_reply_count":0,"_bbp_voice_count":0,"_bbp_anonymous_reply_count":0,"_bbp_topic_count_hidden":0,"_bbp_reply_count_hidden":0,"_bbp_forum_subforum_count":0,"footnotes":""},"categories":[4,1,29],"tags":[],"class_list":["post-3460","post","type-post","status-publish","format-standard","has-post-thumbnail","hentry","category-eso-1","category-general","category-portada"],"post_mailing_queue_ids":[],"_links":{"self":[{"href":"https:\/\/agora.xtec.cat\/ies-castelldelquer-prats\/wp-json\/wp\/v2\/posts\/3460","targetHints":{"allow":["GET"]}}],"collection":[{"href":"https:\/\/agora.xtec.cat\/ies-castelldelquer-prats\/wp-json\/wp\/v2\/posts"}],"about":[{"href":"https:\/\/agora.xtec.cat\/ies-castelldelquer-prats\/wp-json\/wp\/v2\/types\/post"}],"author":[{"embeddable":true,"href":"https:\/\/agora.xtec.cat\/ies-castelldelquer-prats\/wp-json\/wp\/v2\/users\/1"}],"replies":[{"embeddable":true,"href":"https:\/\/agora.xtec.cat\/ies-castelldelquer-prats\/wp-json\/wp\/v2\/comments?post=3460"}],"version-history":[{"count":2,"href":"https:\/\/agora.xtec.cat\/ies-castelldelquer-prats\/wp-json\/wp\/v2\/posts\/3460\/revisions"}],"predecessor-version":[{"id":3463,"href":"https:\/\/agora.xtec.cat\/ies-castelldelquer-prats\/wp-json\/wp\/v2\/posts\/3460\/revisions\/3463"}],"wp:featuredmedia":[{"embeddable":true,"href":"https:\/\/agora.xtec.cat\/ies-castelldelquer-prats\/wp-json\/wp\/v2\/media\/3462"}],"wp:attachment":[{"href":"https:\/\/agora.xtec.cat\/ies-castelldelquer-prats\/wp-json\/wp\/v2\/media?parent=3460"}],"wp:term":[{"taxonomy":"category","embeddable":true,"href":"https:\/\/agora.xtec.cat\/ies-castelldelquer-prats\/wp-json\/wp\/v2\/categories?post=3460"},{"taxonomy":"post_tag","embeddable":true,"href":"https:\/\/agora.xtec.cat\/ies-castelldelquer-prats\/wp-json\/wp\/v2\/tags?post=3460"}],"curies":[{"name":"wp","href":"https:\/\/api.w.org\/{rel}","templated":true}]}}