{"id":3455,"date":"2022-12-20T10:00:25","date_gmt":"2022-12-20T09:00:25","guid":{"rendered":"https:\/\/agora.xtec.cat\/ies-castelldelquer-prats\/?p=3455"},"modified":"2023-01-15T13:07:31","modified_gmt":"2023-01-15T12:07:31","slug":"hem-passat-una-bona-estona-a-barcelona","status":"publish","type":"post","link":"https:\/\/agora.xtec.cat\/ies-castelldelquer-prats\/general\/hem-passat-una-bona-estona-a-barcelona\/","title":{"rendered":"Hem passat una bona estona a Barcelona"},"content":{"rendered":"<p><span style=\"font-weight: 400;\"> <a href=\"https:\/\/agora.xtec.cat\/ies-castelldelquer-prats\/wp-content\/uploads\/usu2163\/2023\/01\/WhatsApp-Image-2023-01-10-at-08.33.10.jpeg\"><img loading=\"lazy\" decoding=\"async\" class=\"alignnone size-large wp-image-3457\" src=\"https:\/\/agora.xtec.cat\/ies-castelldelquer-prats\/wp-content\/uploads\/usu2163\/2023\/01\/WhatsApp-Image-2023-01-10-at-08.33.10-1024x674.jpeg\" alt=\"\" width=\"1024\" height=\"674\" srcset=\"https:\/\/agora.xtec.cat\/ies-castelldelquer-prats\/wp-content\/uploads\/usu2163\/2023\/01\/WhatsApp-Image-2023-01-10-at-08.33.10-1024x674.jpeg 1024w, https:\/\/agora.xtec.cat\/ies-castelldelquer-prats\/wp-content\/uploads\/usu2163\/2023\/01\/WhatsApp-Image-2023-01-10-at-08.33.10-300x198.jpeg 300w, https:\/\/agora.xtec.cat\/ies-castelldelquer-prats\/wp-content\/uploads\/usu2163\/2023\/01\/WhatsApp-Image-2023-01-10-at-08.33.10-768x506.jpeg 768w, https:\/\/agora.xtec.cat\/ies-castelldelquer-prats\/wp-content\/uploads\/usu2163\/2023\/01\/WhatsApp-Image-2023-01-10-at-08.33.10.jpeg 1125w\" sizes=\"auto, (max-width: 1024px) 100vw, 1024px\" \/><\/a><\/span><\/p>\n<h6>Autors: Corresponsals 4t d&#8217;ESO<\/h6>\n<p><span style=\"font-weight: 400;\">El dia 13 de desembre els alumnes de 4t, vam anar a Barcelona. Durant tot el dia vam realitzar diverses activitats per la ciutat.\u00a0<\/span><\/p>\n<p><span style=\"font-weight: 400;\">Al mat\u00ed vam arribar en un centre comercial, el Maremagnum, on vam voltar per les botigues que hi havien i vam dinar en els espais situats al Centre. Seguidament a les 4 de la tarda ens vam repartir en grups redu\u00efts i vam comen\u00e7ar la gincama per la zona del Barri G\u00f2tic, on hav\u00edem de rec\u00f3rrer la ciutat seguint unes pistes que estaven desordenades.\u00a0<\/span><\/p>\n<p><span style=\"font-weight: 400;\">L\u2019objectiu era ordenar les pistes i aconseguir arribar a la Catedral de Barcelona situada al costat de la Fira de Santa Ll\u00facia. A les 7, quan tots els grups vam finalitzar el recorregut, ens vam reunir tots davant la Catedral i vam anar tots junts fins a la Pla\u00e7a Catalunya. All\u00e0 ens van deixar una estona per poder sopar i acabar de voltar per les botigues i els carrers il\u00b7luminats de llums de Nadal.\u00a0<\/span><\/p>\n<p><span style=\"font-weight: 400;\">Finalment ens vam dirigir cap el Teatre T\u00edvoli, per veure el musical de Grease.\u00a0<\/span><\/p>\n<p><span style=\"font-weight: 400;\">En conclusi\u00f3, les opinions finals s\u00f3n molt positives, perqu\u00e8 tothom va passar un molt bon dia a Barcelona i el musical va ser entretingut, i ens va permetre agafar moltes idees pel teatre de 4t. \u00c9s una sortida que recomanem molt i la tornar\u00edem a repetir. <\/span><\/p>\n","protected":false},"excerpt":{"rendered":"<p> <a href=\"https:\/\/agora.xtec.cat\/ies-castelldelquer-prats\/wp-content\/uploads\/usu2163\/2023\/01\/WhatsApp-Image-2023-01-10-at-08.33.10.jpeg\"><\/a><br \/>\nAutors: Corresponsals 4t d&#8217;ESO<br \/>\nEl dia 13 de desembre els alumnes de 4t, vam anar a Barcelona. Durant tot el dia vam realitzar diverses activitats per la ciutat.\u00a0<br \/>\nAl mat\u00ed vam arribar en un centre comercial, el Maremagnum, on vam voltar per les botigues que&hellip;  <a href=\"https:\/\/agora.xtec.cat\/ies-castelldelquer-prats\/general\/hem-passat-una-bona-estona-a-barcelona\/\" title=\"Read Hem passat una bona estona a Barcelona\">Llegeix m\u00e9s\u00bb<\/a><\/p>\n","protected":false},"author":6,"featured_media":3456,"comment_status":"closed","ping_status":"closed","sticky":false,"template":"","format":"standard","meta":{"_bbp_topic_count":0,"_bbp_reply_count":0,"_bbp_total_topic_count":0,"_bbp_total_reply_count":0,"_bbp_voice_count":0,"_bbp_anonymous_reply_count":0,"_bbp_topic_count_hidden":0,"_bbp_reply_count_hidden":0,"_bbp_forum_subforum_count":0,"footnotes":""},"categories":[7,1,29],"tags":[],"class_list":["post-3455","post","type-post","status-publish","format-standard","has-post-thumbnail","hentry","category-eso-4","category-general","category-portada"],"post_mailing_queue_ids":[],"_links":{"self":[{"href":"https:\/\/agora.xtec.cat\/ies-castelldelquer-prats\/wp-json\/wp\/v2\/posts\/3455","targetHints":{"allow":["GET"]}}],"collection":[{"href":"https:\/\/agora.xtec.cat\/ies-castelldelquer-prats\/wp-json\/wp\/v2\/posts"}],"about":[{"href":"https:\/\/agora.xtec.cat\/ies-castelldelquer-prats\/wp-json\/wp\/v2\/types\/post"}],"author":[{"embeddable":true,"href":"https:\/\/agora.xtec.cat\/ies-castelldelquer-prats\/wp-json\/wp\/v2\/users\/6"}],"replies":[{"embeddable":true,"href":"https:\/\/agora.xtec.cat\/ies-castelldelquer-prats\/wp-json\/wp\/v2\/comments?post=3455"}],"version-history":[{"count":2,"href":"https:\/\/agora.xtec.cat\/ies-castelldelquer-prats\/wp-json\/wp\/v2\/posts\/3455\/revisions"}],"predecessor-version":[{"id":3459,"href":"https:\/\/agora.xtec.cat\/ies-castelldelquer-prats\/wp-json\/wp\/v2\/posts\/3455\/revisions\/3459"}],"wp:featuredmedia":[{"embeddable":true,"href":"https:\/\/agora.xtec.cat\/ies-castelldelquer-prats\/wp-json\/wp\/v2\/media\/3456"}],"wp:attachment":[{"href":"https:\/\/agora.xtec.cat\/ies-castelldelquer-prats\/wp-json\/wp\/v2\/media?parent=3455"}],"wp:term":[{"taxonomy":"category","embeddable":true,"href":"https:\/\/agora.xtec.cat\/ies-castelldelquer-prats\/wp-json\/wp\/v2\/categories?post=3455"},{"taxonomy":"post_tag","embeddable":true,"href":"https:\/\/agora.xtec.cat\/ies-castelldelquer-prats\/wp-json\/wp\/v2\/tags?post=3455"}],"curies":[{"name":"wp","href":"https:\/\/api.w.org\/{rel}","templated":true}]}}