{"id":3342,"date":"2022-11-14T10:45:38","date_gmt":"2022-11-14T09:45:38","guid":{"rendered":"https:\/\/agora.xtec.cat\/ies-castelldelquer-prats\/?p=3342"},"modified":"2022-11-14T11:02:07","modified_gmt":"2022-11-14T10:02:07","slug":"xerrada-jordi-molas-a-1r-i-2n-bat","status":"publish","type":"post","link":"https:\/\/agora.xtec.cat\/ies-castelldelquer-prats\/general\/xerrada-jordi-molas-a-1r-i-2n-bat\/","title":{"rendered":"Xerrada Jordi Molas a 1r i 2n BAT"},"content":{"rendered":"<p><b>Redactora: Jana Bruch<\/b><\/p>\n<p><span style=\"font-weight: 400;\"><a href=\"https:\/\/agora.xtec.cat\/ies-castelldelquer-prats\/wp-content\/uploads\/usu2163\/2022\/11\/taller-jordi-molas-2.jpeg\"><img loading=\"lazy\" decoding=\"async\" class=\"alignright wp-image-3388 size-medium\" src=\"https:\/\/agora.xtec.cat\/ies-castelldelquer-prats\/wp-content\/uploads\/usu2163\/2022\/11\/taller-jordi-molas-2-300x225.jpeg\" alt=\"\" width=\"300\" height=\"225\" srcset=\"https:\/\/agora.xtec.cat\/ies-castelldelquer-prats\/wp-content\/uploads\/usu2163\/2022\/11\/taller-jordi-molas-2-300x225.jpeg 300w, https:\/\/agora.xtec.cat\/ies-castelldelquer-prats\/wp-content\/uploads\/usu2163\/2022\/11\/taller-jordi-molas-2-1024x768.jpeg 1024w, https:\/\/agora.xtec.cat\/ies-castelldelquer-prats\/wp-content\/uploads\/usu2163\/2022\/11\/taller-jordi-molas-2-768x576.jpeg 768w, https:\/\/agora.xtec.cat\/ies-castelldelquer-prats\/wp-content\/uploads\/usu2163\/2022\/11\/taller-jordi-molas-2-1536x1152.jpeg 1536w, https:\/\/agora.xtec.cat\/ies-castelldelquer-prats\/wp-content\/uploads\/usu2163\/2022\/11\/taller-jordi-molas-2-200x150.jpeg 200w, https:\/\/agora.xtec.cat\/ies-castelldelquer-prats\/wp-content\/uploads\/usu2163\/2022\/11\/taller-jordi-molas-2.jpeg 1600w\" sizes=\"auto, (max-width: 300px) 100vw, 300px\" \/><\/a><a href=\"https:\/\/agora.xtec.cat\/ies-castelldelquer-prats\/wp-content\/uploads\/usu2163\/2022\/11\/taller-jordi-molas-1.jpeg\"><img loading=\"lazy\" decoding=\"async\" class=\"alignleft size-medium wp-image-3390\" src=\"https:\/\/agora.xtec.cat\/ies-castelldelquer-prats\/wp-content\/uploads\/usu2163\/2022\/11\/taller-jordi-molas-1-225x300.jpeg\" alt=\"\" width=\"225\" height=\"300\" srcset=\"https:\/\/agora.xtec.cat\/ies-castelldelquer-prats\/wp-content\/uploads\/usu2163\/2022\/11\/taller-jordi-molas-1-225x300.jpeg 225w, https:\/\/agora.xtec.cat\/ies-castelldelquer-prats\/wp-content\/uploads\/usu2163\/2022\/11\/taller-jordi-molas-1-768x1024.jpeg 768w, https:\/\/agora.xtec.cat\/ies-castelldelquer-prats\/wp-content\/uploads\/usu2163\/2022\/11\/taller-jordi-molas-1-1152x1536.jpeg 1152w, https:\/\/agora.xtec.cat\/ies-castelldelquer-prats\/wp-content\/uploads\/usu2163\/2022\/11\/taller-jordi-molas-1.jpeg 1200w\" sizes=\"auto, (max-width: 225px) 100vw, 225px\" \/><\/a>El passat dijous 27 de novembre de 2022, els i les alumnes de 1r i 2n de Batxillerat van assistir a una xerrada sobre la diversitat funcional, dirigida per Jordi Molas.\u00a0<\/span><\/p>\n<p><span style=\"font-weight: 400;\">La xerrada va consistir a donar visibilitat a la gent que t\u00e9 una diversitat funcional, mes concretament en l\u2019esport. Jordi Molas, mitjan\u00e7ant reptes diversos. Seure en una cadira de rodes i entrar i sortir de la classe, com una persona amb tetrapl\u00e8gia; tapar-nos els ulls amb unes ulleres negres, i utilitzar un bast\u00f3 per gent cega, i fer la mateixa activitat de entrar i sortir de la classe; estar 5 minuts amb uns cascos sense escoltar la classe, van ser les activitats que vam dur a terme i ens van mostrar la dificultat que tenen aquestes persones. A banda, tamb\u00e9 vam practicar alguns jocs amb les mateixes dificultats.<\/span><\/p>\n<p><span style=\"font-weight: 400;\">Els i les alumnes de 1r i 2n de Batxillerat, han valorat molt positivament aquest taller.<\/span><\/p>\n<p><span style=\"font-weight: 400;\">Gr\u00e0cies Jordi, per demostrar-nos que la vida amb discapacitat \u00e9s una dificultat, per\u00f2 no una impossibilitat!\u00a0<\/span><\/p>\n","protected":false},"excerpt":{"rendered":"<p>Redactora: Jana Bruch<br \/>\n<a href=\"https:\/\/agora.xtec.cat\/ies-castelldelquer-prats\/wp-content\/uploads\/usu2163\/2022\/11\/taller-jordi-molas-2.jpeg\"><\/a><a href=\"https:\/\/agora.xtec.cat\/ies-castelldelquer-prats\/wp-content\/uploads\/usu2163\/2022\/11\/taller-jordi-molas-1.jpeg\"><\/a>El passat dijous 27 de novembre de 2022, els i les alumnes de 1r i 2n de Batxillerat van assistir a una xerrada sobre la diversitat funcional, dirigida per Jordi Molas.\u00a0<br \/>\nLa xerrada va consistir a donar visibilitat a la gent que&hellip;  <a href=\"https:\/\/agora.xtec.cat\/ies-castelldelquer-prats\/general\/xerrada-jordi-molas-a-1r-i-2n-bat\/\" title=\"Read Xerrada Jordi Molas a 1r i 2n BAT\">Llegeix m\u00e9s\u00bb<\/a><\/p>\n","protected":false},"author":1,"featured_media":3389,"comment_status":"open","ping_status":"closed","sticky":false,"template":"","format":"standard","meta":{"_bbp_topic_count":0,"_bbp_reply_count":0,"_bbp_total_topic_count":0,"_bbp_total_reply_count":0,"_bbp_voice_count":0,"_bbp_anonymous_reply_count":0,"_bbp_topic_count_hidden":0,"_bbp_reply_count_hidden":0,"_bbp_forum_subforum_count":0,"footnotes":""},"categories":[8,1,29],"tags":[],"class_list":["post-3342","post","type-post","status-publish","format-standard","has-post-thumbnail","hentry","category-batxillerat","category-general","category-portada"],"post_mailing_queue_ids":[],"_links":{"self":[{"href":"https:\/\/agora.xtec.cat\/ies-castelldelquer-prats\/wp-json\/wp\/v2\/posts\/3342","targetHints":{"allow":["GET"]}}],"collection":[{"href":"https:\/\/agora.xtec.cat\/ies-castelldelquer-prats\/wp-json\/wp\/v2\/posts"}],"about":[{"href":"https:\/\/agora.xtec.cat\/ies-castelldelquer-prats\/wp-json\/wp\/v2\/types\/post"}],"author":[{"embeddable":true,"href":"https:\/\/agora.xtec.cat\/ies-castelldelquer-prats\/wp-json\/wp\/v2\/users\/1"}],"replies":[{"embeddable":true,"href":"https:\/\/agora.xtec.cat\/ies-castelldelquer-prats\/wp-json\/wp\/v2\/comments?post=3342"}],"version-history":[{"count":2,"href":"https:\/\/agora.xtec.cat\/ies-castelldelquer-prats\/wp-json\/wp\/v2\/posts\/3342\/revisions"}],"predecessor-version":[{"id":3391,"href":"https:\/\/agora.xtec.cat\/ies-castelldelquer-prats\/wp-json\/wp\/v2\/posts\/3342\/revisions\/3391"}],"wp:featuredmedia":[{"embeddable":true,"href":"https:\/\/agora.xtec.cat\/ies-castelldelquer-prats\/wp-json\/wp\/v2\/media\/3389"}],"wp:attachment":[{"href":"https:\/\/agora.xtec.cat\/ies-castelldelquer-prats\/wp-json\/wp\/v2\/media?parent=3342"}],"wp:term":[{"taxonomy":"category","embeddable":true,"href":"https:\/\/agora.xtec.cat\/ies-castelldelquer-prats\/wp-json\/wp\/v2\/categories?post=3342"},{"taxonomy":"post_tag","embeddable":true,"href":"https:\/\/agora.xtec.cat\/ies-castelldelquer-prats\/wp-json\/wp\/v2\/tags?post=3342"}],"curies":[{"name":"wp","href":"https:\/\/api.w.org\/{rel}","templated":true}]}}