{"id":3232,"date":"2022-10-20T12:54:35","date_gmt":"2022-10-20T10:54:35","guid":{"rendered":"https:\/\/agora.xtec.cat\/ies-castelldelquer-prats\/?p=3232"},"modified":"2022-10-25T11:05:33","modified_gmt":"2022-10-25T09:05:33","slug":"votacions-renovacio-representant-estudiants-al-consell-escolar","status":"publish","type":"post","link":"https:\/\/agora.xtec.cat\/ies-castelldelquer-prats\/general\/votacions-renovacio-representant-estudiants-al-consell-escolar\/","title":{"rendered":"Votacions renovaci\u00f3 d&#8217;un representant d&#8217;estudiants al Consell Escolar"},"content":{"rendered":"<p>&nbsp;<\/p>\n<p align=\"justify\">El dijous 20 d&#8217;octubre, s&#8217;han dut a terme les votacions per a la renovaci\u00f3 d&#8217;un representant dels estudiants del Consell Escolar. Aquest c\u00e0rrec s&#8217;ha hagut de renovar de manera interna i \u00e9s per un any, ja que l&#8217;anterior representant va acabar 2n de Batxillerat el curs passat abans no es fessin les eleccions oficials.<\/p>\n<p>Els resultats, amb una participaci\u00f3 de 268 alumnes, han estat els resultats de les votacions:<\/p>\n<p style=\"text-align: center;\"><a href=\"https:\/\/agora.xtec.cat\/ies-castelldelquer-prats\/wp-content\/uploads\/usu2163\/2022\/10\/resultatsvotacions.png\"><img loading=\"lazy\" decoding=\"async\" class=\"alignnone size-medium wp-image-3243\" src=\"https:\/\/agora.xtec.cat\/ies-castelldelquer-prats\/wp-content\/uploads\/usu2163\/2022\/10\/resultatsvotacions-300x194.png\" alt=\"\" width=\"300\" height=\"194\" \/><\/a><\/p>\n","protected":false},"excerpt":{"rendered":"<p>&nbsp;<br \/>\nEl dijous 20 d&#8217;octubre, s&#8217;han dut a terme les votacions per a la renovaci\u00f3 d&#8217;un representant dels estudiants del Consell Escolar. Aquest c\u00e0rrec s&#8217;ha hagut de renovar de manera interna i \u00e9s per un any, ja que l&#8217;anterior representant va acabar 2n de Batxillerat el&hellip;  <a href=\"https:\/\/agora.xtec.cat\/ies-castelldelquer-prats\/general\/votacions-renovacio-representant-estudiants-al-consell-escolar\/\" title=\"Read Votacions renovaci\u00f3 d&#8217;un representant d&#8217;estudiants al Consell Escolar\">Llegeix m\u00e9s\u00bb<\/a><\/p>\n","protected":false},"author":5,"featured_media":3243,"comment_status":"open","ping_status":"closed","sticky":false,"template":"","format":"standard","meta":{"_bbp_topic_count":0,"_bbp_reply_count":0,"_bbp_total_topic_count":0,"_bbp_total_reply_count":0,"_bbp_voice_count":0,"_bbp_anonymous_reply_count":0,"_bbp_topic_count_hidden":0,"_bbp_reply_count_hidden":0,"_bbp_forum_subforum_count":0,"footnotes":""},"categories":[8,3,1,29],"tags":[],"class_list":["post-3232","post","type-post","status-publish","format-standard","has-post-thumbnail","hentry","category-batxillerat","category-eso","category-general","category-portada"],"post_mailing_queue_ids":[],"_links":{"self":[{"href":"https:\/\/agora.xtec.cat\/ies-castelldelquer-prats\/wp-json\/wp\/v2\/posts\/3232","targetHints":{"allow":["GET"]}}],"collection":[{"href":"https:\/\/agora.xtec.cat\/ies-castelldelquer-prats\/wp-json\/wp\/v2\/posts"}],"about":[{"href":"https:\/\/agora.xtec.cat\/ies-castelldelquer-prats\/wp-json\/wp\/v2\/types\/post"}],"author":[{"embeddable":true,"href":"https:\/\/agora.xtec.cat\/ies-castelldelquer-prats\/wp-json\/wp\/v2\/users\/5"}],"replies":[{"embeddable":true,"href":"https:\/\/agora.xtec.cat\/ies-castelldelquer-prats\/wp-json\/wp\/v2\/comments?post=3232"}],"version-history":[{"count":3,"href":"https:\/\/agora.xtec.cat\/ies-castelldelquer-prats\/wp-json\/wp\/v2\/posts\/3232\/revisions"}],"predecessor-version":[{"id":3255,"href":"https:\/\/agora.xtec.cat\/ies-castelldelquer-prats\/wp-json\/wp\/v2\/posts\/3232\/revisions\/3255"}],"wp:featuredmedia":[{"embeddable":true,"href":"https:\/\/agora.xtec.cat\/ies-castelldelquer-prats\/wp-json\/wp\/v2\/media\/3243"}],"wp:attachment":[{"href":"https:\/\/agora.xtec.cat\/ies-castelldelquer-prats\/wp-json\/wp\/v2\/media?parent=3232"}],"wp:term":[{"taxonomy":"category","embeddable":true,"href":"https:\/\/agora.xtec.cat\/ies-castelldelquer-prats\/wp-json\/wp\/v2\/categories?post=3232"},{"taxonomy":"post_tag","embeddable":true,"href":"https:\/\/agora.xtec.cat\/ies-castelldelquer-prats\/wp-json\/wp\/v2\/tags?post=3232"}],"curies":[{"name":"wp","href":"https:\/\/api.w.org\/{rel}","templated":true}]}}