{"id":2959,"date":"2022-06-10T11:22:04","date_gmt":"2022-06-10T09:22:04","guid":{"rendered":"https:\/\/agora.xtec.cat\/ies-castelldelquer-prats\/?p=2959"},"modified":"2022-06-10T11:22:04","modified_gmt":"2022-06-10T09:22:04","slug":"exposicio-ravensbruck","status":"publish","type":"post","link":"https:\/\/agora.xtec.cat\/ies-castelldelquer-prats\/batxillerat\/exposicio-ravensbruck\/","title":{"rendered":"Exposici\u00f3 Ravensbr\u00fcck"},"content":{"rendered":"<p><a href=\"https:\/\/agora.xtec.cat\/ies-castelldelquer-prats\/wp-content\/uploads\/usu2163\/2022\/06\/39017b59-e69d-4264-941b-b83f7228c279.jpeg\"><img loading=\"lazy\" decoding=\"async\" class=\"size-medium wp-image-2960 alignnone\" src=\"https:\/\/agora.xtec.cat\/ies-castelldelquer-prats\/wp-content\/uploads\/usu2163\/2022\/06\/39017b59-e69d-4264-941b-b83f7228c279-300x225.jpeg\" alt=\"\" width=\"300\" height=\"225\" srcset=\"https:\/\/agora.xtec.cat\/ies-castelldelquer-prats\/wp-content\/uploads\/usu2163\/2022\/06\/39017b59-e69d-4264-941b-b83f7228c279-300x225.jpeg 300w, https:\/\/agora.xtec.cat\/ies-castelldelquer-prats\/wp-content\/uploads\/usu2163\/2022\/06\/39017b59-e69d-4264-941b-b83f7228c279-1024x768.jpeg 1024w, https:\/\/agora.xtec.cat\/ies-castelldelquer-prats\/wp-content\/uploads\/usu2163\/2022\/06\/39017b59-e69d-4264-941b-b83f7228c279-768x576.jpeg 768w, https:\/\/agora.xtec.cat\/ies-castelldelquer-prats\/wp-content\/uploads\/usu2163\/2022\/06\/39017b59-e69d-4264-941b-b83f7228c279-1536x1152.jpeg 1536w, https:\/\/agora.xtec.cat\/ies-castelldelquer-prats\/wp-content\/uploads\/usu2163\/2022\/06\/39017b59-e69d-4264-941b-b83f7228c279-200x150.jpeg 200w, https:\/\/agora.xtec.cat\/ies-castelldelquer-prats\/wp-content\/uploads\/usu2163\/2022\/06\/39017b59-e69d-4264-941b-b83f7228c279.jpeg 1600w\" sizes=\"auto, (max-width: 300px) 100vw, 300px\" \/><\/a><\/p>\n<p><span style=\"font-weight: 400;\">El passat dimecres dia 11 de maig, els alumnes de 1r de batxillerat, des de la mat\u00e8ria d\u2019hist\u00f2ria del m\u00f3n contemporani, vam anar a visitar l\u2019exposici\u00f3 del camp de concentraci\u00f3 de dones, Ravensbr\u00fcck, ubicada al casal d\u2019avis de Prats de Llu\u00e7an\u00e8s. La visita comentada, estava oberta a tothom, i era a c\u00e0rrec de l\u2019associaci\u00f3 l\u2019Amical de Ravensbr\u00fcck, concretement la vicepresidenta de l&#8217;associaci\u00f3, la cantant Marina Rossell i la tresorera de l\u2019entitat, Sofia Costa.\u00a0<\/span><\/p>\n<p><span style=\"font-weight: 400;\">L\u2019<\/span><span style=\"font-weight: 400;\">exposici\u00f3 s&#8217;endinsa en el m\u00f3n dels camps nazis de dones a trav\u00e9s de la biografia d&#8217;un conjunt de republicanes espanyoles i catalanes que hi van anar a parar, com per exemple la reconeguda Neus Catal\u00e0. Per Ravensbr\u00fcck hi van passar m\u00e9s de 123.000 dones de 40 nacionalitats diferents.\u00a0<\/span><\/p>\n<p><span style=\"font-weight: 400;\">La exposici\u00f3 consta d\u2019uns quants plafons en els quals els primers hi ha un context hist\u00f2ric, la vida en aquell camp, com es que hi van anar a parar tantes dones\u2026 i en els plafons finals hi ha les biografies d\u2019unes de les dones. A m\u00e9s,\u00a0 n\u2019hi havia un altre fet per Roser Reixach i Anna Gorchs que forma part d&#8217;una exposici\u00f3 que van fer a Prats de Llu\u00e7an\u00e8s sobre la Guerra Civil i la postguerra.<\/span><\/p>\n<p><a href=\"https:\/\/agora.xtec.cat\/ies-castelldelquer-prats\/wp-content\/uploads\/usu2163\/2022\/06\/50906460-4282-4865-943a-e56b4679842a.jpeg\"><img loading=\"lazy\" decoding=\"async\" class=\"alignleft size-medium wp-image-2961\" src=\"https:\/\/agora.xtec.cat\/ies-castelldelquer-prats\/wp-content\/uploads\/usu2163\/2022\/06\/50906460-4282-4865-943a-e56b4679842a-225x300.jpeg\" alt=\"\" width=\"225\" height=\"300\" srcset=\"https:\/\/agora.xtec.cat\/ies-castelldelquer-prats\/wp-content\/uploads\/usu2163\/2022\/06\/50906460-4282-4865-943a-e56b4679842a-225x300.jpeg 225w, https:\/\/agora.xtec.cat\/ies-castelldelquer-prats\/wp-content\/uploads\/usu2163\/2022\/06\/50906460-4282-4865-943a-e56b4679842a-768x1024.jpeg 768w, https:\/\/agora.xtec.cat\/ies-castelldelquer-prats\/wp-content\/uploads\/usu2163\/2022\/06\/50906460-4282-4865-943a-e56b4679842a-1152x1536.jpeg 1152w, https:\/\/agora.xtec.cat\/ies-castelldelquer-prats\/wp-content\/uploads\/usu2163\/2022\/06\/50906460-4282-4865-943a-e56b4679842a.jpeg 1536w\" sizes=\"auto, (max-width: 225px) 100vw, 225px\" \/><\/a><\/p>\n","protected":false},"excerpt":{"rendered":"<p><a href=\"https:\/\/agora.xtec.cat\/ies-castelldelquer-prats\/wp-content\/uploads\/usu2163\/2022\/06\/39017b59-e69d-4264-941b-b83f7228c279.jpeg\"><\/a><br \/>\nEl passat dimecres dia 11 de maig, els alumnes de 1r de batxillerat, des de la mat\u00e8ria d\u2019hist\u00f2ria del m\u00f3n contemporani, vam anar a visitar l\u2019exposici\u00f3 del camp de concentraci\u00f3 de dones, Ravensbr\u00fcck, ubicada al casal d\u2019avis de Prats de Llu\u00e7an\u00e8s. La visita comentada,&hellip;  <a href=\"https:\/\/agora.xtec.cat\/ies-castelldelquer-prats\/batxillerat\/exposicio-ravensbruck\/\" title=\"Read Exposici\u00f3 Ravensbr\u00fcck\">Llegeix m\u00e9s\u00bb<\/a><\/p>\n","protected":false},"author":1,"featured_media":2960,"comment_status":"open","ping_status":"closed","sticky":false,"template":"","format":"standard","meta":{"_bbp_topic_count":0,"_bbp_reply_count":0,"_bbp_total_topic_count":0,"_bbp_total_reply_count":0,"_bbp_voice_count":0,"_bbp_anonymous_reply_count":0,"_bbp_topic_count_hidden":0,"_bbp_reply_count_hidden":0,"_bbp_forum_subforum_count":0,"footnotes":""},"categories":[126,8,29],"tags":[],"class_list":["post-2959","post","type-post","status-publish","format-standard","has-post-thumbnail","hentry","category-1r-bat","category-batxillerat","category-portada"],"post_mailing_queue_ids":[],"_links":{"self":[{"href":"https:\/\/agora.xtec.cat\/ies-castelldelquer-prats\/wp-json\/wp\/v2\/posts\/2959","targetHints":{"allow":["GET"]}}],"collection":[{"href":"https:\/\/agora.xtec.cat\/ies-castelldelquer-prats\/wp-json\/wp\/v2\/posts"}],"about":[{"href":"https:\/\/agora.xtec.cat\/ies-castelldelquer-prats\/wp-json\/wp\/v2\/types\/post"}],"author":[{"embeddable":true,"href":"https:\/\/agora.xtec.cat\/ies-castelldelquer-prats\/wp-json\/wp\/v2\/users\/1"}],"replies":[{"embeddable":true,"href":"https:\/\/agora.xtec.cat\/ies-castelldelquer-prats\/wp-json\/wp\/v2\/comments?post=2959"}],"version-history":[{"count":1,"href":"https:\/\/agora.xtec.cat\/ies-castelldelquer-prats\/wp-json\/wp\/v2\/posts\/2959\/revisions"}],"predecessor-version":[{"id":2962,"href":"https:\/\/agora.xtec.cat\/ies-castelldelquer-prats\/wp-json\/wp\/v2\/posts\/2959\/revisions\/2962"}],"wp:featuredmedia":[{"embeddable":true,"href":"https:\/\/agora.xtec.cat\/ies-castelldelquer-prats\/wp-json\/wp\/v2\/media\/2960"}],"wp:attachment":[{"href":"https:\/\/agora.xtec.cat\/ies-castelldelquer-prats\/wp-json\/wp\/v2\/media?parent=2959"}],"wp:term":[{"taxonomy":"category","embeddable":true,"href":"https:\/\/agora.xtec.cat\/ies-castelldelquer-prats\/wp-json\/wp\/v2\/categories?post=2959"},{"taxonomy":"post_tag","embeddable":true,"href":"https:\/\/agora.xtec.cat\/ies-castelldelquer-prats\/wp-json\/wp\/v2\/tags?post=2959"}],"curies":[{"name":"wp","href":"https:\/\/api.w.org\/{rel}","templated":true}]}}