{"id":2956,"date":"2022-06-10T11:20:07","date_gmt":"2022-06-10T09:20:07","guid":{"rendered":"https:\/\/agora.xtec.cat\/ies-castelldelquer-prats\/?p=2956"},"modified":"2024-10-28T09:28:56","modified_gmt":"2024-10-28T08:28:56","slug":"premi-millor-video-literari-a-la-barcelonada22","status":"publish","type":"post","link":"https:\/\/agora.xtec.cat\/ies-castelldelquer-prats\/batxillerat\/premi-millor-video-literari-a-la-barcelonada22\/","title":{"rendered":"Premi millor video literari a la Barcelonada&#8217;22"},"content":{"rendered":"<p style=\"text-align: left;\"><a href=\"https:\/\/agora.xtec.cat\/ies-castelldelquer-prats\/wp-content\/uploads\/usu2163\/2022\/06\/Sense-titol.jpg\"><img loading=\"lazy\" decoding=\"async\" class=\"size-medium wp-image-2957 aligncenter\" src=\"https:\/\/agora.xtec.cat\/ies-castelldelquer-prats\/wp-content\/uploads\/usu2163\/2022\/06\/Sense-titol-300x300.jpg\" alt=\"\" width=\"300\" height=\"300\" \/><\/a>La Mar, la Marta, la C\u00e8lia i l&#8217;\u00c8ric han estat premiats per la seva cita liter\u00e0ria en el marc de la Barcelonada 2022<br \/>\nPodeu veure el lliurament de premis a <a href=\"https:\/\/ja.cat\/premis22\">https:\/\/ja.cat\/premis22<\/a><br \/>\nEl v\u00eddeo premiat \u00e9s<br \/>\n<a href=\"https:\/\/www.instagram.com\/tv\/Ccz7xyPoMGI\/?utm_source=ig_web_copy_link\">https:\/\/www.instagram.com\/tv\/Ccz7xyPoMGI\/?utm_source=ig_web_copy_link<\/a><a href=\"https:\/\/agora.xtec.cat\/ies-castelldelquer-prats\/wp-content\/uploads\/usu2163\/2022\/06\/Sense-titol.jpg\"><br \/>\n<\/a><\/p>\n","protected":false},"excerpt":{"rendered":"<p><a href=\"https:\/\/agora.xtec.cat\/ies-castelldelquer-prats\/wp-content\/uploads\/usu2163\/2022\/06\/Sense-titol.jpg\"><\/a>La Mar, la Marta, la C\u00e8lia i l&#8217;\u00c8ric han estat premiats per la seva cita liter\u00e0ria en el marc de la Barcelonada 2022<br \/>\nPodeu veure el lliurament de premis a <a href=\"https:\/\/ja.cat\/premis22\">https:\/\/ja.cat\/premis22<\/a><br \/>\nEl v\u00eddeo premiat \u00e9s<br \/>\n<a href=\"https:\/\/www.instagram.com\/tv\/Ccz7xyPoMGI\/?utm_source=ig_web_copy_link\">https:\/\/www.instagram.com\/tv\/Ccz7xyPoMGI\/?utm_source=ig_web_copy_link<\/a><a href=\"https:\/\/agora.xtec.cat\/ies-castelldelquer-prats\/wp-content\/uploads\/usu2163\/2022\/06\/Sense-titol.jpg\"><br \/>\n<\/a><\/p>\n","protected":false},"author":1,"featured_media":2957,"comment_status":"open","ping_status":"closed","sticky":false,"template":"","format":"standard","meta":{"_bbp_topic_count":0,"_bbp_reply_count":0,"_bbp_total_topic_count":0,"_bbp_total_reply_count":0,"_bbp_voice_count":0,"_bbp_anonymous_reply_count":0,"_bbp_topic_count_hidden":0,"_bbp_reply_count_hidden":0,"_bbp_forum_subforum_count":0,"footnotes":""},"categories":[126,8,194,29,104],"tags":[],"class_list":["post-2956","post","type-post","status-publish","format-standard","has-post-thumbnail","hentry","category-1r-bat","category-batxillerat","category-curs-2021-22","category-portada","category-premis-i-reconeixements"],"post_mailing_queue_ids":[],"_links":{"self":[{"href":"https:\/\/agora.xtec.cat\/ies-castelldelquer-prats\/wp-json\/wp\/v2\/posts\/2956","targetHints":{"allow":["GET"]}}],"collection":[{"href":"https:\/\/agora.xtec.cat\/ies-castelldelquer-prats\/wp-json\/wp\/v2\/posts"}],"about":[{"href":"https:\/\/agora.xtec.cat\/ies-castelldelquer-prats\/wp-json\/wp\/v2\/types\/post"}],"author":[{"embeddable":true,"href":"https:\/\/agora.xtec.cat\/ies-castelldelquer-prats\/wp-json\/wp\/v2\/users\/1"}],"replies":[{"embeddable":true,"href":"https:\/\/agora.xtec.cat\/ies-castelldelquer-prats\/wp-json\/wp\/v2\/comments?post=2956"}],"version-history":[{"count":2,"href":"https:\/\/agora.xtec.cat\/ies-castelldelquer-prats\/wp-json\/wp\/v2\/posts\/2956\/revisions"}],"predecessor-version":[{"id":4922,"href":"https:\/\/agora.xtec.cat\/ies-castelldelquer-prats\/wp-json\/wp\/v2\/posts\/2956\/revisions\/4922"}],"wp:featuredmedia":[{"embeddable":true,"href":"https:\/\/agora.xtec.cat\/ies-castelldelquer-prats\/wp-json\/wp\/v2\/media\/2957"}],"wp:attachment":[{"href":"https:\/\/agora.xtec.cat\/ies-castelldelquer-prats\/wp-json\/wp\/v2\/media?parent=2956"}],"wp:term":[{"taxonomy":"category","embeddable":true,"href":"https:\/\/agora.xtec.cat\/ies-castelldelquer-prats\/wp-json\/wp\/v2\/categories?post=2956"},{"taxonomy":"post_tag","embeddable":true,"href":"https:\/\/agora.xtec.cat\/ies-castelldelquer-prats\/wp-json\/wp\/v2\/tags?post=2956"}],"curies":[{"name":"wp","href":"https:\/\/api.w.org\/{rel}","templated":true}]}}