{"id":2881,"date":"2022-05-11T10:15:44","date_gmt":"2022-05-11T08:15:44","guid":{"rendered":"https:\/\/agora.xtec.cat\/ies-castelldelquer-prats\/?p=2881"},"modified":"2022-05-13T11:31:52","modified_gmt":"2022-05-13T09:31:52","slug":"sant-jordi-retorn-a-la-normalitat-enyorada","status":"publish","type":"post","link":"https:\/\/agora.xtec.cat\/ies-castelldelquer-prats\/general\/sant-jordi-retorn-a-la-normalitat-enyorada\/","title":{"rendered":"Sant Jordi: retorn a la normalitat  enyorada"},"content":{"rendered":"<p><a href=\"https:\/\/agora.xtec.cat\/ies-castelldelquer-prats\/wp-content\/uploads\/usu2163\/2022\/05\/WhatsApp-Image-2022-04-22-at-14.04.36.jpeg\"><img loading=\"lazy\" decoding=\"async\" class=\"alignright wp-image-2894 size-medium\" src=\"https:\/\/agora.xtec.cat\/ies-castelldelquer-prats\/wp-content\/uploads\/usu2163\/2022\/05\/WhatsApp-Image-2022-04-22-at-14.04.36-300x225.jpeg\" alt=\"\" width=\"300\" height=\"225\" srcset=\"https:\/\/agora.xtec.cat\/ies-castelldelquer-prats\/wp-content\/uploads\/usu2163\/2022\/05\/WhatsApp-Image-2022-04-22-at-14.04.36-300x225.jpeg 300w, https:\/\/agora.xtec.cat\/ies-castelldelquer-prats\/wp-content\/uploads\/usu2163\/2022\/05\/WhatsApp-Image-2022-04-22-at-14.04.36-1024x768.jpeg 1024w, https:\/\/agora.xtec.cat\/ies-castelldelquer-prats\/wp-content\/uploads\/usu2163\/2022\/05\/WhatsApp-Image-2022-04-22-at-14.04.36-768x576.jpeg 768w, https:\/\/agora.xtec.cat\/ies-castelldelquer-prats\/wp-content\/uploads\/usu2163\/2022\/05\/WhatsApp-Image-2022-04-22-at-14.04.36-1536x1152.jpeg 1536w, https:\/\/agora.xtec.cat\/ies-castelldelquer-prats\/wp-content\/uploads\/usu2163\/2022\/05\/WhatsApp-Image-2022-04-22-at-14.04.36-200x150.jpeg 200w, https:\/\/agora.xtec.cat\/ies-castelldelquer-prats\/wp-content\/uploads\/usu2163\/2022\/05\/WhatsApp-Image-2022-04-22-at-14.04.36.jpeg 2000w\" sizes=\"auto, (max-width: 300px) 100vw, 300px\" \/><\/a>El passat divendres 22 d\u2019abril vam celebrar al pati de l\u2019institut la festa de Sant Jordi amb total normalitat despr\u00e9s que el 2020 ho hagu\u00e9ssim de fer de manera poc ortodoxa mitjan\u00e7ant v\u00eddeos i missatges durant el confinament al qual ens vam veure obligats i el curs 2021 en qu\u00e8, tot i que ja ho vam fer al mateix pati de l\u2019institut, ens vei\u00e9rem for\u00e7ats a mantenir parcel\u00b7lacions, dist\u00e0ncies de seguretat i mascaretes.<\/p>\n<p>Aquest retorn a la normalitat tan enyorada i les ganes de tothom, tant alumnat, professorat i personal d\u2019administraci\u00f3, ha perm\u00e8s que la festa fos encara m\u00e9s festa i hi ha hagut una gran implicaci\u00f3 i participaci\u00f3 per part de tothom en l\u2019esdeveniment, fos preparant un esmorzar col\u00b7lectiu, la venda de roses, preparant tallers, organitzant i participant en els diferents concursos, presentant la cerim\u00f2nia i actuant amb m\u00fasica i recitacions po\u00e8tiques.<\/p>\n<p><a href=\"https:\/\/agora.xtec.cat\/ies-castelldelquer-prats\/wp-content\/uploads\/usu2163\/2022\/05\/WhatsApp-Image-2022-04-22-at-14.04.36-1.jpeg\"><img loading=\"lazy\" decoding=\"async\" class=\"alignleft size-medium wp-image-2896\" src=\"https:\/\/agora.xtec.cat\/ies-castelldelquer-prats\/wp-content\/uploads\/usu2163\/2022\/05\/WhatsApp-Image-2022-04-22-at-14.04.36-1-300x225.jpeg\" alt=\"\" width=\"300\" height=\"225\" srcset=\"https:\/\/agora.xtec.cat\/ies-castelldelquer-prats\/wp-content\/uploads\/usu2163\/2022\/05\/WhatsApp-Image-2022-04-22-at-14.04.36-1-300x225.jpeg 300w, https:\/\/agora.xtec.cat\/ies-castelldelquer-prats\/wp-content\/uploads\/usu2163\/2022\/05\/WhatsApp-Image-2022-04-22-at-14.04.36-1-1024x768.jpeg 1024w, https:\/\/agora.xtec.cat\/ies-castelldelquer-prats\/wp-content\/uploads\/usu2163\/2022\/05\/WhatsApp-Image-2022-04-22-at-14.04.36-1-768x576.jpeg 768w, https:\/\/agora.xtec.cat\/ies-castelldelquer-prats\/wp-content\/uploads\/usu2163\/2022\/05\/WhatsApp-Image-2022-04-22-at-14.04.36-1-1536x1152.jpeg 1536w, https:\/\/agora.xtec.cat\/ies-castelldelquer-prats\/wp-content\/uploads\/usu2163\/2022\/05\/WhatsApp-Image-2022-04-22-at-14.04.36-1-200x150.jpeg 200w, https:\/\/agora.xtec.cat\/ies-castelldelquer-prats\/wp-content\/uploads\/usu2163\/2022\/05\/WhatsApp-Image-2022-04-22-at-14.04.36-1.jpeg 2000w\" sizes=\"auto, (max-width: 300px) 100vw, 300px\" \/><\/a>Com ja \u00e9s habitual, s\u2019han celebrat els tradicionals concursos literari i de fotografia, per\u00f2 enguany aquest esdeveniment s\u2019ha vist enriquit amb la incorporaci\u00f3 de noves modalitats: els concursos de \u00abBookface\u00bb, i de \u00abTok po\u00e8tic\u00bb, que han perm\u00e8s que la participaci\u00f3 fos m\u00e9s variada del que ha estat habitual darrerament. Tamb\u00e9 s\u2019ha aprofitat aquest moment per fer reconeixement dels millors alumnes de cada curs a les proves \u00abCangur\u00bb de matem\u00e0tiques, en les quals participen alumnes de tot Catalunya, i, de manera excepcional, s\u2019ha lliurat el premi al millor disseny per al \u00ablogo\u00bb de l\u2019AFA (Associaci\u00f3 de Fam\u00edlies d\u2019Alumnes), que estava pendent des de feia un temps i que ha obtingut l\u2019alumna de 2n d\u2019ESO N\u00faria Farr\u00e0s.<\/p>\n<p>La relaci\u00f3 dels guardonats en les proves i els diferents concursos han estat tal com segueix:<\/p>\n<div style=\"width: 100%;\">\n<div style=\"position: relative; padding-bottom: 56.25%; padding-top: 0; height: 0;\"><iframe loading=\"lazy\" style=\"position: absolute; top: 0; left: 0; width: 100%; height: 100%;\" src=\"https:\/\/view.genial.ly\/625f18ab271fd60011664f0e\" width=\"1200px\" height=\"675px\" frameborder=\"0\" scrolling=\"yes\" allowfullscreen=\"allowfullscreen\"><\/iframe><\/div>\n<\/div>\n<p>&nbsp;<\/p>\n<h6>Proves cangur<\/h6>\n<p>1r d\u2019ESO: Pol Crusellas Caro<\/p>\n<p>2n d\u2019ESO: Gemma Ambr\u00f3s Esteban<\/p>\n<p>3r d\u2019ESO: Nael Caballero Tremoleda<\/p>\n<p>4t d\u2019ESO: Arnau Vila Bartol\u00f3<\/p>\n<p>1r de BAT: C\u00e8lia Gr\u00e0cia Busquet<\/p>\n<p>2n de BAT: Mart\u00ed Puig Sams\u00f3<\/p>\n<h6>Fotografia<\/h6>\n<p>1r d\u2019ESO: J\u00falia Altarriba Palomera (1r premi); Bruna Clavell Clotet (2n premi)<\/p>\n<p>2n d\u2019ESO: Mariona Clavell Clotet (1r premi); N\u00faria Farr\u00e0s Mateos (2n premi)<\/p>\n<p>3r d\u2019ESO: Roger T\u00e9llez Tarr\u00e9s (1r premi); Bruna Baranera Montany\u00e0 (2n premi)<\/p>\n<p>4t d\u2019ESO: C\u00e8lia Soler Capdevila (1r premi)<\/p>\n<h6>Narrativa<\/h6>\n<p>1r d\u2019ESO: Ainoa Mora Monterde (1r premi); Pol Crusellas Caro (2n premi)<\/p>\n<p>2n d\u2019ESO: N\u00faria Farr\u00e0s Mateos (1r premi); Laia Taulats Nualart (2n premi)<\/p>\n<p>3r d\u2019ESO: Laia Crespi Casanovas (1r premi); Maria Valldeoriola Cortinas (2n premi)<\/p>\n<p>4t d\u2019ESO: Josep Rocadembosch Castias (1r premi); Ariadna Marginedas Masramon (2n premi)<\/p>\n<p>1r de BAT: Queralt Rocadembosch Erra(1r premi); Jana Ambl\u00e0s Codina, Jana Boixad\u00e9 Garcia i M\u00f2nica Plaza Mart\u00ednez (2n premi ex aequo)<\/p>\n<p>2n de BAT: Biel Plata Argelaguet (1r premi)<\/p>\n<h6>\u00abBookface\u00bb<\/h6>\n<p>1r d\u2019ESO: J\u00falia Florit Cid i Bruna Clavell Clotet (1r premi); Jan D\u00edez Roset, Irina Altarriba Trigo i Odette R\u00edos Mas (2n premi)<\/p>\n<p>4t d\u2019ESO: Ariadna Marginedas Masramon (1r premi); Jhoan Sebastian Ru\u00edz Vera (2n premi )<\/p>\n<h6>\u00abTok po\u00e8tic\u00bb<\/h6>\n<p>1r d\u2019ESO: Pol Crusellas Caro i Pon\u00e7 Pujals Suri\u00f1ach (1r premi); Irina Altarriba Trigo i Odette R\u00edos Mas (2n premi)<\/p>\n<p>3r d\u2019ESO: Iris Ru\u00edz Rodr\u00edguez (1r premi)<\/p>\n<p>4t d\u2019ESO: Ariadna Marginedas Masramon(1r premi); Alba Borralleras Anfruns i Nora Boix Pons (2n premi)<\/p>\n<p>Despr\u00e9s del lliurament de premis del Ceramen Literari, l&#8217;alumnat de 2n de Batxillerat va guiar un seguit de tallers per a la resta de l&#8217;alumnat de l&#8217;institut : futbol, b\u00e0squet, p\u00e0del, tenis taula, volei, ball, pintura, kareoke. L&#8217;alumnat va poder escollir i aquest any s\u00ed, van poder compartir interessos alumnes de diverses edats sense preocupar-se pels grups bombolla i veient-se les cares.<\/p>\n<p>&nbsp;<\/p>\n<p><iframe loading=\"lazy\" src=\"https:\/\/docs.google.com\/presentation\/d\/e\/2PACX-1vSnCowJRFNseazUQ7Zyp1aukq53FTPZybRBnfXSSXFYHXeZoKQRzrwbshzix9VzJ4I11lTiaiG8jo3u\/embed?start=true&amp;loop=true&amp;delayms=3000\" width=\"960\" height=\"569\" frameborder=\"0\" allowfullscreen=\"allowfullscreen\"><\/iframe><\/p>\n","protected":false},"excerpt":{"rendered":"<p><a href=\"https:\/\/agora.xtec.cat\/ies-castelldelquer-prats\/wp-content\/uploads\/usu2163\/2022\/05\/WhatsApp-Image-2022-04-22-at-14.04.36.jpeg\"><\/a>El passat divendres 22 d\u2019abril vam celebrar al pati de l\u2019institut la festa de Sant Jordi amb total normalitat despr\u00e9s que el 2020 ho hagu\u00e9ssim de fer de manera poc ortodoxa mitjan\u00e7ant v\u00eddeos i missatges durant el confinament al qual ens vam veure obligats&hellip;  <a href=\"https:\/\/agora.xtec.cat\/ies-castelldelquer-prats\/general\/sant-jordi-retorn-a-la-normalitat-enyorada\/\" title=\"Read Sant Jordi: retorn a la normalitat  enyorada\">Llegeix m\u00e9s\u00bb<\/a><\/p>\n","protected":false},"author":1,"featured_media":2894,"comment_status":"closed","ping_status":"closed","sticky":false,"template":"","format":"standard","meta":{"_bbp_topic_count":0,"_bbp_reply_count":0,"_bbp_total_topic_count":0,"_bbp_total_reply_count":0,"_bbp_voice_count":0,"_bbp_anonymous_reply_count":0,"_bbp_topic_count_hidden":0,"_bbp_reply_count_hidden":0,"_bbp_forum_subforum_count":0,"footnotes":""},"categories":[8,3,1,29],"tags":[],"class_list":["post-2881","post","type-post","status-publish","format-standard","has-post-thumbnail","hentry","category-batxillerat","category-eso","category-general","category-portada"],"post_mailing_queue_ids":[],"_links":{"self":[{"href":"https:\/\/agora.xtec.cat\/ies-castelldelquer-prats\/wp-json\/wp\/v2\/posts\/2881","targetHints":{"allow":["GET"]}}],"collection":[{"href":"https:\/\/agora.xtec.cat\/ies-castelldelquer-prats\/wp-json\/wp\/v2\/posts"}],"about":[{"href":"https:\/\/agora.xtec.cat\/ies-castelldelquer-prats\/wp-json\/wp\/v2\/types\/post"}],"author":[{"embeddable":true,"href":"https:\/\/agora.xtec.cat\/ies-castelldelquer-prats\/wp-json\/wp\/v2\/users\/1"}],"replies":[{"embeddable":true,"href":"https:\/\/agora.xtec.cat\/ies-castelldelquer-prats\/wp-json\/wp\/v2\/comments?post=2881"}],"version-history":[{"count":3,"href":"https:\/\/agora.xtec.cat\/ies-castelldelquer-prats\/wp-json\/wp\/v2\/posts\/2881\/revisions"}],"predecessor-version":[{"id":2914,"href":"https:\/\/agora.xtec.cat\/ies-castelldelquer-prats\/wp-json\/wp\/v2\/posts\/2881\/revisions\/2914"}],"wp:featuredmedia":[{"embeddable":true,"href":"https:\/\/agora.xtec.cat\/ies-castelldelquer-prats\/wp-json\/wp\/v2\/media\/2894"}],"wp:attachment":[{"href":"https:\/\/agora.xtec.cat\/ies-castelldelquer-prats\/wp-json\/wp\/v2\/media?parent=2881"}],"wp:term":[{"taxonomy":"category","embeddable":true,"href":"https:\/\/agora.xtec.cat\/ies-castelldelquer-prats\/wp-json\/wp\/v2\/categories?post=2881"},{"taxonomy":"post_tag","embeddable":true,"href":"https:\/\/agora.xtec.cat\/ies-castelldelquer-prats\/wp-json\/wp\/v2\/tags?post=2881"}],"curies":[{"name":"wp","href":"https:\/\/api.w.org\/{rel}","templated":true}]}}