{"id":2584,"date":"2022-03-02T08:46:52","date_gmt":"2022-03-02T07:46:52","guid":{"rendered":"https:\/\/agora.xtec.cat\/ies-castelldelquer-prats\/?p=2584"},"modified":"2022-03-02T08:46:52","modified_gmt":"2022-03-02T07:46:52","slug":"com-era-la-infancia-durant-lepoca-franquista","status":"publish","type":"post","link":"https:\/\/agora.xtec.cat\/ies-castelldelquer-prats\/general\/com-era-la-infancia-durant-lepoca-franquista\/","title":{"rendered":"Com era la inf\u00e0ncia durant l&#8217;\u00e8poca franquista?"},"content":{"rendered":"<p><span style=\"font-weight: 400;\"><a href=\"https:\/\/agora.xtec.cat\/ies-castelldelquer-prats\/wp-content\/uploads\/usu2163\/2022\/03\/Imatge2.jpg\"><img loading=\"lazy\" decoding=\"async\" class=\" wp-image-2586 alignright\" src=\"https:\/\/agora.xtec.cat\/ies-castelldelquer-prats\/wp-content\/uploads\/usu2163\/2022\/03\/Imatge2.jpg\" alt=\"\" width=\"469\" height=\"341\" srcset=\"https:\/\/agora.xtec.cat\/ies-castelldelquer-prats\/wp-content\/uploads\/usu2163\/2022\/03\/Imatge2.jpg 341w, https:\/\/agora.xtec.cat\/ies-castelldelquer-prats\/wp-content\/uploads\/usu2163\/2022\/03\/Imatge2-300x218.jpg 300w\" sizes=\"auto, (max-width: 469px) 100vw, 469px\" \/>T\u00e0nia Saez i Paula Sadurn\u00ed\u00a0 \/\/ \u00a0<\/a>Durant el primer i el segon trimestre, els alumnes de 1r de Batxillerat social-human\u00edstic, hem realitzat un treball d\u2019hist\u00f2ria oral amb la finalitat de poder con\u00e8ixer de primera m\u00e0 la vida dels anys 60. Per realitzar aquest treball, hem tingut la sort de disposar de l\u2019ajuda de cinc avis, del casal de dia de Prats de Llu\u00e7an\u00e8s, els quals ens van explicar com va ser la seva inf\u00e0ncia durant l\u2019\u00e8poca franquista des d\u2019un punt de vista personal i sincer, destacant trets que els han marcat i que encara recorden avui dia.\u00a0<\/span><\/p>\n<p><span style=\"font-weight: 400;\">Per estructurar el treball, vam comen\u00e7ar fent una pluja d\u2019idees per formular preguntes dels aspectes que m\u00e9s ens interessava descobrir. Un cop fetes, vam poder comen\u00e7ar la part de les entrevistes. Per aix\u00f2 vam visitar dues vegades el casal de dia on ens vam trobar amb els protagonistes del projecte, que a part de proporcionar-nos tota la informaci\u00f3 que necessit\u00e0vem, tamb\u00e9 van mostrar-nos elements i fotografies de l\u2019\u00e8poca.<\/span><\/p>\n<p><span style=\"font-weight: 400;\">Un cop recopilada tota la informaci\u00f3, vam posar en marxa la part escrita en la qual vam redactar el context hist\u00f2ric per tal d\u2019introduir una mica el tema i els aspectes m\u00e9s importants de les entrevistes. Un cop acabada aquesta tasca, vam transportar la informaci\u00f3 a uns plafons que hem tingut exposats a l\u2019entrada del centre durant unes setmanes.<\/span><\/p>\n<table style=\"border-collapse: collapse; width: 100%;\">\n<tbody>\n<tr>\n<td style=\"width: 50%;\"><a href=\"https:\/\/agora.xtec.cat\/ies-castelldelquer-prats\/wp-content\/uploads\/usu2163\/2022\/03\/Imatge3.jpg\"><img loading=\"lazy\" decoding=\"async\" class=\"alignleft wp-image-2587\" src=\"https:\/\/agora.xtec.cat\/ies-castelldelquer-prats\/wp-content\/uploads\/usu2163\/2022\/03\/Imatge3.jpg\" alt=\"\" width=\"644\" height=\"480\" srcset=\"https:\/\/agora.xtec.cat\/ies-castelldelquer-prats\/wp-content\/uploads\/usu2163\/2022\/03\/Imatge3.jpg 261w, https:\/\/agora.xtec.cat\/ies-castelldelquer-prats\/wp-content\/uploads\/usu2163\/2022\/03\/Imatge3-200x150.jpg 200w\" sizes=\"auto, (max-width: 644px) 100vw, 644px\" \/><\/a><\/td>\n<td style=\"width: 50%;\"><a href=\"https:\/\/agora.xtec.cat\/ies-castelldelquer-prats\/wp-content\/uploads\/usu2163\/2022\/03\/Imatge1.jpg\"><img loading=\"lazy\" decoding=\"async\" class=\"alignleft wp-image-2585\" src=\"https:\/\/agora.xtec.cat\/ies-castelldelquer-prats\/wp-content\/uploads\/usu2163\/2022\/03\/Imatge1.jpg\" alt=\"\" width=\"637\" height=\"479\" srcset=\"https:\/\/agora.xtec.cat\/ies-castelldelquer-prats\/wp-content\/uploads\/usu2163\/2022\/03\/Imatge1.jpg 270w, https:\/\/agora.xtec.cat\/ies-castelldelquer-prats\/wp-content\/uploads\/usu2163\/2022\/03\/Imatge1-200x150.jpg 200w\" sizes=\"auto, (max-width: 637px) 100vw, 637px\" \/><\/a><\/td>\n<\/tr>\n<\/tbody>\n<\/table>\n","protected":false},"excerpt":{"rendered":"<p><a href=\"https:\/\/agora.xtec.cat\/ies-castelldelquer-prats\/wp-content\/uploads\/usu2163\/2022\/03\/Imatge2.jpg\">T\u00e0nia Saez i Paula Sadurn\u00ed\u00a0 \/\/ \u00a0<\/a>Durant el primer i el segon trimestre, els alumnes de 1r de Batxillerat social-human\u00edstic, hem realitzat un treball d\u2019hist\u00f2ria oral amb la finalitat de poder con\u00e8ixer de primera m\u00e0 la vida dels anys 60. Per realitzar aquest treball,&hellip;  <a href=\"https:\/\/agora.xtec.cat\/ies-castelldelquer-prats\/general\/com-era-la-infancia-durant-lepoca-franquista\/\" title=\"Read Com era la inf\u00e0ncia durant l&#8217;\u00e8poca franquista?\">Llegeix m\u00e9s\u00bb<\/a><\/p>\n","protected":false},"author":1,"featured_media":2586,"comment_status":"open","ping_status":"closed","sticky":false,"template":"","format":"standard","meta":{"_bbp_topic_count":0,"_bbp_reply_count":0,"_bbp_total_topic_count":0,"_bbp_total_reply_count":0,"_bbp_voice_count":0,"_bbp_anonymous_reply_count":0,"_bbp_topic_count_hidden":0,"_bbp_reply_count_hidden":0,"_bbp_forum_subforum_count":0,"footnotes":""},"categories":[126,1,29],"tags":[],"class_list":["post-2584","post","type-post","status-publish","format-standard","has-post-thumbnail","hentry","category-1r-bat","category-general","category-portada"],"post_mailing_queue_ids":[],"_links":{"self":[{"href":"https:\/\/agora.xtec.cat\/ies-castelldelquer-prats\/wp-json\/wp\/v2\/posts\/2584","targetHints":{"allow":["GET"]}}],"collection":[{"href":"https:\/\/agora.xtec.cat\/ies-castelldelquer-prats\/wp-json\/wp\/v2\/posts"}],"about":[{"href":"https:\/\/agora.xtec.cat\/ies-castelldelquer-prats\/wp-json\/wp\/v2\/types\/post"}],"author":[{"embeddable":true,"href":"https:\/\/agora.xtec.cat\/ies-castelldelquer-prats\/wp-json\/wp\/v2\/users\/1"}],"replies":[{"embeddable":true,"href":"https:\/\/agora.xtec.cat\/ies-castelldelquer-prats\/wp-json\/wp\/v2\/comments?post=2584"}],"version-history":[{"count":2,"href":"https:\/\/agora.xtec.cat\/ies-castelldelquer-prats\/wp-json\/wp\/v2\/posts\/2584\/revisions"}],"predecessor-version":[{"id":2603,"href":"https:\/\/agora.xtec.cat\/ies-castelldelquer-prats\/wp-json\/wp\/v2\/posts\/2584\/revisions\/2603"}],"wp:featuredmedia":[{"embeddable":true,"href":"https:\/\/agora.xtec.cat\/ies-castelldelquer-prats\/wp-json\/wp\/v2\/media\/2586"}],"wp:attachment":[{"href":"https:\/\/agora.xtec.cat\/ies-castelldelquer-prats\/wp-json\/wp\/v2\/media?parent=2584"}],"wp:term":[{"taxonomy":"category","embeddable":true,"href":"https:\/\/agora.xtec.cat\/ies-castelldelquer-prats\/wp-json\/wp\/v2\/categories?post=2584"},{"taxonomy":"post_tag","embeddable":true,"href":"https:\/\/agora.xtec.cat\/ies-castelldelquer-prats\/wp-json\/wp\/v2\/tags?post=2584"}],"curies":[{"name":"wp","href":"https:\/\/api.w.org\/{rel}","templated":true}]}}