{"id":2491,"date":"2022-02-09T10:31:13","date_gmt":"2022-02-09T09:31:13","guid":{"rendered":"https:\/\/agora.xtec.cat\/ies-castelldelquer-prats\/?p=2491"},"modified":"2022-02-23T10:04:45","modified_gmt":"2022-02-23T09:04:45","slug":"dia-internacional-de-la-pau-i-la-no-violencia","status":"publish","type":"post","link":"https:\/\/agora.xtec.cat\/ies-castelldelquer-prats\/general\/dia-internacional-de-la-pau-i-la-no-violencia\/","title":{"rendered":"Dia internacional de la Pau i la No Viol\u00e8ncia"},"content":{"rendered":"<p style=\"text-align: justify;\"><span style=\"font-weight: 400;\"><strong>Jana Bruch \/ Membre de la comissi\u00f3 de conviv\u00e8ncia\u00a0<\/strong> El dia de la pau i la viol\u00e8ncia escolar es celebra el dia 30 de gener, per\u00f2 com que aquest any cau en diumenge, a l\u2019institut hem realitzat diversos actes el divendres 28 de gener. <\/span><span style=\"font-weight: 400;\">En aquest dia escolar de la no-viol\u00e8ncia o la pau es commemora l&#8217;aniversari de la mort de Mahatma Gandhi, un important pacifista que va practicar la desobedi\u00e8ncia pac\u00edfica per defensar la independ\u00e8ncia de la India de la colonitzaci\u00f3 brit\u00e0nica.\u00a0\u00a0<\/span><\/p>\n<p style=\"text-align: justify;\"><span style=\"font-weight: 400;\">Al nostre institut celebrem aquest dia per reivindicar una educaci\u00f3 per la pau, la toler\u00e0ncia, la solidaritat i el respecte als drets humans.\u00a0 <\/span><span style=\"font-weight: 400;\">Enguany vam convidar persones\u00a0 que ens facin con\u00e8ixer entitats que realitzen activitats solid\u00e0ries i de foment de la pau. Cada nivell va realitzar una xerrada diferent.<\/span><\/p>\n<h3>Pallasos sense fronteres<\/h3>\n<p><strong>Corresponsals de 1r \/\u00a0<\/strong> Els alumnes de 1r vam tenir la visita d&#8217;un representant de l&#8217;associaci\u00f3 Pallassos sense fronteres, us\u00a0 ho expliquem en el video:<\/p>\n<p><iframe loading=\"lazy\" src=\"https:\/\/drive.google.com\/file\/d\/1fB3eItkbd2ZGuX-3p_n8gKOdI5YWrMlf\/preview\" width=\"640\" height=\"480\"><\/iframe><\/p>\n<p>&nbsp;<\/p>\n<h3>ADEFFA (projecte Flueix)<\/h3>\n<p><span style=\"font-weight: 400;\"><strong>Corresponsals 2n d&#8217;ESO\u00a0 \/\/<\/strong><\/span><\/p>\n<p style=\"text-align: justify;\"><span style=\"font-weight: 400;\">El passat divendres 28 de gener, la N\u00faria de Camadoca, va venir a fer una xerrada sobre la pau als alumnes de 2n d\u2019ESO.\u00a0<\/span><\/p>\n<p style=\"text-align: justify;\"><span style=\"font-weight: 400;\">Els va parlar sobre els nens amb discapacitat o immigrants i els va explicar que aquests tenen els mateixos drets que tots. Aquests nens, all\u00e0 a Camadoca fan activitats per mantenir la riera de Merl\u00e8s i l\u2019entorn que l\u2019envolta en un bon estat. Els va estar explicant aquestes dades i finalment van fer un Kahoot per aprendre m\u00e9s sobre aquest tema i veure si havien ent\u00e8s l\u2019explicaci\u00f3.\u00a0<\/span><\/p>\n<p style=\"text-align: justify;\"><span style=\"font-weight: 400;\">Als alumnes els hi ha agradat aquesta xerrada, perqu\u00e8 han apr\u00e8s m\u00e9s coses sobre Camadoca i les esp\u00e8cies aut\u00f2ctones. Per\u00f2 sobretot i el m\u00e9s important, van aprendre sobre la igualtat i la pau.<\/span><\/p>\n<h3><\/h3>\n<h3>Open arms<\/h3>\n<p style=\"text-align: justify;\"><span style=\"font-weight: 400;\"><strong>Corresponsals 3r d&#8217;ESO\u00a0 \/\/<\/strong> A tercer d&#8217;ES vam rebre la visita d&#8217;en Carles, un integrant de la ONG Open Arms. La funci\u00f3 que t\u00e9 Open Arms, \u00e9s\u00a0 el rescat d\u2019immigrants a les costes del mediterrani. Ens va explicar com es feien els rescats, amb hist\u00f2ries reals des del punt de vista de la ONG i des de la dels immigrants. Tamb\u00e9 ens va explicar la situaci\u00f3 que viuen les persones que estan en pa\u00efsos amb conflictes b\u00e8lics i les raons que els impulsen a migrar.<\/span><\/p>\n<h3><\/h3>\n<h3><strong style=\"font-family: inherit; font-size: 1em;\">Assumpta Montell\u00e0\u00a0 <\/strong><\/h3>\n<p style=\"text-align: justify;\"><span style=\"font-weight: 400;\"><strong>Martina Burriel i Sergi Bar\u00f3. Corresponsals 4t d&#8217;ESO\u00a0 \/\/\u00a0<\/strong><\/span><span style=\"font-weight: 400;\">A 4t d&#8217;ESO, l\u2019Assumpta Montell\u00e0 va venir a explicar-nos la hist\u00f2ria d\u2019algunes persones que van haver d\u2019exiliar-se degut a la guerra civil espanyola i tamb\u00e9 sobre que era la Maternitat d\u2019Elna i per a quins fins va ser creada. Ens va explicar que moltes dones i nens petits van ser portades fins al sud de Fran\u00e7a en una platja a Argelers, que m\u00e9s tard es va convertir en un camp de concentraci\u00f3 amb el nom d\u2019Argel\u00e8s.<\/span><\/p>\n<p><a href=\"https:\/\/agora.xtec.cat\/ies-castelldelquer-prats\/wp-content\/uploads\/usu2163\/2022\/02\/assumpta.jpeg\"><img loading=\"lazy\" decoding=\"async\" class=\"alignleft size-large wp-image-2496\" src=\"https:\/\/agora.xtec.cat\/ies-castelldelquer-prats\/wp-content\/uploads\/usu2163\/2022\/02\/assumpta-1024x577.jpeg\" alt=\"\" width=\"1024\" height=\"577\" srcset=\"https:\/\/agora.xtec.cat\/ies-castelldelquer-prats\/wp-content\/uploads\/usu2163\/2022\/02\/assumpta-1024x577.jpeg 1024w, https:\/\/agora.xtec.cat\/ies-castelldelquer-prats\/wp-content\/uploads\/usu2163\/2022\/02\/assumpta-300x169.jpeg 300w, https:\/\/agora.xtec.cat\/ies-castelldelquer-prats\/wp-content\/uploads\/usu2163\/2022\/02\/assumpta-768x432.jpeg 768w, https:\/\/agora.xtec.cat\/ies-castelldelquer-prats\/wp-content\/uploads\/usu2163\/2022\/02\/assumpta-1536x865.jpeg 1536w, https:\/\/agora.xtec.cat\/ies-castelldelquer-prats\/wp-content\/uploads\/usu2163\/2022\/02\/assumpta.jpeg 1600w\" sizes=\"auto, (max-width: 1024px) 100vw, 1024px\" \/><\/a><\/p>\n<p style=\"text-align: justify;\"><span style=\"font-weight: 400;\">Va ser una xerrada\u00a0 molt emotiva i a molts ens va concienciar sobre l\u2019important que \u00e9s fer algunes coses a canvi de res. Amb les hist\u00f2ries compartides amb nosaltres va escriure un llibre titula \u201cLa maternitat d\u2019Elna\u201d.<\/span><\/p>\n<p style=\"text-align: justify;\"><span style=\"font-weight: 400;\">Moltes gr\u00e0cies Assumpta per compartir les teves experi\u00e8ncies perqu\u00e8 aix\u00ed nosaltres les puguem explicar!<\/span><\/p>\n<p>&nbsp;<\/p>\n<h3>Murs de la companyia <em>Frec a Frec<\/em><\/h3>\n<p style=\"text-align: justify;\"><span style=\"font-weight: 400;\"><strong>T\u00e0nia Saez. Corresponsal de batxillerat\u00a0 \/\/ <\/strong>Els alumnes de 1r de Batxillerat juntament amb els de segon, van anar a la Sala Polivalent de Prats de Llu\u00e7an\u00e8s per assistir a un teatre realitzat per la companyia Frec a frec en commemoraci\u00f3 al dia de la Pau. Aquesta obra, va ajudar als alumnes a reflexionar (sobre els murs que ens aixequem cada un de nosaltres i que no ens deixen avan\u00e7ar. La posada amb escena presentava microtalls que permetien a l\u2019alumnat expressar la seva opini\u00f3 sobre el qu\u00e8 estava b\u00e9 i el que no. Aquesta din\u00e0mica interactiva ha estat ben valorada per l\u2019alumnat.<\/span><\/p>\n<p><span style=\"font-weight: 400;\">\u00a0 <\/span><\/p>\n","protected":false},"excerpt":{"rendered":"<p>Jana Bruch \/ Membre de la comissi\u00f3 de conviv\u00e8ncia\u00a0 El dia de la pau i la viol\u00e8ncia escolar es celebra el dia 30 de gener, per\u00f2 com que aquest any cau en diumenge, a l\u2019institut hem realitzat diversos actes el divendres 28 de gener. En&hellip;  <a href=\"https:\/\/agora.xtec.cat\/ies-castelldelquer-prats\/general\/dia-internacional-de-la-pau-i-la-no-violencia\/\" title=\"Read Dia internacional de la Pau i la No Viol\u00e8ncia\">Llegeix m\u00e9s\u00bb<\/a><\/p>\n","protected":false},"author":1,"featured_media":2496,"comment_status":"open","ping_status":"closed","sticky":false,"template":"","format":"standard","meta":{"_bbp_topic_count":0,"_bbp_reply_count":0,"_bbp_total_topic_count":0,"_bbp_total_reply_count":0,"_bbp_voice_count":0,"_bbp_anonymous_reply_count":0,"_bbp_topic_count_hidden":0,"_bbp_reply_count_hidden":0,"_bbp_forum_subforum_count":0,"footnotes":""},"categories":[1,29],"tags":[],"class_list":["post-2491","post","type-post","status-publish","format-standard","has-post-thumbnail","hentry","category-general","category-portada"],"post_mailing_queue_ids":[],"_links":{"self":[{"href":"https:\/\/agora.xtec.cat\/ies-castelldelquer-prats\/wp-json\/wp\/v2\/posts\/2491","targetHints":{"allow":["GET"]}}],"collection":[{"href":"https:\/\/agora.xtec.cat\/ies-castelldelquer-prats\/wp-json\/wp\/v2\/posts"}],"about":[{"href":"https:\/\/agora.xtec.cat\/ies-castelldelquer-prats\/wp-json\/wp\/v2\/types\/post"}],"author":[{"embeddable":true,"href":"https:\/\/agora.xtec.cat\/ies-castelldelquer-prats\/wp-json\/wp\/v2\/users\/1"}],"replies":[{"embeddable":true,"href":"https:\/\/agora.xtec.cat\/ies-castelldelquer-prats\/wp-json\/wp\/v2\/comments?post=2491"}],"version-history":[{"count":3,"href":"https:\/\/agora.xtec.cat\/ies-castelldelquer-prats\/wp-json\/wp\/v2\/posts\/2491\/revisions"}],"predecessor-version":[{"id":2561,"href":"https:\/\/agora.xtec.cat\/ies-castelldelquer-prats\/wp-json\/wp\/v2\/posts\/2491\/revisions\/2561"}],"wp:featuredmedia":[{"embeddable":true,"href":"https:\/\/agora.xtec.cat\/ies-castelldelquer-prats\/wp-json\/wp\/v2\/media\/2496"}],"wp:attachment":[{"href":"https:\/\/agora.xtec.cat\/ies-castelldelquer-prats\/wp-json\/wp\/v2\/media?parent=2491"}],"wp:term":[{"taxonomy":"category","embeddable":true,"href":"https:\/\/agora.xtec.cat\/ies-castelldelquer-prats\/wp-json\/wp\/v2\/categories?post=2491"},{"taxonomy":"post_tag","embeddable":true,"href":"https:\/\/agora.xtec.cat\/ies-castelldelquer-prats\/wp-json\/wp\/v2\/tags?post=2491"}],"curies":[{"name":"wp","href":"https:\/\/api.w.org\/{rel}","templated":true}]}}