{"id":2247,"date":"2021-11-25T08:18:36","date_gmt":"2021-11-25T07:18:36","guid":{"rendered":"https:\/\/agora.xtec.cat\/ies-castelldelquer-prats\/?p=2247"},"modified":"2022-01-12T09:24:10","modified_gmt":"2022-01-12T08:24:10","slug":"dia-internacional-contra-la-violencia-masclista","status":"publish","type":"post","link":"https:\/\/agora.xtec.cat\/ies-castelldelquer-prats\/general\/dia-internacional-contra-la-violencia-masclista\/","title":{"rendered":"Dia internacional contra la viol\u00e8ncia masclista"},"content":{"rendered":"<p><a href=\"https:\/\/agora.xtec.cat\/ies-castelldelquer-prats\/wp-content\/uploads\/usu2163\/2021\/11\/Viole\u0300ncia_Masclista.png\"><img loading=\"lazy\" decoding=\"async\" class=\"alignleft size-large wp-image-2248\" src=\"https:\/\/agora.xtec.cat\/ies-castelldelquer-prats\/wp-content\/uploads\/usu2163\/2021\/11\/Viole\u0300ncia_Masclista-807x1024.png\" alt=\"\" width=\"807\" height=\"1024\" srcset=\"https:\/\/agora.xtec.cat\/ies-castelldelquer-prats\/wp-content\/uploads\/usu2163\/2021\/11\/Viole\u0300ncia_Masclista-807x1024.png 807w, https:\/\/agora.xtec.cat\/ies-castelldelquer-prats\/wp-content\/uploads\/usu2163\/2021\/11\/Viole\u0300ncia_Masclista-236x300.png 236w, https:\/\/agora.xtec.cat\/ies-castelldelquer-prats\/wp-content\/uploads\/usu2163\/2021\/11\/Viole\u0300ncia_Masclista-768x975.png 768w, https:\/\/agora.xtec.cat\/ies-castelldelquer-prats\/wp-content\/uploads\/usu2163\/2021\/11\/Viole\u0300ncia_Masclista-1210x1536.png 1210w, https:\/\/agora.xtec.cat\/ies-castelldelquer-prats\/wp-content\/uploads\/usu2163\/2021\/11\/Viole\u0300ncia_Masclista-1614x2048.png 1614w\" sizes=\"auto, (max-width: 807px) 100vw, 807px\" \/><\/a><\/p>\n<p><span style=\"font-weight: 400;\"><span style=\"color: #000080;\"><strong>Mart\u00ed Puig i Maria Puigferrat\u00a0 \/\/<\/strong> <\/span>El passat 25 de novembre, l&#8217;alumnat des de 3r d&#8217;ESO fins a 2n de Batxillerat, van anar a la Sala Polivalent de Prats de Llu\u00e7an\u00e8s per assistir a l\u2019obra de teatre \u201cHist\u00f2ries d\u2019Alba i Manu\u201d, organiztat per C\u00farcuma. L\u2019objectiu de l\u2019obra \u00e9s fer visible aquelles discriminacions amb el g\u00e8nere, els rols i esteriotips que determinen com ha de ser cada sexe. Tamb\u00e9 tracta altres temes com l\u2019ab\u00fas i vol fer-nos reflexionar de manera que deixem enrere creences i prejudicis.\u00a0<\/span><\/p>\n<p><span style=\"font-weight: 400;\">Els personatges son dos adolescents, una noia i un noi els quals ens mostren els seus sentiments, el seu m\u00f3n interior.\u00a0<\/span><\/p>\n<p><span style=\"font-weight: 400;\">L\u2019activitat va ser interactiva entre l&#8217;actor i les actrius amb el p\u00fablic, de manera que es va generar una connexi\u00f3 amb els grups presents a la sala i els alumnes van poder identificar aquestes conductes i com evitar-les. <\/span><\/p>\n<p><span style=\"font-weight: 400;\">Aquesta activitat va ser finan\u00e7ada per l&#8217;Ajuntament d&#8217;Olost\u00a0<\/span><\/p>\n<p>&nbsp;<\/p>\n<p>&nbsp;<\/p>\n<p>&nbsp;<\/p>\n","protected":false},"excerpt":{"rendered":"<p><a href=\"https:\/\/agora.xtec.cat\/ies-castelldelquer-prats\/wp-content\/uploads\/usu2163\/2021\/11\/Viole\u0300ncia_Masclista.png\"><\/a><br \/>\nMart\u00ed Puig i Maria Puigferrat\u00a0 \/\/ El passat 25 de novembre, l&#8217;alumnat des de 3r d&#8217;ESO fins a 2n de Batxillerat, van anar a la Sala Polivalent de Prats de Llu\u00e7an\u00e8s per assistir a l\u2019obra de teatre \u201cHist\u00f2ries d\u2019Alba i Manu\u201d, organiztat per C\u00farcuma.&hellip;  <a href=\"https:\/\/agora.xtec.cat\/ies-castelldelquer-prats\/general\/dia-internacional-contra-la-violencia-masclista\/\" title=\"Read Dia internacional contra la viol\u00e8ncia masclista\">Llegeix m\u00e9s\u00bb<\/a><\/p>\n","protected":false},"author":1,"featured_media":2248,"comment_status":"open","ping_status":"closed","sticky":false,"template":"","format":"standard","meta":{"_bbp_topic_count":0,"_bbp_reply_count":0,"_bbp_total_topic_count":0,"_bbp_total_reply_count":0,"_bbp_voice_count":0,"_bbp_anonymous_reply_count":0,"_bbp_topic_count_hidden":0,"_bbp_reply_count_hidden":0,"_bbp_forum_subforum_count":0,"footnotes":""},"categories":[8,1,29],"tags":[],"class_list":["post-2247","post","type-post","status-publish","format-standard","has-post-thumbnail","hentry","category-batxillerat","category-general","category-portada"],"post_mailing_queue_ids":[],"_links":{"self":[{"href":"https:\/\/agora.xtec.cat\/ies-castelldelquer-prats\/wp-json\/wp\/v2\/posts\/2247","targetHints":{"allow":["GET"]}}],"collection":[{"href":"https:\/\/agora.xtec.cat\/ies-castelldelquer-prats\/wp-json\/wp\/v2\/posts"}],"about":[{"href":"https:\/\/agora.xtec.cat\/ies-castelldelquer-prats\/wp-json\/wp\/v2\/types\/post"}],"author":[{"embeddable":true,"href":"https:\/\/agora.xtec.cat\/ies-castelldelquer-prats\/wp-json\/wp\/v2\/users\/1"}],"replies":[{"embeddable":true,"href":"https:\/\/agora.xtec.cat\/ies-castelldelquer-prats\/wp-json\/wp\/v2\/comments?post=2247"}],"version-history":[{"count":2,"href":"https:\/\/agora.xtec.cat\/ies-castelldelquer-prats\/wp-json\/wp\/v2\/posts\/2247\/revisions"}],"predecessor-version":[{"id":2319,"href":"https:\/\/agora.xtec.cat\/ies-castelldelquer-prats\/wp-json\/wp\/v2\/posts\/2247\/revisions\/2319"}],"wp:featuredmedia":[{"embeddable":true,"href":"https:\/\/agora.xtec.cat\/ies-castelldelquer-prats\/wp-json\/wp\/v2\/media\/2248"}],"wp:attachment":[{"href":"https:\/\/agora.xtec.cat\/ies-castelldelquer-prats\/wp-json\/wp\/v2\/media?parent=2247"}],"wp:term":[{"taxonomy":"category","embeddable":true,"href":"https:\/\/agora.xtec.cat\/ies-castelldelquer-prats\/wp-json\/wp\/v2\/categories?post=2247"},{"taxonomy":"post_tag","embeddable":true,"href":"https:\/\/agora.xtec.cat\/ies-castelldelquer-prats\/wp-json\/wp\/v2\/tags?post=2247"}],"curies":[{"name":"wp","href":"https:\/\/api.w.org\/{rel}","templated":true}]}}