{"id":2140,"date":"2021-11-03T12:54:59","date_gmt":"2021-11-03T11:54:59","guid":{"rendered":"https:\/\/agora.xtec.cat\/ies-castelldelquer-prats\/?p=2140"},"modified":"2021-11-03T12:59:06","modified_gmt":"2021-11-03T11:59:06","slug":"ja-hi-ha-dates-de-la-prova-dacces-a-la-universitat","status":"publish","type":"post","link":"https:\/\/agora.xtec.cat\/ies-castelldelquer-prats\/general\/ja-hi-ha-dates-de-la-prova-dacces-a-la-universitat\/","title":{"rendered":"Ja hi ha dates de la Prova d&#8217;Acc\u00e9s a la Universitat"},"content":{"rendered":"<p>&nbsp;<\/p>\n<p><a href=\"https:\/\/agora.xtec.cat\/ies-castelldelquer-prats\/wp-content\/uploads\/usu2163\/2021\/11\/pau-1.png\"><img loading=\"lazy\" decoding=\"async\" class=\"alignleft size-large wp-image-2142\" src=\"https:\/\/agora.xtec.cat\/ies-castelldelquer-prats\/wp-content\/uploads\/usu2163\/2021\/11\/pau-1-1024x380.png\" alt=\"\" width=\"1024\" height=\"380\" srcset=\"https:\/\/agora.xtec.cat\/ies-castelldelquer-prats\/wp-content\/uploads\/usu2163\/2021\/11\/pau-1-1024x380.png 1024w, https:\/\/agora.xtec.cat\/ies-castelldelquer-prats\/wp-content\/uploads\/usu2163\/2021\/11\/pau-1-300x111.png 300w, https:\/\/agora.xtec.cat\/ies-castelldelquer-prats\/wp-content\/uploads\/usu2163\/2021\/11\/pau-1-768x285.png 768w, https:\/\/agora.xtec.cat\/ies-castelldelquer-prats\/wp-content\/uploads\/usu2163\/2021\/11\/pau-1-1536x569.png 1536w, https:\/\/agora.xtec.cat\/ies-castelldelquer-prats\/wp-content\/uploads\/usu2163\/2021\/11\/pau-1.png 1837w\" sizes=\"auto, (max-width: 1024px) 100vw, 1024px\" \/><\/a>Les dates de les proves del 2022 s\u00f3n del\u00a0<u><\/u><u><\/u>dimarts 14, dimecres 15 i dijous 16 de juny per a la convocat\u00f2ria de juny i la setmana seg\u00fcent, dilluns 20, dimarts 21 i dimecres 22 de juny de 2022 per l&#8217;alumnat que ha sol\u00b7licitat accedir al Tribunal Especial i d\u2019Incid\u00e8ncies. La convocat\u00f2ria de setembre ser\u00e0 del dimarts 6 al dijous 8.\u00a0 Es retorna doncs el programa de 3 dies.<u><\/u><u><\/u><\/p>\n<p>Segons les indicacions de l&#8217;oficina d&#8217;Acc\u00e9s a la Universitat, l&#8217;estructura de cada examen es mant\u00e9 igual que els anys anteriors. Tamb\u00e9 els els temaris i continguts de les mat\u00e8ries es mantenen sense canvis <b>, <\/b>llevat d\u2019aquells que corresponen a les lectures obligat\u00f2ries en les mat\u00e8ries de Llengua Castellana i Literatura, Llengua Catalana i Literatura, Literatura Castellana, Literatura Catalana, Llat\u00ed; o al llistat d\u2019obres d\u2019An\u00e0lisi musical<\/p>\n<p>Tot el que fa refer\u00e8ncia a aquesta prova i a l&#8217;acc\u00e9s a la universitat o cicles podeu consultar-ho a la pestanya de<a href=\"https:\/\/agora.xtec.cat\/ies-castelldelquer-prats\/estudis\/batxillerat\/2n-batxillerat\/orientacio-universitaria\/\" target=\"_blank\" rel=\"noopener\"> 2n de batxillerat\u00a0<\/a><\/p>\n","protected":false},"excerpt":{"rendered":"<p>&nbsp;<br \/>\n<a href=\"https:\/\/agora.xtec.cat\/ies-castelldelquer-prats\/wp-content\/uploads\/usu2163\/2021\/11\/pau-1.png\"><\/a>Les dates de les proves del 2022 s\u00f3n del\u00a0dimarts 14, dimecres 15 i dijous 16 de juny per a la convocat\u00f2ria de juny i la setmana seg\u00fcent, dilluns 20, dimarts 21 i dimecres 22 de juny de 2022 per l&#8217;alumnat que ha sol\u00b7licitat accedir&hellip;  <a href=\"https:\/\/agora.xtec.cat\/ies-castelldelquer-prats\/general\/ja-hi-ha-dates-de-la-prova-dacces-a-la-universitat\/\" title=\"Read Ja hi ha dates de la Prova d&#8217;Acc\u00e9s a la Universitat\">Llegeix m\u00e9s\u00bb<\/a><\/p>\n","protected":false},"author":1,"featured_media":2142,"comment_status":"closed","ping_status":"closed","sticky":false,"template":"","format":"standard","meta":{"_bbp_topic_count":0,"_bbp_reply_count":0,"_bbp_total_topic_count":0,"_bbp_total_reply_count":0,"_bbp_voice_count":0,"_bbp_anonymous_reply_count":0,"_bbp_topic_count_hidden":0,"_bbp_reply_count_hidden":0,"_bbp_forum_subforum_count":0,"footnotes":""},"categories":[8,1,29],"tags":[],"class_list":["post-2140","post","type-post","status-publish","format-standard","has-post-thumbnail","hentry","category-batxillerat","category-general","category-portada"],"post_mailing_queue_ids":[],"_links":{"self":[{"href":"https:\/\/agora.xtec.cat\/ies-castelldelquer-prats\/wp-json\/wp\/v2\/posts\/2140","targetHints":{"allow":["GET"]}}],"collection":[{"href":"https:\/\/agora.xtec.cat\/ies-castelldelquer-prats\/wp-json\/wp\/v2\/posts"}],"about":[{"href":"https:\/\/agora.xtec.cat\/ies-castelldelquer-prats\/wp-json\/wp\/v2\/types\/post"}],"author":[{"embeddable":true,"href":"https:\/\/agora.xtec.cat\/ies-castelldelquer-prats\/wp-json\/wp\/v2\/users\/1"}],"replies":[{"embeddable":true,"href":"https:\/\/agora.xtec.cat\/ies-castelldelquer-prats\/wp-json\/wp\/v2\/comments?post=2140"}],"version-history":[{"count":3,"href":"https:\/\/agora.xtec.cat\/ies-castelldelquer-prats\/wp-json\/wp\/v2\/posts\/2140\/revisions"}],"predecessor-version":[{"id":2145,"href":"https:\/\/agora.xtec.cat\/ies-castelldelquer-prats\/wp-json\/wp\/v2\/posts\/2140\/revisions\/2145"}],"wp:featuredmedia":[{"embeddable":true,"href":"https:\/\/agora.xtec.cat\/ies-castelldelquer-prats\/wp-json\/wp\/v2\/media\/2142"}],"wp:attachment":[{"href":"https:\/\/agora.xtec.cat\/ies-castelldelquer-prats\/wp-json\/wp\/v2\/media?parent=2140"}],"wp:term":[{"taxonomy":"category","embeddable":true,"href":"https:\/\/agora.xtec.cat\/ies-castelldelquer-prats\/wp-json\/wp\/v2\/categories?post=2140"},{"taxonomy":"post_tag","embeddable":true,"href":"https:\/\/agora.xtec.cat\/ies-castelldelquer-prats\/wp-json\/wp\/v2\/tags?post=2140"}],"curies":[{"name":"wp","href":"https:\/\/api.w.org\/{rel}","templated":true}]}}