{"id":2107,"date":"2021-10-21T08:41:39","date_gmt":"2021-10-21T06:41:39","guid":{"rendered":"https:\/\/agora.xtec.cat\/ies-castelldelquer-prats\/?p=2107"},"modified":"2021-10-21T23:01:47","modified_gmt":"2021-10-21T21:01:47","slug":"primer-plenari-de-curs-de-la-comissio-de-convivencia","status":"publish","type":"post","link":"https:\/\/agora.xtec.cat\/ies-castelldelquer-prats\/general\/primer-plenari-de-curs-de-la-comissio-de-convivencia\/","title":{"rendered":"Primer plenari de curs de la comissi\u00f3 de conviv\u00e8ncia"},"content":{"rendered":"<p><img loading=\"lazy\" decoding=\"async\" class=\"alignleft size-large wp-image-2105\" src=\"https:\/\/agora.xtec.cat\/ies-castelldelquer-prats\/wp-content\/uploads\/usu2163\/2021\/10\/comissio-convivencia-2021-22-1024x768.jpg\" alt=\"\" width=\"1024\" height=\"768\" srcset=\"https:\/\/agora.xtec.cat\/ies-castelldelquer-prats\/wp-content\/uploads\/usu2163\/2021\/10\/comissio-convivencia-2021-22-1024x768.jpg 1024w, https:\/\/agora.xtec.cat\/ies-castelldelquer-prats\/wp-content\/uploads\/usu2163\/2021\/10\/comissio-convivencia-2021-22-300x225.jpg 300w, https:\/\/agora.xtec.cat\/ies-castelldelquer-prats\/wp-content\/uploads\/usu2163\/2021\/10\/comissio-convivencia-2021-22-768x576.jpg 768w, https:\/\/agora.xtec.cat\/ies-castelldelquer-prats\/wp-content\/uploads\/usu2163\/2021\/10\/comissio-convivencia-2021-22-1536x1152.jpg 1536w, https:\/\/agora.xtec.cat\/ies-castelldelquer-prats\/wp-content\/uploads\/usu2163\/2021\/10\/comissio-convivencia-2021-22-200x150.jpg 200w, https:\/\/agora.xtec.cat\/ies-castelldelquer-prats\/wp-content\/uploads\/usu2163\/2021\/10\/comissio-convivencia-2021-22.jpg 1600w\" sizes=\"auto, (max-width: 1024px) 100vw, 1024px\" \/><\/p>\n<p>&nbsp;<\/p>\n<p>&nbsp;<\/p>\n<p>Us presentem els nou membres del plenari de la Comissi\u00f3 de Conviv\u00e8ncia. Est\u00e0 format per<\/p>\n<ul>\n<li><b>1r ESO:<\/b>\u00a0Alan Herrera. Ian S\u00e1nchez, Jan D\u00edez<\/li>\n<li><b>2n ESO:\u00a0<\/b>N\u00faria Sa\u00f1as, Pep Boix, Jordi Bruch Abad<\/li>\n<li><b>3r ESO:<\/b>\u00a0Pep Ju\u00e1rez, Iris Ruiz, \u00c1ngel Amela<\/li>\n<li><b>4t ESO:<\/b>\u00a0Toni Pidelaserra, Sergi Bar\u00f3, Jana Bruch<\/li>\n<li><b>1r batx:<\/b>\u00a0Queralt Vila<\/li>\n<li><b>2n batx:<\/b>\u00a0Pol Camprub\u00ed<\/li>\n<\/ul>\n<p style=\"font-weight: 400;\">Ahir 20 d&#8217;octubre ens vam reunir per presentar-nos i per parlar sobre qu\u00e8 podem millorar per fer del Centre un bon lloc per estudiar i conviure.\u00a0 De moment, hem pensat en valorar com funcionen les dues franges de pati que vam votar el curs passat. I tamb\u00e9 hem decidit el nom de la b\u00fastia per a la resoluci\u00f3 de conflictes, que ha de servir per fer arribar els problemes de conviv\u00e8ncia que puguin sorgir al Centre a la Comissi\u00f3, a fi de poder fer una mediaci\u00f3 i\u00a0 trobar solucions. El nom m\u00e9s votat va ser <em>resolub\u00fastia.<\/em><\/p>\n<p>&nbsp;<\/p>\n","protected":false},"excerpt":{"rendered":"<p>&nbsp;<br \/>\n&nbsp;<br \/>\nUs presentem els nou membres del plenari de la Comissi\u00f3 de Conviv\u00e8ncia. Est\u00e0 format per<\/p>\n<ul>\n<li>1r ESO:\u00a0Alan Herrera. Ian S\u00e1nchez, Jan D\u00edez<\/li>\n<li>2n ESO:\u00a0N\u00faria Sa\u00f1as, Pep Boix, Jordi Bruch Abad<\/li>\n<li>3r ESO:\u00a0Pep Ju\u00e1rez, Iris Ruiz, \u00c1ngel Amela<\/li>\n<li>4t ESO:\u00a0Toni Pidelaserra, Sergi Bar\u00f3, Jana Bruch<\/li>\n<li>1r batx:\u00a0Queralt Vila<\/li>\n<li>2n batx:\u00a0Pol Camprub\u00ed<\/li>\n<\/ul>\n<p>Ahir 20&hellip;  <a href=\"https:\/\/agora.xtec.cat\/ies-castelldelquer-prats\/general\/primer-plenari-de-curs-de-la-comissio-de-convivencia\/\" title=\"Read Primer plenari de curs de la comissi\u00f3 de conviv\u00e8ncia\">Llegeix m\u00e9s\u00bb<\/a><\/p>\n","protected":false},"author":1,"featured_media":2105,"comment_status":"open","ping_status":"closed","sticky":false,"template":"","format":"standard","meta":{"_bbp_topic_count":0,"_bbp_reply_count":0,"_bbp_total_topic_count":0,"_bbp_total_reply_count":0,"_bbp_voice_count":0,"_bbp_anonymous_reply_count":0,"_bbp_topic_count_hidden":0,"_bbp_reply_count_hidden":0,"_bbp_forum_subforum_count":0,"footnotes":""},"categories":[1,29],"tags":[],"class_list":["post-2107","post","type-post","status-publish","format-standard","has-post-thumbnail","hentry","category-general","category-portada"],"post_mailing_queue_ids":[],"_links":{"self":[{"href":"https:\/\/agora.xtec.cat\/ies-castelldelquer-prats\/wp-json\/wp\/v2\/posts\/2107","targetHints":{"allow":["GET"]}}],"collection":[{"href":"https:\/\/agora.xtec.cat\/ies-castelldelquer-prats\/wp-json\/wp\/v2\/posts"}],"about":[{"href":"https:\/\/agora.xtec.cat\/ies-castelldelquer-prats\/wp-json\/wp\/v2\/types\/post"}],"author":[{"embeddable":true,"href":"https:\/\/agora.xtec.cat\/ies-castelldelquer-prats\/wp-json\/wp\/v2\/users\/1"}],"replies":[{"embeddable":true,"href":"https:\/\/agora.xtec.cat\/ies-castelldelquer-prats\/wp-json\/wp\/v2\/comments?post=2107"}],"version-history":[{"count":1,"href":"https:\/\/agora.xtec.cat\/ies-castelldelquer-prats\/wp-json\/wp\/v2\/posts\/2107\/revisions"}],"predecessor-version":[{"id":2108,"href":"https:\/\/agora.xtec.cat\/ies-castelldelquer-prats\/wp-json\/wp\/v2\/posts\/2107\/revisions\/2108"}],"wp:featuredmedia":[{"embeddable":true,"href":"https:\/\/agora.xtec.cat\/ies-castelldelquer-prats\/wp-json\/wp\/v2\/media\/2105"}],"wp:attachment":[{"href":"https:\/\/agora.xtec.cat\/ies-castelldelquer-prats\/wp-json\/wp\/v2\/media?parent=2107"}],"wp:term":[{"taxonomy":"category","embeddable":true,"href":"https:\/\/agora.xtec.cat\/ies-castelldelquer-prats\/wp-json\/wp\/v2\/categories?post=2107"},{"taxonomy":"post_tag","embeddable":true,"href":"https:\/\/agora.xtec.cat\/ies-castelldelquer-prats\/wp-json\/wp\/v2\/tags?post=2107"}],"curies":[{"name":"wp","href":"https:\/\/api.w.org\/{rel}","templated":true}]}}