{"id":1758,"date":"2021-09-28T13:13:47","date_gmt":"2021-09-28T11:13:47","guid":{"rendered":"https:\/\/agora.xtec.cat\/ies-castelldelquer-prats\/?p=1758"},"modified":"2021-09-29T10:24:26","modified_gmt":"2021-09-29T08:24:26","slug":"usapps-es-la-nova-app-per-comunicar-situacions-de-violencia","status":"publish","type":"post","link":"https:\/\/agora.xtec.cat\/ies-castelldelquer-prats\/general\/usapps-es-la-nova-app-per-comunicar-situacions-de-violencia\/","title":{"rendered":"UsApps \u00e9s la nova app per comunicar situacions de viol\u00e8ncia"},"content":{"rendered":"<p><a href=\"https:\/\/agora.xtec.cat\/ies-castelldelquer-prats\/wp-content\/uploads\/usu2163\/2021\/07\/usapps.jpg\" target=\"_blank\" rel=\"https:\/\/usav.educacio.gencat.cat\/ noopener\"><img loading=\"lazy\" decoding=\"async\" class=\"alignright wp-image-1759 size-medium\" src=\"https:\/\/agora.xtec.cat\/ies-castelldelquer-prats\/wp-content\/uploads\/usu2163\/2021\/07\/usapps-300x192.jpg\" alt=\"\" width=\"300\" height=\"192\" srcset=\"https:\/\/agora.xtec.cat\/ies-castelldelquer-prats\/wp-content\/uploads\/usu2163\/2021\/07\/usapps-300x192.jpg 300w, https:\/\/agora.xtec.cat\/ies-castelldelquer-prats\/wp-content\/uploads\/usu2163\/2021\/07\/usapps-1024x656.jpg 1024w, https:\/\/agora.xtec.cat\/ies-castelldelquer-prats\/wp-content\/uploads\/usu2163\/2021\/07\/usapps-768x492.jpg 768w, https:\/\/agora.xtec.cat\/ies-castelldelquer-prats\/wp-content\/uploads\/usu2163\/2021\/07\/usapps.jpg 1075w\" sizes=\"auto, (max-width: 300px) 100vw, 300px\" \/><\/a>El Departament d&#8217;Educaci\u00f3 posa a disposici\u00f3 de totes les persones de la comunitat educativa una app per comunicar les diferents situacions de viol\u00e8ncia que l&#8217;alumnat pot viure o ser-ne testimoni.<\/p>\n<p>&#8216;UsApps&#8217; ha estat creada per un equip de professionals de la Unitat de Suport a l&#8217;Alumnat en Situacions de Viol\u00e8ncia (USAV), que fa acollida, atenci\u00f3 i assessorament a qui hi contacta, i que dona suport als centres per a l&#8217;activaci\u00f3 dels protocols corresponents.<\/p>\n<p>En aquest <a href=\"https:\/\/youtu.be\/nkgENcCaHH8\" target=\"_blank\" rel=\"noopener\" data-saferedirecturl=\"https:\/\/www.google.com\/url?q=https:\/\/youtu.be\/nkgENcCaHH8&amp;source=gmail&amp;ust=1627035583504000&amp;usg=AFQjCNGMooQhmUa0UEjpNZjB_Q21ps14Nw\">v\u00eddeo<\/a> explicatiu i en la i<a href=\"https:\/\/projectes.xtec.cat\/educacioinclusiva\/general\/engega-la-usapps\/\" target=\"_blank\" rel=\"noopener\" data-saferedirecturl=\"https:\/\/www.google.com\/url?q=https:\/\/projectes.xtec.cat\/educacioinclusiva\/general\/engega-la-usapps\/&amp;source=gmail&amp;ust=1627035583504000&amp;usg=AFQjCNH_F2o7iKapTH76AJC7sbJQBtZLqg\">nfografia<\/a> podeu consultar el funcionament de la UsApps.<\/p>\n<p><a href=\"https:\/\/www.youtube.com\/watch?v=nkgENcCaHH8\">https:\/\/www.youtube.com\/watch?v=nkgENcCaHH8<\/a><\/p>\n<p>&nbsp;<\/p>\n","protected":false},"excerpt":{"rendered":"<p><a href=\"https:\/\/agora.xtec.cat\/ies-castelldelquer-prats\/wp-content\/uploads\/usu2163\/2021\/07\/usapps.jpg\" target=\"_blank\" rel=\"https:\/\/usav.educacio.gencat.cat\/ noopener\"><\/a>El Departament d&#8217;Educaci\u00f3 posa a disposici\u00f3 de totes les persones de la comunitat educativa una app per comunicar les diferents situacions de viol\u00e8ncia que l&#8217;alumnat pot viure o ser-ne testimoni.<br \/>\n&#8216;UsApps&#8217; ha estat creada per un equip de professionals de la Unitat&hellip;  <a href=\"https:\/\/agora.xtec.cat\/ies-castelldelquer-prats\/general\/usapps-es-la-nova-app-per-comunicar-situacions-de-violencia\/\" title=\"Read UsApps \u00e9s la nova app per comunicar situacions de viol\u00e8ncia\">Llegeix m\u00e9s\u00bb<\/a><\/p>\n","protected":false},"author":1,"featured_media":1759,"comment_status":"closed","ping_status":"closed","sticky":false,"template":"","format":"standard","meta":{"_bbp_topic_count":0,"_bbp_reply_count":0,"_bbp_total_topic_count":0,"_bbp_total_reply_count":0,"_bbp_voice_count":0,"_bbp_anonymous_reply_count":0,"_bbp_topic_count_hidden":0,"_bbp_reply_count_hidden":0,"_bbp_forum_subforum_count":0,"footnotes":""},"categories":[1,29],"tags":[],"class_list":["post-1758","post","type-post","status-publish","format-standard","has-post-thumbnail","hentry","category-general","category-portada"],"post_mailing_queue_ids":[],"_links":{"self":[{"href":"https:\/\/agora.xtec.cat\/ies-castelldelquer-prats\/wp-json\/wp\/v2\/posts\/1758","targetHints":{"allow":["GET"]}}],"collection":[{"href":"https:\/\/agora.xtec.cat\/ies-castelldelquer-prats\/wp-json\/wp\/v2\/posts"}],"about":[{"href":"https:\/\/agora.xtec.cat\/ies-castelldelquer-prats\/wp-json\/wp\/v2\/types\/post"}],"author":[{"embeddable":true,"href":"https:\/\/agora.xtec.cat\/ies-castelldelquer-prats\/wp-json\/wp\/v2\/users\/1"}],"replies":[{"embeddable":true,"href":"https:\/\/agora.xtec.cat\/ies-castelldelquer-prats\/wp-json\/wp\/v2\/comments?post=1758"}],"version-history":[{"count":2,"href":"https:\/\/agora.xtec.cat\/ies-castelldelquer-prats\/wp-json\/wp\/v2\/posts\/1758\/revisions"}],"predecessor-version":[{"id":1761,"href":"https:\/\/agora.xtec.cat\/ies-castelldelquer-prats\/wp-json\/wp\/v2\/posts\/1758\/revisions\/1761"}],"wp:featuredmedia":[{"embeddable":true,"href":"https:\/\/agora.xtec.cat\/ies-castelldelquer-prats\/wp-json\/wp\/v2\/media\/1759"}],"wp:attachment":[{"href":"https:\/\/agora.xtec.cat\/ies-castelldelquer-prats\/wp-json\/wp\/v2\/media?parent=1758"}],"wp:term":[{"taxonomy":"category","embeddable":true,"href":"https:\/\/agora.xtec.cat\/ies-castelldelquer-prats\/wp-json\/wp\/v2\/categories?post=1758"},{"taxonomy":"post_tag","embeddable":true,"href":"https:\/\/agora.xtec.cat\/ies-castelldelquer-prats\/wp-json\/wp\/v2\/tags?post=1758"}],"curies":[{"name":"wp","href":"https:\/\/api.w.org\/{rel}","templated":true}]}}