{"id":1664,"date":"2021-05-22T22:27:08","date_gmt":"2021-05-22T20:27:08","guid":{"rendered":"https:\/\/agora.xtec.cat\/ies-castelldelquer-prats\/?p=1664"},"modified":"2022-02-02T09:47:18","modified_gmt":"2022-02-02T08:47:18","slug":"entrevista-amb-els-macaris","status":"publish","type":"post","link":"https:\/\/agora.xtec.cat\/ies-castelldelquer-prats\/projectes\/teatre\/nit-de-revetlla-2021\/entrevista-amb-els-macaris\/","title":{"rendered":"Entrevista a &#8230;  ELS MACARIS!! Qui s\u00f3n?!"},"content":{"rendered":"<p><img loading=\"lazy\" decoding=\"async\" class=\"size-full wp-image-1665 aligncenter\" src=\"https:\/\/agora.xtec.cat\/ies-castelldelquer-prats\/wp-content\/uploads\/usu2163\/2021\/05\/WhatsApp-Image-2021-05-22-at-21.55.13.jpeg\" alt=\"\" width=\"720\" height=\"538\" srcset=\"https:\/\/agora.xtec.cat\/ies-castelldelquer-prats\/wp-content\/uploads\/usu2163\/2021\/05\/WhatsApp-Image-2021-05-22-at-21.55.13.jpeg 720w, https:\/\/agora.xtec.cat\/ies-castelldelquer-prats\/wp-content\/uploads\/usu2163\/2021\/05\/WhatsApp-Image-2021-05-22-at-21.55.13-300x224.jpeg 300w, https:\/\/agora.xtec.cat\/ies-castelldelquer-prats\/wp-content\/uploads\/usu2163\/2021\/05\/WhatsApp-Image-2021-05-22-at-21.55.13-200x150.jpeg 200w\" sizes=\"auto, (max-width: 720px) 100vw, 720px\" \/><strong>Qui sou? <\/strong>Som\u00a0els Macaris. El de les dotze, el de la una, el de les dues, el de les tres i el de les nou del mat\u00ed.<br \/>\n<strong>Ha estat dif\u00edcil crear el vostre personatge?<\/strong><br \/>\nNo.\u00a0 Potser la part m\u00e9s dif\u00edcil ha estat posar l\u2019accent del nostre personatge -en aix\u00f2 tots coincidim-, per\u00f2 al final ha sortit.<br \/>\n<strong>Us sentiu identificats amb el vostre personatge?<\/strong><br \/>\nTots estem d\u2019acord en que no.<\/p>\n<p><strong>Que \u00e9s el que m\u00e9s us agrada i el que menys us agrada del vostre paper?<\/strong><br \/>\n\u00c9s un personatge molt xulo i sempre <em>farda<\/em> de tota, fa riure i, per aix\u00f2 interpretar aquest personatge\u00a0 ens agrada molt. En els assaigs ens ho hem passat molt b\u00e9.<\/p>\n<p style=\"text-align: center;\"><strong>Per qu\u00e8 creieu que la gent ha de venir a veure l\u2019obra<\/strong>?<br \/>\nEst\u00e0 molt xula, far\u00e0 molt riure i perqu\u00e8 \u00e9s el nostre \u00faltim any a l\u2019institut. \u00c9s un projecte que porta molt temps, i veure el resultat final els hi agradar\u00e0 a tots i totes. Entre tots fem molta gr\u00e0cia i \u00e9s molt interessant. Esperem que tots ho disfruteu tant com nosaltres.<\/p>\n","protected":false},"excerpt":{"rendered":"<p>Durant aquesta setmana i fins el dia de l\u2019estrena us presentarem els diversos personatges de NIT de REVETLLA i us descobrirem qui els interpreta i com han viscut la preparaci\u00f3 d\u2019aquests personatges. Avui els MACARIS!!!<\/p>\n","protected":false},"author":1,"featured_media":1665,"comment_status":"closed","ping_status":"closed","sticky":false,"template":"","format":"standard","meta":{"_bbp_topic_count":0,"_bbp_reply_count":0,"_bbp_total_topic_count":0,"_bbp_total_reply_count":0,"_bbp_voice_count":0,"_bbp_anonymous_reply_count":0,"_bbp_topic_count_hidden":0,"_bbp_reply_count_hidden":0,"_bbp_forum_subforum_count":0,"site-sidebar-layout":"default","site-content-layout":"","ast-site-content-layout":"","site-content-style":"default","site-sidebar-style":"default","ast-global-header-display":"","ast-banner-title-visibility":"","ast-main-header-display":"","ast-hfb-above-header-display":"","ast-hfb-below-header-display":"","ast-hfb-mobile-header-display":"","site-post-title":"","ast-breadcrumbs-content":"","ast-featured-img":"","footer-sml-layout":"","theme-transparent-header-meta":"","adv-header-id-meta":"","stick-header-meta":"","header-above-stick-meta":"","header-main-stick-meta":"","header-below-stick-meta":"","astra-migrate-meta-layouts":"default","ast-page-background-enabled":"default","ast-page-background-meta":{"desktop":{"background-color":"var(--ast-global-color-4)","background-image":"","background-repeat":"repeat","background-position":"center center","background-size":"auto","background-attachment":"scroll","background-type":"","background-media":"","overlay-type":"","overlay-color":"","overlay-opacity":"","overlay-gradient":""},"tablet":{"background-color":"","background-image":"","background-repeat":"repeat","background-position":"center center","background-size":"auto","background-attachment":"scroll","background-type":"","background-media":"","overlay-type":"","overlay-color":"","overlay-opacity":"","overlay-gradient":""},"mobile":{"background-color":"","background-image":"","background-repeat":"repeat","background-position":"center center","background-size":"auto","background-attachment":"scroll","background-type":"","background-media":"","overlay-type":"","overlay-color":"","overlay-opacity":"","overlay-gradient":""}},"ast-content-background-meta":{"desktop":{"background-color":"var(--ast-global-color-5)","background-image":"","background-repeat":"repeat","background-position":"center center","background-size":"auto","background-attachment":"scroll","background-type":"","background-media":"","overlay-type":"","overlay-color":"","overlay-opacity":"","overlay-gradient":""},"tablet":{"background-color":"var(--ast-global-color-5)","background-image":"","background-repeat":"repeat","background-position":"center center","background-size":"auto","background-attachment":"scroll","background-type":"","background-media":"","overlay-type":"","overlay-color":"","overlay-opacity":"","overlay-gradient":""},"mobile":{"background-color":"var(--ast-global-color-5)","background-image":"","background-repeat":"repeat","background-position":"center center","background-size":"auto","background-attachment":"scroll","background-type":"","background-media":"","overlay-type":"","overlay-color":"","overlay-opacity":"","overlay-gradient":""}},"footnotes":""},"categories":[160],"tags":[],"class_list":["post-1664","post","type-post","status-publish","format-standard","has-post-thumbnail","hentry","category-nit-de-revetlla-2021"],"post_mailing_queue_ids":[],"_links":{"self":[{"href":"https:\/\/agora.xtec.cat\/ies-castelldelquer-prats\/wp-json\/wp\/v2\/posts\/1664","targetHints":{"allow":["GET"]}}],"collection":[{"href":"https:\/\/agora.xtec.cat\/ies-castelldelquer-prats\/wp-json\/wp\/v2\/posts"}],"about":[{"href":"https:\/\/agora.xtec.cat\/ies-castelldelquer-prats\/wp-json\/wp\/v2\/types\/post"}],"author":[{"embeddable":true,"href":"https:\/\/agora.xtec.cat\/ies-castelldelquer-prats\/wp-json\/wp\/v2\/users\/1"}],"replies":[{"embeddable":true,"href":"https:\/\/agora.xtec.cat\/ies-castelldelquer-prats\/wp-json\/wp\/v2\/comments?post=1664"}],"version-history":[{"count":4,"href":"https:\/\/agora.xtec.cat\/ies-castelldelquer-prats\/wp-json\/wp\/v2\/posts\/1664\/revisions"}],"predecessor-version":[{"id":1690,"href":"https:\/\/agora.xtec.cat\/ies-castelldelquer-prats\/wp-json\/wp\/v2\/posts\/1664\/revisions\/1690"}],"wp:featuredmedia":[{"embeddable":true,"href":"https:\/\/agora.xtec.cat\/ies-castelldelquer-prats\/wp-json\/wp\/v2\/media\/1665"}],"wp:attachment":[{"href":"https:\/\/agora.xtec.cat\/ies-castelldelquer-prats\/wp-json\/wp\/v2\/media?parent=1664"}],"wp:term":[{"taxonomy":"category","embeddable":true,"href":"https:\/\/agora.xtec.cat\/ies-castelldelquer-prats\/wp-json\/wp\/v2\/categories?post=1664"},{"taxonomy":"post_tag","embeddable":true,"href":"https:\/\/agora.xtec.cat\/ies-castelldelquer-prats\/wp-json\/wp\/v2\/tags?post=1664"}],"curies":[{"name":"wp","href":"https:\/\/api.w.org\/{rel}","templated":true}]}}