{"id":1571,"date":"2021-05-04T14:27:30","date_gmt":"2021-05-04T12:27:30","guid":{"rendered":"https:\/\/agora.xtec.cat\/ies-castelldelquer-prats\/?p=1571"},"modified":"2021-05-19T22:40:02","modified_gmt":"2021-05-19T20:40:02","slug":"vivencies-de-la-diada-de-sant-jordi-a-linstitut","status":"publish","type":"post","link":"https:\/\/agora.xtec.cat\/ies-castelldelquer-prats\/general\/vivencies-de-la-diada-de-sant-jordi-a-linstitut\/","title":{"rendered":"Viv\u00e8ncies de la diada de Sant Jordi a l&#8217;institut"},"content":{"rendered":"<p><img loading=\"lazy\" decoding=\"async\" src=\"https:\/\/agora.xtec.cat\/ies-castelldelquer-prats\/wp-content\/uploads\/usu2163\/2021\/04\/Sant-Jordi-1024x576.jpg\" alt=\"\" width=\"1024\" height=\"576\" \/><\/p>\n<p style=\"text-align: center;\"><a href=\"https:\/\/youtu.be\/5m6JKXJGgPg\"><span style=\"font-weight: 400;\"><strong><em>Fes<\/em> clic per veure el v\u00eddeo de tota l&#8217;acte<\/strong><\/span><\/a><\/p>\n<figure class=\"figure wp-caption alignright\"><a href=\"https:\/\/youtu.be\/9XDgcRaAPKc\"><img loading=\"lazy\" decoding=\"async\" class=\"wp-image-1574\" src=\"https:\/\/agora.xtec.cat\/ies-castelldelquer-prats\/wp-content\/uploads\/usu2163\/2021\/04\/05-dem\u00e0-1-1024x576.jpg\" alt=\"\" width=\"441\" height=\"248\" srcset=\"https:\/\/agora.xtec.cat\/ies-castelldelquer-prats\/wp-content\/uploads\/usu2163\/2021\/04\/05-dem\u00e0-1-1024x576.jpg 1024w, https:\/\/agora.xtec.cat\/ies-castelldelquer-prats\/wp-content\/uploads\/usu2163\/2021\/04\/05-dem\u00e0-1-300x169.jpg 300w, https:\/\/agora.xtec.cat\/ies-castelldelquer-prats\/wp-content\/uploads\/usu2163\/2021\/04\/05-dem\u00e0-1-768x432.jpg 768w, https:\/\/agora.xtec.cat\/ies-castelldelquer-prats\/wp-content\/uploads\/usu2163\/2021\/04\/05-dem\u00e0-1.jpg 2048w\" sizes=\"auto, (max-width: 441px) 100vw, 441px\" \/><\/a><figcaption class=\"wp-caption-text\"><strong><a href=\"https:\/\/youtu.be\/9XDgcRaAPKc\"><em>Fes<\/em> clic per veure el v\u00eddeo de l&#8217;actuaci\u00f3 de 2n de Batxillerat<\/a><\/strong><\/figcaption><\/figure>\n<p><strong>J\u00falia Roma i Txell Plans. Alumnes de 2n de batxillerat \/\/<\/strong> Malgrat la situaci\u00f3 actual, des de l&#8217;Institut Castell del Quer no ens vam voler perdre una de les festes m\u00e9s boniques i rom\u00e0tiques que tenim a Catalunya, i vam tenir la sort de gaudir d&#8217;un sol radiant que ens va acompanyar durant tot el dia. Per primera vegada en aquest curs vam poder ajuntar-nos tots al pati per a poder seguir l&#8217;acte presentat pels i les alumnes de 1r de Batxillerat, els quals van ser els encarregats d&#8217;entregar els diferents premis, entre ells els del certamen literari.<\/p>\n<p>&nbsp;<\/p>\n<p>&nbsp;<\/p>\n<p><span style=\"font-weight: 400;\">Per tal d&#8217;animar el mat\u00ed, cada classe va preparar una petita representaci\u00f3 relacionats amb diferents temes. En el nostre cas, vam parlar de la dist\u00e0ncia, no nom\u00e9s la que hi ha d&#8217;haver aquest any per culpa de la COVID, sin\u00f3 tamb\u00e9 la que ens separar\u00e0 l&#8217;any que ve quan anem a les nostres universitats. Tot i aix\u00ed, vam deixar clar que malgrat la dist\u00e0ncia, units per sempre! Dins d&#8217;aquesta mateixa l\u00ednia, vam emocionar-nos amb una de les cartes de la b\u00fastia de l&#8217;amor, dirigida a tots i cada un dels alumnes de 2n de Batxillerat.<\/span><\/p>\n<p><span style=\"font-weight: 400;\">Ja cansats d&#8217;estar asseguts, per\u00f2 sense ganes que s&#8217;acab\u00e9s la jornada, vam ser els responsables de dirigir diversos tallers per la resta d&#8217;alumnes de l&#8217;institut, des d&#8217;un karaoke fins a un partit de futbol. Tot i que van ser curts, van ser valorats molt positivament. Va arribar l&#8217;hora de marxar i nosaltres ens vam acomiadar de l&#8217;\u00faltim Sant Jordi que celebrar\u00edem a l&#8217;Institut.<\/span><\/p>\n<p><a href=\"https:\/\/agora.xtec.cat\/ies-castelldelquer-prats\/wp-content\/uploads\/usu2163\/2021\/04\/IMG-20210429-WA0042.jpg\"><img loading=\"lazy\" decoding=\"async\" class=\"alignleft size-large wp-image-1580\" src=\"https:\/\/agora.xtec.cat\/ies-castelldelquer-prats\/wp-content\/uploads\/usu2163\/2021\/04\/IMG-20210429-WA0042-1024x576.jpg\" alt=\"\" width=\"1024\" height=\"576\" srcset=\"https:\/\/agora.xtec.cat\/ies-castelldelquer-prats\/wp-content\/uploads\/usu2163\/2021\/04\/IMG-20210429-WA0042-1024x576.jpg 1024w, https:\/\/agora.xtec.cat\/ies-castelldelquer-prats\/wp-content\/uploads\/usu2163\/2021\/04\/IMG-20210429-WA0042-300x169.jpg 300w, https:\/\/agora.xtec.cat\/ies-castelldelquer-prats\/wp-content\/uploads\/usu2163\/2021\/04\/IMG-20210429-WA0042-768x432.jpg 768w, https:\/\/agora.xtec.cat\/ies-castelldelquer-prats\/wp-content\/uploads\/usu2163\/2021\/04\/IMG-20210429-WA0042.jpg 2048w\" sizes=\"auto, (max-width: 1024px) 100vw, 1024px\" \/><\/a><\/p>\n<p>&nbsp;<\/p>\n<p>&nbsp;<\/p>\n<p>&nbsp;<\/p>\n<p>&nbsp;<\/p>\n<p>&nbsp;<\/p>\n<p>&nbsp;<\/p>\n<p>&nbsp;<\/p>\n<p>&nbsp;<\/p>\n<p>&nbsp;<\/p>\n<p><span style=\"font-weight: 400;\">\u00a0\u00a0<\/span><a href=\"https:\/\/youtu.be\/IJEZ0BqRo2Y\"><em>Fes<\/em> clic per veure el v\u00eddeo de l&#8217;actuaci\u00f3 de 2n d&#8217;Eso editat\u00a0 per Pep Ju\u00e1rez<\/a><\/p>\n<p><span style=\"font-weight: 400;\"><span style=\"color: #003366;\"><strong>Sara Borralleras i Uma Berjano. Alumnes de 2n d&#8217;ESO \/\/\u00a0 <\/strong><\/span><\/span><span style=\"font-weight: 400;\">El divendres 23 d\u2019Abril els alumnes de 2n d\u2019ESO vam gaudir d\u2019una diada de Sant Jordi diferent. <\/span><span style=\"font-weight: 400;\">Nom\u00e9s per un dia vam tenir la sort d\u2019agrupar-nos tots els alumnes de l&#8217;institut &#8211; aix\u00f2 s\u00ed, guardant totes les mesures de prevenci\u00f3 COVID. Era la primera vegada en tot el curs!!!\u00a0 Junts vam presenciar i participar en l\u2019acte de lliurament de premis del Concurs <em>Isidre Beltr\u00e0<\/em> \u00a0basat en la poesia visual i conduit per l&#8217;alumnat de <\/span><span style=\"font-weight: 400;\">1r de batxillerat. <\/span><\/p>\n<p><span style=\"font-weight: 400;\">Cada classe va fer una petita representaci\u00f3, i els alumnes de 2n d\u2019ESO ens va tocar fer-ne una amb el tema de la primavera, el tema que pr\u00e8viament hav\u00edem escollit i sobre el quan versaven els nostres cal\u00b7ligrames del concurs literari. Van sortir unes representacions fant\u00e0stiques. En elles vam representar el cicle de les flors, unes paraules dibuixades en diferents samarretes i finalment vam pintar un cartell.<\/span><\/p>\n<p><span style=\"font-weight: 400;\">Un cop acabat l\u2019acte, que el vam fer acompanyats d\u2019un sol meravell\u00f3s, vam prosseguir a fer uns tallers organitzats i conduits per 2n de Batxillerat. Un grup va pintar un tros de la paret, la qual va quedar fascinant. Un altre grup va anar al camp de futbol a fer un 4&#215;4. I, finalment, un altre grup va anar a fer unes torres amb espaguetis. Un cop acabats uns tallers molt entretinguts vam marxar cap a casa.<\/span><\/p>\n<p>&nbsp;<\/p>\n<p><a href=\"https:\/\/agora.xtec.cat\/ies-castelldelquer-prats\/wp-content\/uploads\/usu2163\/2021\/04\/1rC.jpg\"><img loading=\"lazy\" decoding=\"async\" class=\"alignleft size-large wp-image-1579\" src=\"https:\/\/agora.xtec.cat\/ies-castelldelquer-prats\/wp-content\/uploads\/usu2163\/2021\/04\/1rC-1024x266.jpg\" alt=\"\" width=\"1024\" height=\"266\" srcset=\"https:\/\/agora.xtec.cat\/ies-castelldelquer-prats\/wp-content\/uploads\/usu2163\/2021\/04\/1rC-1024x266.jpg 1024w, https:\/\/agora.xtec.cat\/ies-castelldelquer-prats\/wp-content\/uploads\/usu2163\/2021\/04\/1rC-300x78.jpg 300w, https:\/\/agora.xtec.cat\/ies-castelldelquer-prats\/wp-content\/uploads\/usu2163\/2021\/04\/1rC-768x199.jpg 768w, https:\/\/agora.xtec.cat\/ies-castelldelquer-prats\/wp-content\/uploads\/usu2163\/2021\/04\/1rC.jpg 1600w\" sizes=\"auto, (max-width: 1024px) 100vw, 1024px\" \/><\/a><\/p>\n<p><span style=\"font-weight: 400;\"><span style=\"color: #003366;\"><strong>Queralt Aranda i N\u00faria Sa\u00f1as \/\/\u00a0<\/strong> <\/span>Divendres 23 d\u2019abril vam viure el nostre primer Sant Jordi\u00a0 a l\u2019Institut. Les dos primeres hores vam fer classe normal, despr\u00e9s vam anar al pati a esmorzar coca i xocolata, que ens havien preparat l&#8217;alumnat de 3r d&#8217;ESO.\u00a0 <\/span><span style=\"font-weight: 400;\">Seguidament, va comen\u00e7ar l\u2019espectacle.\u00a0 Els alumnes de 1r de Batxillerat van fer una petita introducci\u00f3 del dia de Sant Jordi i despr\u00e9s es van anar succeint algunes actuacions musicals, el repartiment de premis de<\/span><span style=\"font-weight: 400;\"> les proves Cangur 2021, del concurs dels cartells de la Igualtat de g\u00e8nere i del concurs de poesia visual.\u00a0 <\/span><span style=\"font-weight: 400;\">A m\u00e9s, cada classe va fer la seva Performance. Nosaltres la vam fer sobre \u201cUn m\u00f3n al rev\u00e9s\u201d.\u00a0\u00a0<\/span><span style=\"font-weight: 400;\">I per acabar es van llegir i donar algunes de les cartes rebudes a la b\u00fastia de l\u2019amor.\u00a0<\/span><\/p>\n<p><span style=\"font-weight: 400;\">Per finalitzar les activitat d&#8217;aquest dia especial vam fer un taller escollit per nosaltres i organitzat pels alumnes m\u00e9s grans de l&#8217;institut.\u00a0<\/span><span style=\"font-weight: 400;\">Ens va agradar molt i va ser molt divertit, esperem que l\u2019any que ve podem tornar a celebrar-lo i passar-nos-ho igual de b\u00e9.\u00a0<\/span><\/p>\n<p>&nbsp;<\/p>\n<p><strong>M\u00f2nica Plaza i T\u00e0nia Saez, alumnes 4t ESO. <\/strong><span style=\"font-weight: 400;\">El passat 23 d\u2019abril a l\u2019institut vam celebrar Sant Jordi. Va ser un Sant Jordi diferent ja que no vam poder anar a la polivalent per fer els lliuraments de premis, aix\u00ed que, ho vam fer al pati. Com a cosa nova aquest any, cada grup classe va fer una performance sobre el tema que havien triat per fer la poesia visual.\u00a0<\/span><span style=\"font-weight: 400;\">Els nois i noies de 4t pensem que va estar molt b\u00e9 ja que vam poder gaudir de l\u2019espectacle de tots els alumnes de l\u2019institut i que va fer molt bon dia. Aix\u00ed que vam poder disfrutar d\u2019un Sant Jordi diferent i molt divertit. <\/span><\/p>\n","protected":false},"excerpt":{"rendered":"<p>Tot l&#8217;alumnat de l&#8217;institut va participar de la diada de Sant Jordi. Els de 3r d&#8217;ESO es van ocupar de l&#8217;esmorzar, es de 1r de Batxillerat de conduir l&#8217;acte de lliurament de premis i els de 2n de Batxillerat dels taller. Una jornada molt participada i emotiva, ja que ha estat la primera vegada en tot aquest curs que hem pogut estar tots junts &#8211; encara que separats en grups bombolles-. &hellip;  <a href=\"https:\/\/agora.xtec.cat\/ies-castelldelquer-prats\/general\/vivencies-de-la-diada-de-sant-jordi-a-linstitut\/\" title=\"Read Viv\u00e8ncies de la diada de Sant Jordi a l&#8217;institut\">Llegeix m\u00e9s\u00bb<\/a><\/p>\n","protected":false},"author":1,"featured_media":1572,"comment_status":"closed","ping_status":"closed","sticky":false,"template":"","format":"standard","meta":{"_bbp_topic_count":0,"_bbp_reply_count":0,"_bbp_total_topic_count":0,"_bbp_total_reply_count":0,"_bbp_voice_count":0,"_bbp_anonymous_reply_count":0,"_bbp_topic_count_hidden":0,"_bbp_reply_count_hidden":0,"_bbp_forum_subforum_count":0,"footnotes":""},"categories":[1,29],"tags":[],"class_list":["post-1571","post","type-post","status-publish","format-standard","has-post-thumbnail","hentry","category-general","category-portada"],"post_mailing_queue_ids":[],"_links":{"self":[{"href":"https:\/\/agora.xtec.cat\/ies-castelldelquer-prats\/wp-json\/wp\/v2\/posts\/1571","targetHints":{"allow":["GET"]}}],"collection":[{"href":"https:\/\/agora.xtec.cat\/ies-castelldelquer-prats\/wp-json\/wp\/v2\/posts"}],"about":[{"href":"https:\/\/agora.xtec.cat\/ies-castelldelquer-prats\/wp-json\/wp\/v2\/types\/post"}],"author":[{"embeddable":true,"href":"https:\/\/agora.xtec.cat\/ies-castelldelquer-prats\/wp-json\/wp\/v2\/users\/1"}],"replies":[{"embeddable":true,"href":"https:\/\/agora.xtec.cat\/ies-castelldelquer-prats\/wp-json\/wp\/v2\/comments?post=1571"}],"version-history":[{"count":3,"href":"https:\/\/agora.xtec.cat\/ies-castelldelquer-prats\/wp-json\/wp\/v2\/posts\/1571\/revisions"}],"predecessor-version":[{"id":1603,"href":"https:\/\/agora.xtec.cat\/ies-castelldelquer-prats\/wp-json\/wp\/v2\/posts\/1571\/revisions\/1603"}],"wp:featuredmedia":[{"embeddable":true,"href":"https:\/\/agora.xtec.cat\/ies-castelldelquer-prats\/wp-json\/wp\/v2\/media\/1572"}],"wp:attachment":[{"href":"https:\/\/agora.xtec.cat\/ies-castelldelquer-prats\/wp-json\/wp\/v2\/media?parent=1571"}],"wp:term":[{"taxonomy":"category","embeddable":true,"href":"https:\/\/agora.xtec.cat\/ies-castelldelquer-prats\/wp-json\/wp\/v2\/categories?post=1571"},{"taxonomy":"post_tag","embeddable":true,"href":"https:\/\/agora.xtec.cat\/ies-castelldelquer-prats\/wp-json\/wp\/v2\/tags?post=1571"}],"curies":[{"name":"wp","href":"https:\/\/api.w.org\/{rel}","templated":true}]}}