{"id":7158,"date":"2026-08-27T11:18:23","date_gmt":"2026-08-27T09:18:23","guid":{"rendered":"https:\/\/agora.xtec.cat\/ies-carles-vallbona\/?p=7158"},"modified":"2026-08-31T10:12:02","modified_gmt":"2026-08-31T08:12:02","slug":"inici-de-curs-26-27","status":"publish","type":"post","link":"https:\/\/agora.xtec.cat\/ies-carles-vallbona\/general\/inici-de-curs-26-27\/","title":{"rendered":"Informaci\u00f3 d\u2019inici de curs 2026\/2027 &#8211; ESO\/BAT\/CFGM\/CFGS"},"content":{"rendered":"\n<h1 class=\"wp-block-heading\">Inici de curs 26\/27<\/h1>\n\n\n\n<figure class=\"wp-block-table\"><table class=\"has-white-color has-vivid-red-background-color has-text-color has-background has-link-color has-fixed-layout\"><tbody><tr><td><strong>ESO<\/strong><\/td><\/tr><\/tbody><\/table><\/figure>\n\n\n\n<p>Els grups-classe se sabran el mateix dilluns dia 8, podreu consultar els llistats que estaran penjats a l\u2019entrada.<\/p>\n\n\n\n<p>Tot l\u2019alumnat d\u2019ESO inicia el curs el&nbsp;<strong>dimarts 8 de setembre<\/strong>&nbsp;amb sessi\u00f3 de tutoria i de manera esglaonada amb la seg\u00fcent organitzaci\u00f3.<\/p>\n\n\n\n<figure class=\"wp-block-image aligncenter size-full is-resized\"><img loading=\"lazy\" decoding=\"async\" width=\"795\" height=\"661\" src=\"https:\/\/agora.xtec.cat\/ies-carles-vallbona\/wp-content\/uploads\/usu2364\/2026\/08\/eso.png\" alt=\"\" class=\"wp-image-7161\" style=\"width:571px;height:auto\" srcset=\"https:\/\/agora.xtec.cat\/ies-carles-vallbona\/wp-content\/uploads\/usu2364\/2026\/08\/eso.png 795w, https:\/\/agora.xtec.cat\/ies-carles-vallbona\/wp-content\/uploads\/usu2364\/2026\/08\/eso-300x249.png 300w, https:\/\/agora.xtec.cat\/ies-carles-vallbona\/wp-content\/uploads\/usu2364\/2026\/08\/eso-768x639.png 768w\" sizes=\"auto, (max-width: 795px) 100vw, 795px\" \/><\/figure>\n\n\n\n<p>No cal que portin el port\u00e0til ni els llibres. Nom\u00e9s un bol\u00edgraf o llapis. Se\u2019ls hi entregar\u00e0 la carpeta i l\u2019agenda amb l\u2019horari de classe. L\u2019alumnat de 1r d\u2019ESO comen\u00e7ar\u00e0 a les 12:30 amb una breu presentaci\u00f3 de la directora i l\u2019equip de tutors\/es i acabar\u00e0 a les 14:30. La resta de cursos podran marxar despr\u00e9s de les presentacions dels seus respectius tutors\/es.<\/p>\n\n\n\n<p>Les fam\u00edlies d\u2019ESO rebran un correu de benvinguda al llarg del&nbsp;<strong>dia 4 de setembre&nbsp;<\/strong>amb la guia de l\u2019alumnat. Reviseu la safata de correu brossa. L&#8217;acc\u00e9s a iEduca no estar\u00e0 habilitat fins el dia 8 de setembre.<\/p>\n\n\n\n<p><\/p>\n\n\n\n<figure class=\"wp-block-table\"><table class=\"has-white-color has-vivid-red-background-color has-text-color has-background has-link-color has-fixed-layout\"><tbody><tr><td><strong>BATXILLERAT<\/strong><\/td><\/tr><\/tbody><\/table><\/figure>\n\n\n\n<p>Tot l\u2019alumnat de batxillerat inicia el curs el&nbsp;<strong>dimarts 8 de setembre<\/strong>&nbsp;amb sessi\u00f3 de tutoria i amb la seg\u00fcent organitzaci\u00f3:<\/p>\n\n\n\n<figure class=\"wp-block-image aligncenter size-large is-resized\"><img loading=\"lazy\" decoding=\"async\" width=\"1024\" height=\"554\" src=\"https:\/\/agora.xtec.cat\/ies-carles-vallbona\/wp-content\/uploads\/usu2364\/2026\/08\/bat-1024x554.png\" alt=\"\" class=\"wp-image-7162\" style=\"width:469px;height:auto\" srcset=\"https:\/\/agora.xtec.cat\/ies-carles-vallbona\/wp-content\/uploads\/usu2364\/2026\/08\/bat-1024x554.png 1024w, https:\/\/agora.xtec.cat\/ies-carles-vallbona\/wp-content\/uploads\/usu2364\/2026\/08\/bat-300x162.png 300w, https:\/\/agora.xtec.cat\/ies-carles-vallbona\/wp-content\/uploads\/usu2364\/2026\/08\/bat-768x416.png 768w, https:\/\/agora.xtec.cat\/ies-carles-vallbona\/wp-content\/uploads\/usu2364\/2026\/08\/bat.png 1138w\" sizes=\"auto, (max-width: 1024px) 100vw, 1024px\" \/><\/figure>\n\n\n\n<p>Les fam\u00edlies de l\u2019alumnat de 1r i 2n de Batxillerat rebran un correu de benvinguda al llarg del&nbsp;<strong>dia 4 de setembre&nbsp;<\/strong>amb la guia de l\u2019alumnat. Reviseu la safata de correu brossa. L&#8217;acc\u00e9s a iEduca no estar\u00e0 habilitat fins el dia 8 de setembre.<\/p>\n\n\n\n<p>Els grups-classe se sabran el mateix dia 8.<\/p>\n\n\n\n<p>Es poden consultar les mat\u00e8ries optatives i de modalitat escollides en aquest enlla\u00e7os:<br><a href=\"https:\/\/agora.xtec.cat\/ies-carles-vallbona\/wp-content\/uploads\/usu2364\/2026\/08\/1BAT_materies.pdf\">1r Batxillerat<\/a><br><a href=\"https:\/\/agora.xtec.cat\/ies-carles-vallbona\/wp-content\/uploads\/usu2364\/2026\/08\/2BAT_materies.pdf\">2n Batxillerat<\/a><\/p>\n\n\n\n<p><strong>\u26a0\ufe0f&nbsp;IMPORTANT!&nbsp;<\/strong>L\u2019alumnat de 2n batxillerat que vol cursar una mat\u00e8ria per l\u2019IOC, s\u2019ha de posar en contacte amb la coordinadora de batxillerat, Bego\u00f1a Castillo, abans del 3 de setembre per fer la matr\u00edcula. La matr\u00edcula es far\u00e0 el dia 4 de setembre de 9h a 10h a l&#8217;institut. Passada aquesta data, no es podran matricular.<\/p>\n\n\n\n<p><\/p>\n\n\n\n<figure class=\"wp-block-table\"><table class=\"has-white-color has-vivid-red-background-color has-text-color has-background has-link-color has-fixed-layout\"><tbody><tr><td><strong>CICLES FORMATIUS<\/strong><\/td><\/tr><\/tbody><\/table><\/figure>\n\n\n\n<p>L\u2019alumnat de cicles formatius inicia el curs el&nbsp;<strong>dilluns 14 de setembre<\/strong>&nbsp;amb sessi\u00f3 de tutoria i proves diagn\u00f2stiques, amb la seg\u00fcent organitzaci\u00f3:<\/p>\n\n\n\n<p class=\"has-text-align-right\">               *L&#8217;alumnat de 1r SMX realitzar\u00e0 les entrevistes personals el dijous 10 de setembre, rebreu un correu. <\/p>\n\n\n\n<figure class=\"wp-block-image size-full is-resized\"><a href=\"https:\/\/agora.xtec.cat\/ies-carles-vallbona\/wp-content\/uploads\/usu2364\/2026\/08\/cfgm.png\"><img loading=\"lazy\" decoding=\"async\" width=\"820\" height=\"816\" src=\"https:\/\/agora.xtec.cat\/ies-carles-vallbona\/wp-content\/uploads\/usu2364\/2026\/08\/cfgm.png\" alt=\"\" class=\"wp-image-7163\" style=\"width:863px;height:auto\" srcset=\"https:\/\/agora.xtec.cat\/ies-carles-vallbona\/wp-content\/uploads\/usu2364\/2026\/08\/cfgm.png 820w, https:\/\/agora.xtec.cat\/ies-carles-vallbona\/wp-content\/uploads\/usu2364\/2026\/08\/cfgm-300x300.png 300w, https:\/\/agora.xtec.cat\/ies-carles-vallbona\/wp-content\/uploads\/usu2364\/2026\/08\/cfgm-150x150.png 150w, https:\/\/agora.xtec.cat\/ies-carles-vallbona\/wp-content\/uploads\/usu2364\/2026\/08\/cfgm-768x764.png 768w\" sizes=\"auto, (max-width: 820px) 100vw, 820px\" \/><\/a><\/figure>\n\n\n\n<figure class=\"wp-block-image size-large is-resized\"><a href=\"https:\/\/agora.xtec.cat\/ies-carles-vallbona\/wp-content\/uploads\/usu2364\/2026\/08\/cfgs.png\"><img loading=\"lazy\" decoding=\"async\" width=\"1024\" height=\"618\" src=\"https:\/\/agora.xtec.cat\/ies-carles-vallbona\/wp-content\/uploads\/usu2364\/2026\/08\/cfgs-1024x618.png\" alt=\"\" class=\"wp-image-7164\" style=\"width:991px;height:auto\" srcset=\"https:\/\/agora.xtec.cat\/ies-carles-vallbona\/wp-content\/uploads\/usu2364\/2026\/08\/cfgs-1024x618.png 1024w, https:\/\/agora.xtec.cat\/ies-carles-vallbona\/wp-content\/uploads\/usu2364\/2026\/08\/cfgs-300x181.png 300w, https:\/\/agora.xtec.cat\/ies-carles-vallbona\/wp-content\/uploads\/usu2364\/2026\/08\/cfgs-768x464.png 768w, https:\/\/agora.xtec.cat\/ies-carles-vallbona\/wp-content\/uploads\/usu2364\/2026\/08\/cfgs.png 1149w\" sizes=\"auto, (max-width: 1024px) 100vw, 1024px\" \/><\/a><\/figure>\n\n\n\n<p>L\u2019alumnat de 1r, finalitzades les presentacions, realitzar\u00e0 les proves diagn\u00f2stiques (proves m\u00e9s entrevista personal). Ha de portar bol\u00edgrafs, calculadora, ordinador port\u00e0til, en cas de no disposar d\u2019ordinador es pot portar tablet. Un cop finalitzades podran marxar a casa.<\/p>\n\n\n\n<p>L&#8217;alumnat de 2n, finalitzades les presentacions, podr\u00e0 marxar a casa.<\/p>\n\n\n\n<p><\/p>\n","protected":false},"excerpt":{"rendered":"<p>Inici de curs 26\/27 ESO Els grups-classe se sabran el mateix dilluns dia 8, podreu consultar els llistats que estaran penjats a l\u2019entrada. Tot l\u2019alumnat d\u2019ESO inicia el curs el&nbsp;dimarts 8 de setembre&nbsp;amb sessi\u00f3 de tutoria i de manera esglaonada amb la seg\u00fcent organitzaci\u00f3. No cal que portin el port\u00e0til ni els llibres. Nom\u00e9s un [&hellip;]<\/p>\n","protected":false},"author":1,"featured_media":7168,"comment_status":"closed","ping_status":"open","sticky":false,"template":"","format":"standard","meta":{"_bbp_topic_count":0,"_bbp_reply_count":0,"_bbp_total_topic_count":0,"_bbp_total_reply_count":0,"_bbp_voice_count":0,"_bbp_anonymous_reply_count":0,"_bbp_topic_count_hidden":0,"_bbp_reply_count_hidden":0,"_bbp_forum_subforum_count":0,"site-sidebar-layout":"default","site-content-layout":"","ast-site-content-layout":"default","site-content-style":"default","site-sidebar-style":"default","ast-global-header-display":"","ast-banner-title-visibility":"","ast-main-header-display":"","ast-hfb-above-header-display":"","ast-hfb-below-header-display":"","ast-hfb-mobile-header-display":"","site-post-title":"","ast-breadcrumbs-content":"","ast-featured-img":"","footer-sml-layout":"","theme-transparent-header-meta":"","adv-header-id-meta":"","stick-header-meta":"","header-above-stick-meta":"","header-main-stick-meta":"","header-below-stick-meta":"","astra-migrate-meta-layouts":"set","ast-page-background-enabled":"default","ast-page-background-meta":{"desktop":{"background-color":"var(--ast-global-color-4)","background-image":"","background-repeat":"repeat","background-position":"center center","background-size":"auto","background-attachment":"scroll","background-type":"","background-media":"","overlay-type":"","overlay-color":"","overlay-opacity":"","overlay-gradient":""},"tablet":{"background-color":"","background-image":"","background-repeat":"repeat","background-position":"center center","background-size":"auto","background-attachment":"scroll","background-type":"","background-media":"","overlay-type":"","overlay-color":"","overlay-opacity":"","overlay-gradient":""},"mobile":{"background-color":"","background-image":"","background-repeat":"repeat","background-position":"center center","background-size":"auto","background-attachment":"scroll","background-type":"","background-media":"","overlay-type":"","overlay-color":"","overlay-opacity":"","overlay-gradient":""}},"ast-content-background-meta":{"desktop":{"background-color":"var(--ast-global-color-5)","background-image":"","background-repeat":"repeat","background-position":"center center","background-size":"auto","background-attachment":"scroll","background-type":"","background-media":"","overlay-type":"","overlay-color":"","overlay-opacity":"","overlay-gradient":""},"tablet":{"background-color":"var(--ast-global-color-5)","background-image":"","background-repeat":"repeat","background-position":"center center","background-size":"auto","background-attachment":"scroll","background-type":"","background-media":"","overlay-type":"","overlay-color":"","overlay-opacity":"","overlay-gradient":""},"mobile":{"background-color":"var(--ast-global-color-5)","background-image":"","background-repeat":"repeat","background-position":"center center","background-size":"auto","background-attachment":"scroll","background-type":"","background-media":"","overlay-type":"","overlay-color":"","overlay-opacity":"","overlay-gradient":""}},"footnotes":""},"categories":[1,29],"tags":[],"class_list":["post-7158","post","type-post","status-publish","format-standard","has-post-thumbnail","hentry","category-general","category-portada"],"post_mailing_queue_ids":[],"_links":{"self":[{"href":"https:\/\/agora.xtec.cat\/ies-carles-vallbona\/wp-json\/wp\/v2\/posts\/7158","targetHints":{"allow":["GET"]}}],"collection":[{"href":"https:\/\/agora.xtec.cat\/ies-carles-vallbona\/wp-json\/wp\/v2\/posts"}],"about":[{"href":"https:\/\/agora.xtec.cat\/ies-carles-vallbona\/wp-json\/wp\/v2\/types\/post"}],"author":[{"embeddable":true,"href":"https:\/\/agora.xtec.cat\/ies-carles-vallbona\/wp-json\/wp\/v2\/users\/1"}],"replies":[{"embeddable":true,"href":"https:\/\/agora.xtec.cat\/ies-carles-vallbona\/wp-json\/wp\/v2\/comments?post=7158"}],"version-history":[{"count":6,"href":"https:\/\/agora.xtec.cat\/ies-carles-vallbona\/wp-json\/wp\/v2\/posts\/7158\/revisions"}],"predecessor-version":[{"id":7185,"href":"https:\/\/agora.xtec.cat\/ies-carles-vallbona\/wp-json\/wp\/v2\/posts\/7158\/revisions\/7185"}],"wp:featuredmedia":[{"embeddable":true,"href":"https:\/\/agora.xtec.cat\/ies-carles-vallbona\/wp-json\/wp\/v2\/media\/7168"}],"wp:attachment":[{"href":"https:\/\/agora.xtec.cat\/ies-carles-vallbona\/wp-json\/wp\/v2\/media?parent=7158"}],"wp:term":[{"taxonomy":"category","embeddable":true,"href":"https:\/\/agora.xtec.cat\/ies-carles-vallbona\/wp-json\/wp\/v2\/categories?post=7158"},{"taxonomy":"post_tag","embeddable":true,"href":"https:\/\/agora.xtec.cat\/ies-carles-vallbona\/wp-json\/wp\/v2\/tags?post=7158"}],"curies":[{"name":"wp","href":"https:\/\/api.w.org\/{rel}","templated":true}]}}