{"id":6433,"date":"2017-06-27T11:09:03","date_gmt":"2017-06-27T09:09:03","guid":{"rendered":"http:\/\/agora.xtec.cat\/ies-brugulat\/?p=6433"},"modified":"2017-06-27T11:09:03","modified_gmt":"2017-06-27T09:09:03","slug":"festa-de-graduacio-dels-alumnes-de-4t-deso-2","status":"publish","type":"post","link":"https:\/\/agora.xtec.cat\/ies-brugulat\/general\/festa-de-graduacio-dels-alumnes-de-4t-deso-2\/","title":{"rendered":"Festa de graduaci\u00f3 dels alumnes de 4t d\u2019ESO"},"content":{"rendered":"<table style=\"background-color: transparent;\">\n<tbody>\n<tr>\n<td style=\"width: 300px; border-color: transparent; text-align: center;\"><iframe loading=\"lazy\" src=\"https:\/\/www.youtube.com\/embed\/0vQ1GMvTO70\" width=\"300\" height=\"225\" frameborder=\"0\" allowfullscreen=\"allowfullscreen\"><\/iframe><\/td>\n<td style=\"border-color: transparent;\">\n<h6 style=\"text-align: justify;\">El dijous 22 de juny, \u00faltim dia del curs, vam acomiadar com \u00e9s habitual els alumnes de 4t ESO amb una festa de graduaci\u00f3. A la festa hi va haver de tot. Els mateixos alumnes van demostrar les seves habilitats art\u00edstiques, esportives i musicals a dalt de l\u2019escenari. I al final hi va haver el discurs de comiat del director Rafel Juanola, repartiment d\u2019orles i vam tirar els birrets enlaire.<\/h6>\n<h6 style=\"text-align: justify;\">Molta m\u00fasica, balls, parlaments, abra\u00e7ades, aplaudiments, somriures i fins i tot es va escapar alguna llagrimeta per celebrar el final d\u2019una etapa al Brugulat. Una nova bona promoci\u00f3 que s\u2019acaba i que trobarem a faltar.<\/h6>\n<h6 style=\"text-align: justify;\">L\u2019equip docent us desitja un bon estiu i que tingueu molta sort.<\/h6>\n<\/td>\n<\/tr>\n<\/tbody>\n<\/table>\n","protected":false},"excerpt":{"rendered":"<p>El dijous 22 de juny, \u00faltim dia del curs, vam acomiadar com \u00e9s habitual els alumnes de 4t ESO amb una festa de graduaci\u00f3. A la festa hi va haver de tot. Els mateixos alumnes van demostrar les seves habilitats art\u00edstiques, esportives i musicals a dalt de l\u2019escenari. I al final hi va haver el [&hellip;]<\/p>\n","protected":false},"author":5,"featured_media":6435,"comment_status":"open","ping_status":"closed","sticky":false,"template":"","format":"standard","meta":{"site-sidebar-layout":"default","site-content-layout":"","ast-site-content-layout":"","site-content-style":"default","site-sidebar-style":"default","ast-global-header-display":"","ast-banner-title-visibility":"","ast-main-header-display":"","ast-hfb-above-header-display":"","ast-hfb-below-header-display":"","ast-hfb-mobile-header-display":"","site-post-title":"","ast-breadcrumbs-content":"","ast-featured-img":"","footer-sml-layout":"","theme-transparent-header-meta":"","adv-header-id-meta":"","stick-header-meta":"","header-above-stick-meta":"","header-main-stick-meta":"","header-below-stick-meta":"","astra-migrate-meta-layouts":"default","ast-page-background-enabled":"default","ast-page-background-meta":{"desktop":{"background-color":"var(--ast-global-color-4)","background-image":"","background-repeat":"repeat","background-position":"center center","background-size":"auto","background-attachment":"scroll","background-type":"","background-media":"","overlay-type":"","overlay-color":"","overlay-opacity":"","overlay-gradient":""},"tablet":{"background-color":"","background-image":"","background-repeat":"repeat","background-position":"center center","background-size":"auto","background-attachment":"scroll","background-type":"","background-media":"","overlay-type":"","overlay-color":"","overlay-opacity":"","overlay-gradient":""},"mobile":{"background-color":"","background-image":"","background-repeat":"repeat","background-position":"center center","background-size":"auto","background-attachment":"scroll","background-type":"","background-media":"","overlay-type":"","overlay-color":"","overlay-opacity":"","overlay-gradient":""}},"ast-content-background-meta":{"desktop":{"background-color":"var(--ast-global-color-5)","background-image":"","background-repeat":"repeat","background-position":"center center","background-size":"auto","background-attachment":"scroll","background-type":"","background-media":"","overlay-type":"","overlay-color":"","overlay-opacity":"","overlay-gradient":""},"tablet":{"background-color":"var(--ast-global-color-5)","background-image":"","background-repeat":"repeat","background-position":"center center","background-size":"auto","background-attachment":"scroll","background-type":"","background-media":"","overlay-type":"","overlay-color":"","overlay-opacity":"","overlay-gradient":""},"mobile":{"background-color":"var(--ast-global-color-5)","background-image":"","background-repeat":"repeat","background-position":"center center","background-size":"auto","background-attachment":"scroll","background-type":"","background-media":"","overlay-type":"","overlay-color":"","overlay-opacity":"","overlay-gradient":""}},"footnotes":""},"categories":[3,1,29],"tags":[],"class_list":["post-6433","post","type-post","status-publish","format-standard","has-post-thumbnail","hentry","category-ensenyament-secundari-obligatori","category-general","category-portada"],"post_mailing_queue_ids":[],"_links":{"self":[{"href":"https:\/\/agora.xtec.cat\/ies-brugulat\/wp-json\/wp\/v2\/posts\/6433","targetHints":{"allow":["GET"]}}],"collection":[{"href":"https:\/\/agora.xtec.cat\/ies-brugulat\/wp-json\/wp\/v2\/posts"}],"about":[{"href":"https:\/\/agora.xtec.cat\/ies-brugulat\/wp-json\/wp\/v2\/types\/post"}],"author":[{"embeddable":true,"href":"https:\/\/agora.xtec.cat\/ies-brugulat\/wp-json\/wp\/v2\/users\/5"}],"replies":[{"embeddable":true,"href":"https:\/\/agora.xtec.cat\/ies-brugulat\/wp-json\/wp\/v2\/comments?post=6433"}],"version-history":[{"count":2,"href":"https:\/\/agora.xtec.cat\/ies-brugulat\/wp-json\/wp\/v2\/posts\/6433\/revisions"}],"predecessor-version":[{"id":9869,"href":"https:\/\/agora.xtec.cat\/ies-brugulat\/wp-json\/wp\/v2\/posts\/6433\/revisions\/9869"}],"wp:featuredmedia":[{"embeddable":true,"href":"https:\/\/agora.xtec.cat\/ies-brugulat\/wp-json\/wp\/v2\/media\/6435"}],"wp:attachment":[{"href":"https:\/\/agora.xtec.cat\/ies-brugulat\/wp-json\/wp\/v2\/media?parent=6433"}],"wp:term":[{"taxonomy":"category","embeddable":true,"href":"https:\/\/agora.xtec.cat\/ies-brugulat\/wp-json\/wp\/v2\/categories?post=6433"},{"taxonomy":"post_tag","embeddable":true,"href":"https:\/\/agora.xtec.cat\/ies-brugulat\/wp-json\/wp\/v2\/tags?post=6433"}],"curies":[{"name":"wp","href":"https:\/\/api.w.org\/{rel}","templated":true}]}}