{"id":29000,"date":"2026-04-08T06:40:08","date_gmt":"2026-04-08T04:40:08","guid":{"rendered":"https:\/\/agora.xtec.cat\/ies-brugulat\/?p=29000"},"modified":"2026-04-08T06:40:08","modified_gmt":"2026-04-08T04:40:08","slug":"linstitut-josep-brugulat-participa-a-la-33a-jornada-de-reflexio-del-consell-deducacio-de-catalunya-sobre-memoria-democratica","status":"publish","type":"post","link":"https:\/\/agora.xtec.cat\/ies-brugulat\/ensenyament-secundari-obligatori\/linstitut-josep-brugulat-participa-a-la-33a-jornada-de-reflexio-del-consell-deducacio-de-catalunya-sobre-memoria-democratica\/","title":{"rendered":"L\u2019Institut Josep Brugulat participa a la 33a Jornada de Reflexi\u00f3 del Consell d\u2019Educaci\u00f3 de Catalunya sobre mem\u00f2ria democr\u00e0tica"},"content":{"rendered":"\n<figure class=\"wp-block-gallery has-nested-images columns-default is-cropped wp-block-gallery-1 is-layout-flex wp-block-gallery-is-layout-flex\">\n<figure data-wp-context=\"{&quot;imageId&quot;:&quot;69f0ec63911dd&quot;}\" data-wp-interactive=\"core\/image\" class=\"wp-block-image size-large has-custom-border wp-lightbox-container\"><img loading=\"lazy\" decoding=\"async\" width=\"900\" height=\"900\" data-wp-class--hide=\"state.isContentHidden\" data-wp-class--show=\"state.isContentVisible\" data-wp-init=\"callbacks.setButtonStyles\" data-wp-on-async--click=\"actions.showLightbox\" data-wp-on-async--load=\"callbacks.setButtonStyles\" data-wp-on-async-window--resize=\"callbacks.setButtonStyles\" data-id=\"29002\" src=\"https:\/\/agora.xtec.cat\/ies-brugulat\/wp-content\/uploads\/usu85\/2026\/04\/PHOTO-2026-03-14-12-42-04-1.jpg\" alt=\"\" class=\"wp-image-29002\" style=\"border-radius:10px\" srcset=\"https:\/\/agora.xtec.cat\/ies-brugulat\/wp-content\/uploads\/usu85\/2026\/04\/PHOTO-2026-03-14-12-42-04-1.jpg 900w, https:\/\/agora.xtec.cat\/ies-brugulat\/wp-content\/uploads\/usu85\/2026\/04\/PHOTO-2026-03-14-12-42-04-1-300x300.jpg 300w, https:\/\/agora.xtec.cat\/ies-brugulat\/wp-content\/uploads\/usu85\/2026\/04\/PHOTO-2026-03-14-12-42-04-1-150x150.jpg 150w, https:\/\/agora.xtec.cat\/ies-brugulat\/wp-content\/uploads\/usu85\/2026\/04\/PHOTO-2026-03-14-12-42-04-1-768x768.jpg 768w\" sizes=\"auto, (max-width: 900px) 100vw, 900px\" \/><button\n\t\t\tclass=\"lightbox-trigger\"\n\t\t\ttype=\"button\"\n\t\t\taria-haspopup=\"dialog\"\n\t\t\taria-label=\"Amplia la imatge\"\n\t\t\tdata-wp-init=\"callbacks.initTriggerButton\"\n\t\t\tdata-wp-on-async--click=\"actions.showLightbox\"\n\t\t\tdata-wp-style--right=\"state.imageButtonRight\"\n\t\t\tdata-wp-style--top=\"state.imageButtonTop\"\n\t\t>\n\t\t\t<svg xmlns=\"http:\/\/www.w3.org\/2000\/svg\" width=\"12\" height=\"12\" fill=\"none\" viewBox=\"0 0 12 12\">\n\t\t\t\t<path fill=\"#fff\" d=\"M2 0a2 2 0 0 0-2 2v2h1.5V2a.5.5 0 0 1 .5-.5h2V0H2Zm2 10.5H2a.5.5 0 0 1-.5-.5V8H0v2a2 2 0 0 0 2 2h2v-1.5ZM8 12v-1.5h2a.5.5 0 0 0 .5-.5V8H12v2a2 2 0 0 1-2 2H8Zm2-12a2 2 0 0 1 2 2v2h-1.5V2a.5.5 0 0 0-.5-.5H8V0h2Z\" \/>\n\t\t\t<\/svg>\n\t\t<\/button><\/figure>\n\n\n\n<figure data-wp-context=\"{&quot;imageId&quot;:&quot;69f0ec63916e8&quot;}\" data-wp-interactive=\"core\/image\" class=\"wp-block-image size-large has-custom-border wp-lightbox-container\"><img loading=\"lazy\" decoding=\"async\" width=\"1024\" height=\"1024\" data-wp-class--hide=\"state.isContentHidden\" data-wp-class--show=\"state.isContentVisible\" data-wp-init=\"callbacks.setButtonStyles\" data-wp-on-async--click=\"actions.showLightbox\" data-wp-on-async--load=\"callbacks.setButtonStyles\" data-wp-on-async-window--resize=\"callbacks.setButtonStyles\" data-id=\"29001\" src=\"https:\/\/agora.xtec.cat\/ies-brugulat\/wp-content\/uploads\/usu85\/2026\/04\/WhatsApp-Image-2026-03-14-at-12.16.52-1-1024x1024.jpeg\" alt=\"\" class=\"wp-image-29001\" style=\"border-radius:10px\" srcset=\"https:\/\/agora.xtec.cat\/ies-brugulat\/wp-content\/uploads\/usu85\/2026\/04\/WhatsApp-Image-2026-03-14-at-12.16.52-1-1024x1024.jpeg 1024w, https:\/\/agora.xtec.cat\/ies-brugulat\/wp-content\/uploads\/usu85\/2026\/04\/WhatsApp-Image-2026-03-14-at-12.16.52-1-300x300.jpeg 300w, https:\/\/agora.xtec.cat\/ies-brugulat\/wp-content\/uploads\/usu85\/2026\/04\/WhatsApp-Image-2026-03-14-at-12.16.52-1-150x150.jpeg 150w, https:\/\/agora.xtec.cat\/ies-brugulat\/wp-content\/uploads\/usu85\/2026\/04\/WhatsApp-Image-2026-03-14-at-12.16.52-1-768x768.jpeg 768w, https:\/\/agora.xtec.cat\/ies-brugulat\/wp-content\/uploads\/usu85\/2026\/04\/WhatsApp-Image-2026-03-14-at-12.16.52-1.jpeg 1080w\" sizes=\"auto, (max-width: 1024px) 100vw, 1024px\" \/><button\n\t\t\tclass=\"lightbox-trigger\"\n\t\t\ttype=\"button\"\n\t\t\taria-haspopup=\"dialog\"\n\t\t\taria-label=\"Amplia la imatge\"\n\t\t\tdata-wp-init=\"callbacks.initTriggerButton\"\n\t\t\tdata-wp-on-async--click=\"actions.showLightbox\"\n\t\t\tdata-wp-style--right=\"state.imageButtonRight\"\n\t\t\tdata-wp-style--top=\"state.imageButtonTop\"\n\t\t>\n\t\t\t<svg xmlns=\"http:\/\/www.w3.org\/2000\/svg\" width=\"12\" height=\"12\" fill=\"none\" viewBox=\"0 0 12 12\">\n\t\t\t\t<path fill=\"#fff\" d=\"M2 0a2 2 0 0 0-2 2v2h1.5V2a.5.5 0 0 1 .5-.5h2V0H2Zm2 10.5H2a.5.5 0 0 1-.5-.5V8H0v2a2 2 0 0 0 2 2h2v-1.5ZM8 12v-1.5h2a.5.5 0 0 0 .5-.5V8H12v2a2 2 0 0 1-2 2H8Zm2-12a2 2 0 0 1 2 2v2h-1.5V2a.5.5 0 0 0-.5-.5H8V0h2Z\" \/>\n\t\t\t<\/svg>\n\t\t<\/button><\/figure>\n<\/figure>\n\n\n\n<!--more-->\n\n\n\n<p>L\u2019Institut Josep Brugulat ha participat en la <strong>33a Jornada de Reflexi\u00f3 del Consell d\u2019Educaci\u00f3 de Catalunya (CEC)<\/strong>, celebrada al Museu de l\u2019Aigua i el T\u00e8xtil de Manresa sota el t\u00edtol <em>\u201cEducaci\u00f3, mem\u00f2ria i democr\u00e0cia\u201d<\/em>. La jornada ha reunit docents, especialistes i membres de la comunitat educativa amb l\u2019objectiu de reflexionar sobre el paper de la <strong>mem\u00f2ria democr\u00e0tica en l\u2019educaci\u00f3<\/strong> i el seu vincle amb la defensa dels drets humans i els valors democr\u00e0tics.<\/p>\n\n\n\n<p>Durant la jornada s\u2019han presentat diverses experi\u00e8ncies educatives de centres d\u2019arreu de Catalunya. En aquest context, l\u2019Institut Josep Brugulat ha compartit el projecte <strong>\u201cJornades de Mem\u00f2ria i Antifeixisme. Comunitat educativa, mem\u00f2ria i reflexi\u00f3\u201d<\/strong>, una iniciativa que forma part del comprom\u00eds del centre amb l\u2019educaci\u00f3 cr\u00edtica i la construcci\u00f3 d\u2019una ciutadania democr\u00e0tica.<\/p>\n\n\n\n<p>La participaci\u00f3 en aquesta jornada ha perm\u00e8s compartir l\u2019experi\u00e8ncia del centre amb altres comunitats educatives i con\u00e8ixer iniciatives similars, com el projecte <em>El teatre de la mem\u00f2ria<\/em> de l\u2019Institut Escola Les Vinyes o el treball sobre refugiats de la Guerra Civil de l\u2019Institut Mart\u00ed Dot.<\/p>\n\n\n\n<p>La jornada tamb\u00e9 ha incl\u00f2s debats i col\u00b7loquis amb especialistes en mem\u00f2ria democr\u00e0tica i drets humans, aix\u00ed com la presentaci\u00f3 de l\u2019exposici\u00f3 <strong>\u201cConxita Grang\u00e9. Comprom\u00eds i resist\u00e8ncia\u201d<\/strong> del Memorial Democr\u00e0tic.&nbsp;<\/p>\n\n\n\n<p>El Consell d\u2019Educaci\u00f3 de Catalunya impulsa des del curs 2024-2025 el <strong>F\u00f2rum de Mem\u00f2ria Democr\u00e0tica<\/strong>, un espai de reflexi\u00f3 que treballa per elaborar propostes educatives en aquest \u00e0mbit, com la creaci\u00f3 d\u2019un Observatori de la Mem\u00f2ria Democr\u00e0tica en l\u2019Educaci\u00f3.<\/p>\n\n\n\n<p>Amb la seva participaci\u00f3 en aquesta jornada, l\u2019Institut Josep Brugulat reafirma el seu comprom\u00eds amb una educaci\u00f3 que <strong>promogui la mem\u00f2ria, la consci\u00e8ncia cr\u00edtica i els valors democr\u00e0tics entre l\u2019alumnat<\/strong>.<\/p>\n","protected":false},"excerpt":{"rendered":"","protected":false},"author":5,"featured_media":29002,"comment_status":"closed","ping_status":"open","sticky":false,"template":"","format":"standard","meta":{"site-sidebar-layout":"default","site-content-layout":"","ast-site-content-layout":"default","site-content-style":"default","site-sidebar-style":"default","ast-global-header-display":"","ast-banner-title-visibility":"","ast-main-header-display":"","ast-hfb-above-header-display":"","ast-hfb-below-header-display":"","ast-hfb-mobile-header-display":"","site-post-title":"","ast-breadcrumbs-content":"","ast-featured-img":"","footer-sml-layout":"","theme-transparent-header-meta":"","adv-header-id-meta":"","stick-header-meta":"","header-above-stick-meta":"","header-main-stick-meta":"","header-below-stick-meta":"","astra-migrate-meta-layouts":"set","ast-page-background-enabled":"default","ast-page-background-meta":{"desktop":{"background-color":"var(--ast-global-color-4)","background-image":"","background-repeat":"repeat","background-position":"center center","background-size":"auto","background-attachment":"scroll","background-type":"","background-media":"","overlay-type":"","overlay-color":"","overlay-opacity":"","overlay-gradient":""},"tablet":{"background-color":"","background-image":"","background-repeat":"repeat","background-position":"center center","background-size":"auto","background-attachment":"scroll","background-type":"","background-media":"","overlay-type":"","overlay-color":"","overlay-opacity":"","overlay-gradient":""},"mobile":{"background-color":"","background-image":"","background-repeat":"repeat","background-position":"center center","background-size":"auto","background-attachment":"scroll","background-type":"","background-media":"","overlay-type":"","overlay-color":"","overlay-opacity":"","overlay-gradient":""}},"ast-content-background-meta":{"desktop":{"background-color":"var(--ast-global-color-5)","background-image":"","background-repeat":"repeat","background-position":"center center","background-size":"auto","background-attachment":"scroll","background-type":"","background-media":"","overlay-type":"","overlay-color":"","overlay-opacity":"","overlay-gradient":""},"tablet":{"background-color":"var(--ast-global-color-5)","background-image":"","background-repeat":"repeat","background-position":"center center","background-size":"auto","background-attachment":"scroll","background-type":"","background-media":"","overlay-type":"","overlay-color":"","overlay-opacity":"","overlay-gradient":""},"mobile":{"background-color":"var(--ast-global-color-5)","background-image":"","background-repeat":"repeat","background-position":"center center","background-size":"auto","background-attachment":"scroll","background-type":"","background-media":"","overlay-type":"","overlay-color":"","overlay-opacity":"","overlay-gradient":""}},"footnotes":""},"categories":[8,3,29],"tags":[],"class_list":["post-29000","post","type-post","status-publish","format-standard","has-post-thumbnail","hentry","category-batxillerat","category-ensenyament-secundari-obligatori","category-portada"],"post_mailing_queue_ids":[],"_links":{"self":[{"href":"https:\/\/agora.xtec.cat\/ies-brugulat\/wp-json\/wp\/v2\/posts\/29000","targetHints":{"allow":["GET"]}}],"collection":[{"href":"https:\/\/agora.xtec.cat\/ies-brugulat\/wp-json\/wp\/v2\/posts"}],"about":[{"href":"https:\/\/agora.xtec.cat\/ies-brugulat\/wp-json\/wp\/v2\/types\/post"}],"author":[{"embeddable":true,"href":"https:\/\/agora.xtec.cat\/ies-brugulat\/wp-json\/wp\/v2\/users\/5"}],"replies":[{"embeddable":true,"href":"https:\/\/agora.xtec.cat\/ies-brugulat\/wp-json\/wp\/v2\/comments?post=29000"}],"version-history":[{"count":1,"href":"https:\/\/agora.xtec.cat\/ies-brugulat\/wp-json\/wp\/v2\/posts\/29000\/revisions"}],"predecessor-version":[{"id":29003,"href":"https:\/\/agora.xtec.cat\/ies-brugulat\/wp-json\/wp\/v2\/posts\/29000\/revisions\/29003"}],"wp:featuredmedia":[{"embeddable":true,"href":"https:\/\/agora.xtec.cat\/ies-brugulat\/wp-json\/wp\/v2\/media\/29002"}],"wp:attachment":[{"href":"https:\/\/agora.xtec.cat\/ies-brugulat\/wp-json\/wp\/v2\/media?parent=29000"}],"wp:term":[{"taxonomy":"category","embeddable":true,"href":"https:\/\/agora.xtec.cat\/ies-brugulat\/wp-json\/wp\/v2\/categories?post=29000"},{"taxonomy":"post_tag","embeddable":true,"href":"https:\/\/agora.xtec.cat\/ies-brugulat\/wp-json\/wp\/v2\/tags?post=29000"}],"curies":[{"name":"wp","href":"https:\/\/api.w.org\/{rel}","templated":true}]}}