{"id":24703,"date":"2025-04-23T16:26:02","date_gmt":"2025-04-23T14:26:02","guid":{"rendered":"https:\/\/agora.xtec.cat\/ies-brugulat\/?p=24703"},"modified":"2025-04-23T16:26:02","modified_gmt":"2025-04-23T14:26:02","slug":"dimonis-un-recorregut-per-la-historia-de-la-ciencia","status":"publish","type":"post","link":"https:\/\/agora.xtec.cat\/ies-brugulat\/general\/dimonis-un-recorregut-per-la-historia-de-la-ciencia\/","title":{"rendered":"&#8220;Dimonis&#8221;, un recorregut per la hist\u00f2ria de la ci\u00e8ncia"},"content":{"rendered":"\n<figure class=\"wp-block-image size-large\"><a href=\"https:\/\/agora.xtec.cat\/ies-brugulat\/wp-content\/uploads\/usu85\/2025\/04\/IMG20250403160252-1-1-scaled.jpg\"><img loading=\"lazy\" decoding=\"async\" width=\"1024\" height=\"576\" src=\"https:\/\/agora.xtec.cat\/ies-brugulat\/wp-content\/uploads\/usu85\/2025\/04\/IMG20250403160252-1-1-1024x576.jpg\" alt=\"\" class=\"wp-image-24704\" srcset=\"https:\/\/agora.xtec.cat\/ies-brugulat\/wp-content\/uploads\/usu85\/2025\/04\/IMG20250403160252-1-1-1024x576.jpg 1024w, https:\/\/agora.xtec.cat\/ies-brugulat\/wp-content\/uploads\/usu85\/2025\/04\/IMG20250403160252-1-1-300x169.jpg 300w, https:\/\/agora.xtec.cat\/ies-brugulat\/wp-content\/uploads\/usu85\/2025\/04\/IMG20250403160252-1-1-768x432.jpg 768w, https:\/\/agora.xtec.cat\/ies-brugulat\/wp-content\/uploads\/usu85\/2025\/04\/IMG20250403160252-1-1-1536x864.jpg 1536w, https:\/\/agora.xtec.cat\/ies-brugulat\/wp-content\/uploads\/usu85\/2025\/04\/IMG20250403160252-1-1-2048x1151.jpg 2048w\" sizes=\"auto, (max-width: 1024px) 100vw, 1024px\" \/><\/a><\/figure>\n\n\n\n<p>El dijous 10 d&#8217;abril en Rafel Juanola va oferir la confer\u00e8ncia &#8220;Dimonis&#8221;, un recorregut per la hist\u00f2ria de la ci\u00e8ncia, des de Descartes fins als cappares de la f\u00edsica qu\u00e0ntica, a trav\u00e9s del rastre dels llucifers, leviatans, belzeb\u00fas i altres dimonis que han inspirat algunes de les troballes m\u00e9s rellevants. <\/p>\n\n\n\n<!--more-->\n\n\n\n<p>La confer\u00e8ncia, que forma part de les activitats organitzades per la Bruguteca, va donar pas a una breu i luc\u00edfera tert\u00falia al voltant de conceptes, paradoxes i an\u00e8cdotes lligades a la ci\u00e8ncia.<\/p>\n","protected":false},"excerpt":{"rendered":"<p>El dijous 10 d&#8217;abril en Rafel Juanola va oferir la confer\u00e8ncia &#8220;Dimonis&#8221;, un recorregut per la hist\u00f2ria de la ci\u00e8ncia, des de Descartes fins als cappares de la f\u00edsica qu\u00e0ntica, a trav\u00e9s del rastre dels llucifers, leviatans, belzeb\u00fas i altres dimonis que han inspirat algunes de les troballes m\u00e9s rellevants.<\/p>\n","protected":false},"author":5,"featured_media":0,"comment_status":"closed","ping_status":"closed","sticky":false,"template":"","format":"standard","meta":{"site-sidebar-layout":"default","site-content-layout":"","ast-site-content-layout":"","site-content-style":"default","site-sidebar-style":"default","ast-global-header-display":"","ast-banner-title-visibility":"","ast-main-header-display":"","ast-hfb-above-header-display":"","ast-hfb-below-header-display":"","ast-hfb-mobile-header-display":"","site-post-title":"","ast-breadcrumbs-content":"","ast-featured-img":"","footer-sml-layout":"","theme-transparent-header-meta":"","adv-header-id-meta":"","stick-header-meta":"","header-above-stick-meta":"","header-main-stick-meta":"","header-below-stick-meta":"","astra-migrate-meta-layouts":"default","ast-page-background-enabled":"default","ast-page-background-meta":{"desktop":{"background-color":"var(--ast-global-color-4)","background-image":"","background-repeat":"repeat","background-position":"center center","background-size":"auto","background-attachment":"scroll","background-type":"","background-media":"","overlay-type":"","overlay-color":"","overlay-opacity":"","overlay-gradient":""},"tablet":{"background-color":"","background-image":"","background-repeat":"repeat","background-position":"center center","background-size":"auto","background-attachment":"scroll","background-type":"","background-media":"","overlay-type":"","overlay-color":"","overlay-opacity":"","overlay-gradient":""},"mobile":{"background-color":"","background-image":"","background-repeat":"repeat","background-position":"center center","background-size":"auto","background-attachment":"scroll","background-type":"","background-media":"","overlay-type":"","overlay-color":"","overlay-opacity":"","overlay-gradient":""}},"ast-content-background-meta":{"desktop":{"background-color":"var(--ast-global-color-5)","background-image":"","background-repeat":"repeat","background-position":"center center","background-size":"auto","background-attachment":"scroll","background-type":"","background-media":"","overlay-type":"","overlay-color":"","overlay-opacity":"","overlay-gradient":""},"tablet":{"background-color":"var(--ast-global-color-5)","background-image":"","background-repeat":"repeat","background-position":"center center","background-size":"auto","background-attachment":"scroll","background-type":"","background-media":"","overlay-type":"","overlay-color":"","overlay-opacity":"","overlay-gradient":""},"mobile":{"background-color":"var(--ast-global-color-5)","background-image":"","background-repeat":"repeat","background-position":"center center","background-size":"auto","background-attachment":"scroll","background-type":"","background-media":"","overlay-type":"","overlay-color":"","overlay-opacity":"","overlay-gradient":""}},"footnotes":""},"categories":[1,29],"tags":[],"class_list":["post-24703","post","type-post","status-publish","format-standard","hentry","category-general","category-portada"],"post_mailing_queue_ids":[],"_links":{"self":[{"href":"https:\/\/agora.xtec.cat\/ies-brugulat\/wp-json\/wp\/v2\/posts\/24703","targetHints":{"allow":["GET"]}}],"collection":[{"href":"https:\/\/agora.xtec.cat\/ies-brugulat\/wp-json\/wp\/v2\/posts"}],"about":[{"href":"https:\/\/agora.xtec.cat\/ies-brugulat\/wp-json\/wp\/v2\/types\/post"}],"author":[{"embeddable":true,"href":"https:\/\/agora.xtec.cat\/ies-brugulat\/wp-json\/wp\/v2\/users\/5"}],"replies":[{"embeddable":true,"href":"https:\/\/agora.xtec.cat\/ies-brugulat\/wp-json\/wp\/v2\/comments?post=24703"}],"version-history":[{"count":1,"href":"https:\/\/agora.xtec.cat\/ies-brugulat\/wp-json\/wp\/v2\/posts\/24703\/revisions"}],"predecessor-version":[{"id":24705,"href":"https:\/\/agora.xtec.cat\/ies-brugulat\/wp-json\/wp\/v2\/posts\/24703\/revisions\/24705"}],"wp:attachment":[{"href":"https:\/\/agora.xtec.cat\/ies-brugulat\/wp-json\/wp\/v2\/media?parent=24703"}],"wp:term":[{"taxonomy":"category","embeddable":true,"href":"https:\/\/agora.xtec.cat\/ies-brugulat\/wp-json\/wp\/v2\/categories?post=24703"},{"taxonomy":"post_tag","embeddable":true,"href":"https:\/\/agora.xtec.cat\/ies-brugulat\/wp-json\/wp\/v2\/tags?post=24703"}],"curies":[{"name":"wp","href":"https:\/\/api.w.org\/{rel}","templated":true}]}}