{"id":23032,"date":"2025-01-22T09:56:44","date_gmt":"2025-01-22T08:56:44","guid":{"rendered":"https:\/\/agora.xtec.cat\/ies-brugulat\/?p=23032"},"modified":"2025-01-22T10:00:59","modified_gmt":"2025-01-22T09:00:59","slug":"ii-jornades-de-memoria-i-antifeixisme","status":"publish","type":"post","link":"https:\/\/agora.xtec.cat\/ies-brugulat\/general\/ii-jornades-de-memoria-i-antifeixisme\/","title":{"rendered":"II Jornades de mem\u00f2ria i antifeixisme (27 &#8211; 31 gener 2025)"},"content":{"rendered":"\n<figure class=\"wp-block-image aligncenter size-medium\"><a href=\"https:\/\/agora.xtec.cat\/ies-brugulat\/wp-content\/uploads\/usu85\/2025\/01\/JORNADES-DE-MEMORIA-I-ANTIFEIXISME_2025.pdf\" target=\"_blank\" rel=\"noreferrer noopener\"><img loading=\"lazy\" decoding=\"async\" width=\"215\" height=\"300\" src=\"https:\/\/agora.xtec.cat\/ies-brugulat\/wp-content\/uploads\/usu85\/2025\/01\/cartell1-2-215x300.png\" alt=\"\" class=\"wp-image-23041\" style=\"object-fit:cover\" srcset=\"https:\/\/agora.xtec.cat\/ies-brugulat\/wp-content\/uploads\/usu85\/2025\/01\/cartell1-2-215x300.png 215w, https:\/\/agora.xtec.cat\/ies-brugulat\/wp-content\/uploads\/usu85\/2025\/01\/cartell1-2.png 595w\" sizes=\"auto, (max-width: 215px) 100vw, 215px\" \/><\/a><\/figure>\n\n\n\n<p>A punt per arrencar la segona edici\u00f3 de les Jornades de Mem\u00f2ria i Antifeixisme organitzades pel Departament de Socials de l\u2019Institut Josep Brugulat. L\u2019objectiu \u00e9s el de contribuir a trobar i generar espais de reflexi\u00f3, an\u00e0lisi i mem\u00f2ria per prevenir els feixismes i els r\u00e8gims o pol\u00edtiques d&#8217;odi reivindicant valors com la pau, la toler\u00e0ncia, el respecte, la igualtat i la llibertat.<\/p>\n\n\n\n<!--more-->\n\n\n\n<p>Us fem extensiu el programa i us animem a participar-hi assistint als actes, visitant les exposicions i fer-nos ress\u00f2 d\u2019una societat lliure de racisme i discursos d\u2019odi.<\/p>\n","protected":false},"excerpt":{"rendered":"<p>A punt per arrencar la segona edici\u00f3 de les Jornades de Mem\u00f2ria i Antifeixisme organitzades pel Departament de Socials de l\u2019Institut Josep Brugulat. L\u2019objectiu \u00e9s el de contribuir a trobar i generar espais de reflexi\u00f3, an\u00e0lisi i mem\u00f2ria per prevenir els feixismes i els r\u00e8gims o pol\u00edtiques d&#8217;odi reivindicant valors com la pau, la toler\u00e0ncia, [&hellip;]<\/p>\n","protected":false},"author":5,"featured_media":0,"comment_status":"closed","ping_status":"open","sticky":false,"template":"","format":"standard","meta":{"site-sidebar-layout":"default","site-content-layout":"","ast-site-content-layout":"","site-content-style":"default","site-sidebar-style":"default","ast-global-header-display":"","ast-banner-title-visibility":"","ast-main-header-display":"","ast-hfb-above-header-display":"","ast-hfb-below-header-display":"","ast-hfb-mobile-header-display":"","site-post-title":"","ast-breadcrumbs-content":"","ast-featured-img":"","footer-sml-layout":"","theme-transparent-header-meta":"","adv-header-id-meta":"","stick-header-meta":"","header-above-stick-meta":"","header-main-stick-meta":"","header-below-stick-meta":"","astra-migrate-meta-layouts":"default","ast-page-background-enabled":"default","ast-page-background-meta":{"desktop":{"background-color":"var(--ast-global-color-4)","background-image":"","background-repeat":"repeat","background-position":"center center","background-size":"auto","background-attachment":"scroll","background-type":"","background-media":"","overlay-type":"","overlay-color":"","overlay-opacity":"","overlay-gradient":""},"tablet":{"background-color":"","background-image":"","background-repeat":"repeat","background-position":"center center","background-size":"auto","background-attachment":"scroll","background-type":"","background-media":"","overlay-type":"","overlay-color":"","overlay-opacity":"","overlay-gradient":""},"mobile":{"background-color":"","background-image":"","background-repeat":"repeat","background-position":"center center","background-size":"auto","background-attachment":"scroll","background-type":"","background-media":"","overlay-type":"","overlay-color":"","overlay-opacity":"","overlay-gradient":""}},"ast-content-background-meta":{"desktop":{"background-color":"var(--ast-global-color-5)","background-image":"","background-repeat":"repeat","background-position":"center center","background-size":"auto","background-attachment":"scroll","background-type":"","background-media":"","overlay-type":"","overlay-color":"","overlay-opacity":"","overlay-gradient":""},"tablet":{"background-color":"var(--ast-global-color-5)","background-image":"","background-repeat":"repeat","background-position":"center center","background-size":"auto","background-attachment":"scroll","background-type":"","background-media":"","overlay-type":"","overlay-color":"","overlay-opacity":"","overlay-gradient":""},"mobile":{"background-color":"var(--ast-global-color-5)","background-image":"","background-repeat":"repeat","background-position":"center center","background-size":"auto","background-attachment":"scroll","background-type":"","background-media":"","overlay-type":"","overlay-color":"","overlay-opacity":"","overlay-gradient":""}},"footnotes":""},"categories":[1,29],"tags":[],"class_list":["post-23032","post","type-post","status-publish","format-standard","hentry","category-general","category-portada"],"post_mailing_queue_ids":[],"_links":{"self":[{"href":"https:\/\/agora.xtec.cat\/ies-brugulat\/wp-json\/wp\/v2\/posts\/23032","targetHints":{"allow":["GET"]}}],"collection":[{"href":"https:\/\/agora.xtec.cat\/ies-brugulat\/wp-json\/wp\/v2\/posts"}],"about":[{"href":"https:\/\/agora.xtec.cat\/ies-brugulat\/wp-json\/wp\/v2\/types\/post"}],"author":[{"embeddable":true,"href":"https:\/\/agora.xtec.cat\/ies-brugulat\/wp-json\/wp\/v2\/users\/5"}],"replies":[{"embeddable":true,"href":"https:\/\/agora.xtec.cat\/ies-brugulat\/wp-json\/wp\/v2\/comments?post=23032"}],"version-history":[{"count":6,"href":"https:\/\/agora.xtec.cat\/ies-brugulat\/wp-json\/wp\/v2\/posts\/23032\/revisions"}],"predecessor-version":[{"id":23046,"href":"https:\/\/agora.xtec.cat\/ies-brugulat\/wp-json\/wp\/v2\/posts\/23032\/revisions\/23046"}],"wp:attachment":[{"href":"https:\/\/agora.xtec.cat\/ies-brugulat\/wp-json\/wp\/v2\/media?parent=23032"}],"wp:term":[{"taxonomy":"category","embeddable":true,"href":"https:\/\/agora.xtec.cat\/ies-brugulat\/wp-json\/wp\/v2\/categories?post=23032"},{"taxonomy":"post_tag","embeddable":true,"href":"https:\/\/agora.xtec.cat\/ies-brugulat\/wp-json\/wp\/v2\/tags?post=23032"}],"curies":[{"name":"wp","href":"https:\/\/api.w.org\/{rel}","templated":true}]}}