{"id":4499,"date":"2021-02-03T08:54:52","date_gmt":"2021-02-03T07:54:52","guid":{"rendered":"https:\/\/agora.xtec.cat\/ies-bisbe-berenguer\/?p=4499"},"modified":"2026-07-02T19:55:02","modified_gmt":"2026-07-02T17:55:02","slug":"portes-obertes-i-preinscripcio-2021-22","status":"publish","type":"post","link":"https:\/\/agora.xtec.cat\/ies-bisbe-berenguer\/general\/portes-obertes-i-preinscripcio-2021-22\/","title":{"rendered":"Portes Obertes i Preinscripci\u00f3 2021-22"},"content":{"rendered":"<table>\n<tbody>\n<tr>\n<td><\/td>\n<\/tr>\n<\/tbody>\n<\/table>\n<p style=\"text-align: justify;\">Aquest curs no ser\u00e0 possible visitar l&#8217;Institut en les habituals Jornades de Portes Obertes, per\u00f2 des del centre estem preparant material per poder mostrar-vos els aspectes m\u00e9s rellevants del nostre projecte educatiu.<\/p>\n<p><!--more--><\/p>\n<p style=\"text-align: justify;\">Per comen\u00e7ar, si voleu con\u00e8ixer tot el que es fa a l&#8217;Institut Bisbe Berenguer us animem a visitar algunes de les not\u00edcies que tenim penjades i a que feu una ullada a la p\u00e0gina web.<\/p>\n<p><span style=\"color: #339966;\"><strong>TRETS CARACTER\u00cdSTICS DEL CENTRE<\/strong><\/span><\/p>\n<p style=\"text-align: justify;\">Som un centre on es promou la formaci\u00f3 integral de l\u2019alumnat segons el model de ciutad\u00e0 democr\u00e0tic, per tal que assoleixin les compet\u00e8ncies per a la vida acad\u00e8mica,laboral i social en un marc pluriling\u00fce i multicultural basat en el respecte i la llibertat.Utilitzem eines pedag\u00f2giques com les noves tecnologies, la cultura audiovisual, el treballen grups cooperatius, l\u2019aprenentatge de mat\u00e8ries en angl\u00e8s, la participaci\u00f3 en projectes transversals per tal de millorar l\u2019expressi\u00f3 escrita i la compet\u00e8ncia matem\u00e0tica. Potenciem la figura del tutor i co-tutor per tal d\u2019acompanyar, aconsellar i orientar l\u2019alumnat i les seves fam\u00edlies en tot el proc\u00e9s educatiu. Fomentem el coneixement de l\u2019entorn proper i lluny\u00e0 amb treballs de s\u00edntesi fora del centre i viatges a Euskal Herria i a Londres. Intercanvis i projectes Erasmus+ amb centres d\u2019altres pa\u00efsos europeus. Som un centre obert al barri i en contacte i col\u00b7laboraci\u00f3 amb entitats de l\u2019entorn.<\/p>\n<p><span style=\"color: #339966;\"><strong>EQUIPAMENTS<\/strong><\/span><\/p>\n<p style=\"text-align: justify;\">Centre ampliat i renovat a final del curs 2011-2012. Tots els espais docents disposen d\u2019internet amb wifi i sistemes de projecci\u00f3 multim\u00e8dia. Tres laboratoris de ci\u00e8ncies experimentals. Taller de tecnologia. Aula-taller. Aula de m\u00fasica. Aula de dibuix. Aula d\u2019inform\u00e0tica. Biblioteca. Sala polivalent amb escenari. Pista poliesportiva amb vestidors i dutxes. Edifici adaptat amb ascensor. Taquilles escolars individuals.<\/p>\n<p><span style=\"color: #339966;\"><strong>SERVEIS<\/strong><\/span><\/p>\n<p style=\"text-align: justify;\">Associaci\u00f3 esportiva escolar. Activitats extraescolars esportives i culturals (amb aula d\u2019estudi i tallers de refor\u00e7 de mat\u00e8ries instrumentals). Banc de llibres. Avisos d\u2019incid\u00e8ncies (absentisme, disciplina, etc.) mitjan\u00e7ant aplicaci\u00f3 directament al m\u00f2bil dels pares<\/p>\n<p>A continuaci\u00f3 teniu tamb\u00e9 uns v\u00eddeos i uns documents en els que intentem ampliar-vos la informaci\u00f3 sobre l&#8217;institut.<\/p>\n<ul>\n<li><span style=\"color: #339966;\"><strong>INFORMACI\u00d3 GENERAL: <\/strong><\/span>Sobre els estudis de l&#8217;Educaci\u00f3 Secund\u00e0ria Obligat\u00f2ria (ESO).<\/li>\n<\/ul>\n<table style=\"width: 787px; height: 50px;\">\n<tbody>\n<tr>\n<td style=\"width: 401.517px; text-align: center;\"><strong><a href=\"https:\/\/drive.google.com\/file\/d\/1CG_3tFrZRws29iXOzQey3udt1oJHj3-p\/view?usp=sharing\" target=\"_blank\" rel=\"noopener noreferrer\">INFORMACI\u00d3 GENERAL EN V\u00cdDEO<\/a><\/strong><\/td>\n<td style=\"width: 377.483px; text-align: center;\"><strong><a href=\"https:\/\/drive.google.com\/file\/d\/1_IwhBB72PVnfJoAGLwLMW8vcSU9tO8q5\/view?usp=sharing\" target=\"_blank\" rel=\"noopener noreferrer\">INFORMACI\u00d3 GENERAL EN DOCUMENT<\/a><\/strong><\/td>\n<\/tr>\n<\/tbody>\n<\/table>\n<ul>\n<li><span style=\"color: #339966;\"><strong>L&#8217;INSTITUT:<\/strong><\/span> Descripci\u00f3 dels trets caracter\u00edstics m\u00e9s rellevants de l&#8217;Institut Bisbe Berenguer.<\/li>\n<\/ul>\n<table style=\"height: 40px;\" width=\"789\">\n<tbody>\n<tr>\n<td style=\"width: 390.383px; text-align: center;\"><strong><a href=\"https:\/\/drive.google.com\/file\/d\/1dLVEBqytYt5XqcCKtjDLTRWo_cgGAXpf\/view?usp=sharing\" target=\"_blank\" rel=\"noopener noreferrer\">L&#8217;INSTITUT EN V\u00cdDEO<\/a><\/strong><\/td>\n<td style=\"width: 390.617px; text-align: center;\"><strong><a href=\"https:\/\/drive.google.com\/file\/d\/1-qIdi8DupGo8hRfylA4yt-GKw0TnBuhw\/view?usp=sharing\" target=\"_blank\" rel=\"noopener noreferrer\">L&#8217;INSTITUT EN DOCUMENT<\/a><\/strong><\/td>\n<\/tr>\n<\/tbody>\n<\/table>\n<ul>\n<li><span style=\"color: #339966;\"><strong>PROJECTES I ACTIVITATS:<\/strong><\/span> Mostra dels projectes i activitats que es fan al centre.<\/li>\n<\/ul>\n<table style=\"height: 42px;\" width=\"788\">\n<tbody>\n<tr style=\"height: 33px;\">\n<td style=\"width: 390px; height: 33px; text-align: center;\"><strong><a href=\"https:\/\/drive.google.com\/file\/d\/1kOH-r_Op4ovu7foh9toFFdcEaPkApcFY\/view?usp=sharing\" target=\"_blank\" rel=\"noopener noreferrer\">PROJECTES I ACTIVITATS EN V\u00cdDEO<\/a><br \/>\n<\/strong><\/td>\n<td style=\"width: 390px; height: 33px; text-align: center;\"><strong>\u00a0<a href=\"https:\/\/drive.google.com\/file\/d\/1zBva5sTsyrOZn7ajVNFwTI3Bxu8JnKko\/view?usp=sharing\" target=\"_blank\" rel=\"noopener noreferrer\"> PROJECTE I ACTIVITATS EN DOCUMENT<\/a><\/strong><\/td>\n<\/tr>\n<\/tbody>\n<\/table>\n<ul>\n<li><span style=\"color: #339966;\"><strong>PREINSCRIPCI\u00d3:<\/strong><\/span> M\u00e9s endavant, tamb\u00e9 us penjarem les instruccions per formalitzar el proc\u00e9s de Preinscripci\u00f3 que, com sabeu, ser\u00e0 del <strong>dimecres 17 al dimecres 24 de mar\u00e7.<\/strong><\/li>\n<\/ul>\n<table style=\"height: 36px;\" width=\"784\">\n<tbody>\n<tr>\n<td style=\"width: 388px; text-align: center;\"><strong>PREINSCRIPCI\u00d3 EN V\u00cdDEO<\/strong><\/td>\n<td style=\"width: 388px; text-align: center;\"><a href=\"https:\/\/drive.google.com\/file\/d\/1bNmdhydVmTjgJxrcxlgPDzO9sokDqICv\/view?usp=sharing\" target=\"_blank\" rel=\"noopener noreferrer\"><strong>PREINSCRIPCI\u00d3 EN DOCUMENT<\/strong><\/a><\/td>\n<\/tr>\n<\/tbody>\n<\/table>\n","protected":false},"excerpt":{"rendered":"<p>Aquest curs no ser\u00e0 possible visitar l&#8217;Institut en les habituals Jornades de Portes Obertes, per\u00f2 des del centre estem preparant material per poder mostrar-vos els aspectes m\u00e9s rellevants del nostre projecte educatiu.<\/p>\n","protected":false},"author":4,"featured_media":0,"comment_status":"open","ping_status":"closed","sticky":false,"template":"","format":"standard","meta":{"_bbp_topic_count":0,"_bbp_reply_count":0,"_bbp_total_topic_count":0,"_bbp_total_reply_count":0,"_bbp_voice_count":0,"_bbp_anonymous_reply_count":0,"_bbp_topic_count_hidden":0,"_bbp_reply_count_hidden":0,"_bbp_forum_subforum_count":0,"site-sidebar-layout":"default","site-content-layout":"","ast-site-content-layout":"default","site-content-style":"default","site-sidebar-style":"default","ast-global-header-display":"","ast-banner-title-visibility":"","ast-main-header-display":"","ast-hfb-above-header-display":"","ast-hfb-below-header-display":"","ast-hfb-mobile-header-display":"","site-post-title":"","ast-breadcrumbs-content":"","ast-featured-img":"","footer-sml-layout":"","theme-transparent-header-meta":"default","adv-header-id-meta":"","stick-header-meta":"","header-above-stick-meta":"","header-main-stick-meta":"","header-below-stick-meta":"","astra-migrate-meta-layouts":"set","ast-page-background-enabled":"default","ast-page-background-meta":{"desktop":{"background-color":"var(--ast-global-color-4)","background-image":"","background-repeat":"repeat","background-position":"center center","background-size":"auto","background-attachment":"scroll","background-type":"","background-media":"","overlay-type":"","overlay-color":"","overlay-opacity":"","overlay-gradient":""},"tablet":{"background-color":"","background-image":"","background-repeat":"repeat","background-position":"center center","background-size":"auto","background-attachment":"scroll","background-type":"","background-media":"","overlay-type":"","overlay-color":"","overlay-opacity":"","overlay-gradient":""},"mobile":{"background-color":"","background-image":"","background-repeat":"repeat","background-position":"center center","background-size":"auto","background-attachment":"scroll","background-type":"","background-media":"","overlay-type":"","overlay-color":"","overlay-opacity":"","overlay-gradient":""}},"ast-content-background-meta":{"desktop":{"background-color":"var(--ast-global-color-5)","background-image":"","background-repeat":"repeat","background-position":"center center","background-size":"auto","background-attachment":"scroll","background-type":"","background-media":"","overlay-type":"","overlay-color":"","overlay-opacity":"","overlay-gradient":""},"tablet":{"background-color":"var(--ast-global-color-5)","background-image":"","background-repeat":"repeat","background-position":"center center","background-size":"auto","background-attachment":"scroll","background-type":"","background-media":"","overlay-type":"","overlay-color":"","overlay-opacity":"","overlay-gradient":""},"mobile":{"background-color":"var(--ast-global-color-5)","background-image":"","background-repeat":"repeat","background-position":"center center","background-size":"auto","background-attachment":"scroll","background-type":"","background-media":"","overlay-type":"","overlay-color":"","overlay-opacity":"","overlay-gradient":""}},"footnotes":""},"categories":[1,29],"tags":[],"class_list":["post-4499","post","type-post","status-publish","format-standard","hentry","category-general","category-portada"],"post_mailing_queue_ids":[],"_links":{"self":[{"href":"https:\/\/agora.xtec.cat\/ies-bisbe-berenguer\/wp-json\/wp\/v2\/posts\/4499","targetHints":{"allow":["GET"]}}],"collection":[{"href":"https:\/\/agora.xtec.cat\/ies-bisbe-berenguer\/wp-json\/wp\/v2\/posts"}],"about":[{"href":"https:\/\/agora.xtec.cat\/ies-bisbe-berenguer\/wp-json\/wp\/v2\/types\/post"}],"author":[{"embeddable":true,"href":"https:\/\/agora.xtec.cat\/ies-bisbe-berenguer\/wp-json\/wp\/v2\/users\/4"}],"replies":[{"embeddable":true,"href":"https:\/\/agora.xtec.cat\/ies-bisbe-berenguer\/wp-json\/wp\/v2\/comments?post=4499"}],"version-history":[{"count":4,"href":"https:\/\/agora.xtec.cat\/ies-bisbe-berenguer\/wp-json\/wp\/v2\/posts\/4499\/revisions"}],"predecessor-version":[{"id":4540,"href":"https:\/\/agora.xtec.cat\/ies-bisbe-berenguer\/wp-json\/wp\/v2\/posts\/4499\/revisions\/4540"}],"wp:attachment":[{"href":"https:\/\/agora.xtec.cat\/ies-bisbe-berenguer\/wp-json\/wp\/v2\/media?parent=4499"}],"wp:term":[{"taxonomy":"category","embeddable":true,"href":"https:\/\/agora.xtec.cat\/ies-bisbe-berenguer\/wp-json\/wp\/v2\/categories?post=4499"},{"taxonomy":"post_tag","embeddable":true,"href":"https:\/\/agora.xtec.cat\/ies-bisbe-berenguer\/wp-json\/wp\/v2\/tags?post=4499"}],"curies":[{"name":"wp","href":"https:\/\/api.w.org\/{rel}","templated":true}]}}