{"id":9835,"date":"2026-04-29T08:58:48","date_gmt":"2026-04-29T06:58:48","guid":{"rendered":"https:\/\/agora.xtec.cat\/ies-barcelona-congres\/?p=9835"},"modified":"2026-04-29T08:58:48","modified_gmt":"2026-04-29T06:58:48","slug":"taller-soc-diputat-soc-diputada","status":"publish","type":"post","link":"https:\/\/agora.xtec.cat\/ies-barcelona-congres\/batxillerat\/taller-soc-diputat-soc-diputada\/","title":{"rendered":"Taller \u00abSOC DIPUTAT\/ SOC DIPUTADA\u00bb"},"content":{"rendered":"<p><img loading=\"lazy\" decoding=\"async\" class=\"aligncenter wp-image-9836 size-large\" src=\"https:\/\/agora.xtec.cat\/ies-barcelona-congres\/wp-content\/uploads\/usu10\/2026\/04\/20260420_112210-scaled-e1777445868482-768x1024.jpg\" alt=\"\" width=\"768\" height=\"1024\" srcset=\"https:\/\/agora.xtec.cat\/ies-barcelona-congres\/wp-content\/uploads\/usu10\/2026\/04\/20260420_112210-scaled-e1777445868482-768x1024.jpg 768w, https:\/\/agora.xtec.cat\/ies-barcelona-congres\/wp-content\/uploads\/usu10\/2026\/04\/20260420_112210-scaled-e1777445868482-225x300.jpg 225w, https:\/\/agora.xtec.cat\/ies-barcelona-congres\/wp-content\/uploads\/usu10\/2026\/04\/20260420_112210-scaled-e1777445868482-1152x1536.jpg 1152w, https:\/\/agora.xtec.cat\/ies-barcelona-congres\/wp-content\/uploads\/usu10\/2026\/04\/20260420_112210-scaled-e1777445868482-1536x2048.jpg 1536w, https:\/\/agora.xtec.cat\/ies-barcelona-congres\/wp-content\/uploads\/usu10\/2026\/04\/20260420_112210-scaled-e1777445868482.jpg 1920w\" sizes=\"auto, (max-width: 768px) 100vw, 768px\" \/> <img loading=\"lazy\" decoding=\"async\" class=\"aligncenter wp-image-9837 size-large\" src=\"https:\/\/agora.xtec.cat\/ies-barcelona-congres\/wp-content\/uploads\/usu10\/2026\/04\/IMG_20260422_101835_hdr-1024x771.jpg\" alt=\"\" width=\"1024\" height=\"771\" srcset=\"https:\/\/agora.xtec.cat\/ies-barcelona-congres\/wp-content\/uploads\/usu10\/2026\/04\/IMG_20260422_101835_hdr-1024x771.jpg 1024w, https:\/\/agora.xtec.cat\/ies-barcelona-congres\/wp-content\/uploads\/usu10\/2026\/04\/IMG_20260422_101835_hdr-300x226.jpg 300w, https:\/\/agora.xtec.cat\/ies-barcelona-congres\/wp-content\/uploads\/usu10\/2026\/04\/IMG_20260422_101835_hdr-768x578.jpg 768w, https:\/\/agora.xtec.cat\/ies-barcelona-congres\/wp-content\/uploads\/usu10\/2026\/04\/IMG_20260422_101835_hdr-1536x1157.jpg 1536w, https:\/\/agora.xtec.cat\/ies-barcelona-congres\/wp-content\/uploads\/usu10\/2026\/04\/IMG_20260422_101835_hdr-2048x1542.jpg 2048w, https:\/\/agora.xtec.cat\/ies-barcelona-congres\/wp-content\/uploads\/usu10\/2026\/04\/IMG_20260422_101835_hdr-200x150.jpg 200w\" sizes=\"auto, (max-width: 1024px) 100vw, 1024px\" \/> <img loading=\"lazy\" decoding=\"async\" class=\"aligncenter wp-image-9838 size-large\" src=\"https:\/\/agora.xtec.cat\/ies-barcelona-congres\/wp-content\/uploads\/usu10\/2026\/04\/IMG_20260422_111154_hdr-1024x771.jpg\" alt=\"\" width=\"1024\" height=\"771\" srcset=\"https:\/\/agora.xtec.cat\/ies-barcelona-congres\/wp-content\/uploads\/usu10\/2026\/04\/IMG_20260422_111154_hdr-1024x771.jpg 1024w, https:\/\/agora.xtec.cat\/ies-barcelona-congres\/wp-content\/uploads\/usu10\/2026\/04\/IMG_20260422_111154_hdr-300x226.jpg 300w, https:\/\/agora.xtec.cat\/ies-barcelona-congres\/wp-content\/uploads\/usu10\/2026\/04\/IMG_20260422_111154_hdr-768x578.jpg 768w, https:\/\/agora.xtec.cat\/ies-barcelona-congres\/wp-content\/uploads\/usu10\/2026\/04\/IMG_20260422_111154_hdr-1536x1157.jpg 1536w, https:\/\/agora.xtec.cat\/ies-barcelona-congres\/wp-content\/uploads\/usu10\/2026\/04\/IMG_20260422_111154_hdr-2048x1542.jpg 2048w, https:\/\/agora.xtec.cat\/ies-barcelona-congres\/wp-content\/uploads\/usu10\/2026\/04\/IMG_20260422_111154_hdr-200x150.jpg 200w\" sizes=\"auto, (max-width: 1024px) 100vw, 1024px\" \/><\/p>\n<p>&nbsp;<\/p>\n<p style=\"text-align: justify;\">Aquest mes l&#8217;alumnat de 1r de Batxillerat va participar del taller \u00abSOC DIPUTAT\/ SOC DIPUTADA\u00bb al Parlament de Catalunya. L&#8217;alumnat va portar-hi les seves propostes al voltant de quatre \u00e0mbits tem\u00e0tics: educaci\u00f3, sanitat, medi ambient i igualtat, i les van poder presentar, discutir i debatre, fent una simulaci\u00f3 de com treballen els nostres diputats i diputades. Va ser una sortida molt enriquidora per a tothom!<\/p>\n","protected":false},"excerpt":{"rendered":"<p>\n&nbsp;<br \/>\nAquest mes l&#8217;alumnat de 1r de Batxillerat va participar del taller \u00abSOC DIPUTAT\/ SOC DIPUTADA\u00bb al Parlament de Catalunya. L&#8217;alumnat va portar-hi les seves propostes al voltant de quatre \u00e0mbits tem\u00e0tics: educaci\u00f3, sanitat, medi ambient i igualtat, i les van poder presentar, discutir&hellip;  <a href=\"https:\/\/agora.xtec.cat\/ies-barcelona-congres\/batxillerat\/taller-soc-diputat-soc-diputada\/\" title=\"Read Taller \u00abSOC DIPUTAT\/ SOC DIPUTADA\u00bb\">Llegeix m\u00e9s\u00bb<\/a><\/p>\n","protected":false},"author":1,"featured_media":0,"comment_status":"open","ping_status":"open","sticky":false,"template":"","format":"standard","meta":{"_bbp_topic_count":0,"_bbp_reply_count":0,"_bbp_total_topic_count":0,"_bbp_total_reply_count":0,"_bbp_voice_count":0,"_bbp_anonymous_reply_count":0,"_bbp_topic_count_hidden":0,"_bbp_reply_count_hidden":0,"_bbp_forum_subforum_count":0,"footnotes":""},"categories":[8,29],"tags":[],"class_list":["post-9835","post","type-post","status-publish","format-standard","hentry","category-batxillerat","category-portada"],"post_mailing_queue_ids":[],"_links":{"self":[{"href":"https:\/\/agora.xtec.cat\/ies-barcelona-congres\/wp-json\/wp\/v2\/posts\/9835","targetHints":{"allow":["GET"]}}],"collection":[{"href":"https:\/\/agora.xtec.cat\/ies-barcelona-congres\/wp-json\/wp\/v2\/posts"}],"about":[{"href":"https:\/\/agora.xtec.cat\/ies-barcelona-congres\/wp-json\/wp\/v2\/types\/post"}],"author":[{"embeddable":true,"href":"https:\/\/agora.xtec.cat\/ies-barcelona-congres\/wp-json\/wp\/v2\/users\/1"}],"replies":[{"embeddable":true,"href":"https:\/\/agora.xtec.cat\/ies-barcelona-congres\/wp-json\/wp\/v2\/comments?post=9835"}],"version-history":[{"count":1,"href":"https:\/\/agora.xtec.cat\/ies-barcelona-congres\/wp-json\/wp\/v2\/posts\/9835\/revisions"}],"predecessor-version":[{"id":9839,"href":"https:\/\/agora.xtec.cat\/ies-barcelona-congres\/wp-json\/wp\/v2\/posts\/9835\/revisions\/9839"}],"wp:attachment":[{"href":"https:\/\/agora.xtec.cat\/ies-barcelona-congres\/wp-json\/wp\/v2\/media?parent=9835"}],"wp:term":[{"taxonomy":"category","embeddable":true,"href":"https:\/\/agora.xtec.cat\/ies-barcelona-congres\/wp-json\/wp\/v2\/categories?post=9835"},{"taxonomy":"post_tag","embeddable":true,"href":"https:\/\/agora.xtec.cat\/ies-barcelona-congres\/wp-json\/wp\/v2\/tags?post=9835"}],"curies":[{"name":"wp","href":"https:\/\/api.w.org\/{rel}","templated":true}]}}