{"id":7651,"date":"2024-06-11T15:43:55","date_gmt":"2024-06-11T13:43:55","guid":{"rendered":"https:\/\/agora.xtec.cat\/ies-barcelona-congres\/?p=7651"},"modified":"2024-06-11T15:45:27","modified_gmt":"2024-06-11T13:45:27","slug":"sortida-isla-fantasia-1r-deso","status":"publish","type":"post","link":"https:\/\/agora.xtec.cat\/ies-barcelona-congres\/portada\/sortida-isla-fantasia-1r-deso\/","title":{"rendered":"SORTIDA \u2018ISLA FANTAS\u00cdA\u2019  1r d&#8217;ESO"},"content":{"rendered":"<p><img loading=\"lazy\" decoding=\"async\" class=\"aligncenter wp-image-7652 size-full\" src=\"https:\/\/agora.xtec.cat\/ies-barcelona-congres\/wp-content\/uploads\/usu10\/2024\/06\/WhatsApp-Image-2024-06-11-at-15.02.51-e1718113349350.jpeg\" alt=\"\" width=\"1536\" height=\"1232\" srcset=\"https:\/\/agora.xtec.cat\/ies-barcelona-congres\/wp-content\/uploads\/usu10\/2024\/06\/WhatsApp-Image-2024-06-11-at-15.02.51-e1718113349350.jpeg 1536w, https:\/\/agora.xtec.cat\/ies-barcelona-congres\/wp-content\/uploads\/usu10\/2024\/06\/WhatsApp-Image-2024-06-11-at-15.02.51-e1718113349350-300x241.jpeg 300w, https:\/\/agora.xtec.cat\/ies-barcelona-congres\/wp-content\/uploads\/usu10\/2024\/06\/WhatsApp-Image-2024-06-11-at-15.02.51-e1718113349350-1024x821.jpeg 1024w, https:\/\/agora.xtec.cat\/ies-barcelona-congres\/wp-content\/uploads\/usu10\/2024\/06\/WhatsApp-Image-2024-06-11-at-15.02.51-e1718113349350-768x616.jpeg 768w\" sizes=\"auto, (max-width: 1536px) 100vw, 1536px\" \/> <img loading=\"lazy\" decoding=\"async\" class=\"aligncenter wp-image-7653 size-full\" src=\"https:\/\/agora.xtec.cat\/ies-barcelona-congres\/wp-content\/uploads\/usu10\/2024\/06\/WhatsApp-Image-2024-06-11-at-15.02.44.jpeg\" alt=\"\" width=\"2048\" height=\"1536\" srcset=\"https:\/\/agora.xtec.cat\/ies-barcelona-congres\/wp-content\/uploads\/usu10\/2024\/06\/WhatsApp-Image-2024-06-11-at-15.02.44.jpeg 2048w, https:\/\/agora.xtec.cat\/ies-barcelona-congres\/wp-content\/uploads\/usu10\/2024\/06\/WhatsApp-Image-2024-06-11-at-15.02.44-300x225.jpeg 300w, https:\/\/agora.xtec.cat\/ies-barcelona-congres\/wp-content\/uploads\/usu10\/2024\/06\/WhatsApp-Image-2024-06-11-at-15.02.44-1024x768.jpeg 1024w, https:\/\/agora.xtec.cat\/ies-barcelona-congres\/wp-content\/uploads\/usu10\/2024\/06\/WhatsApp-Image-2024-06-11-at-15.02.44-768x576.jpeg 768w, https:\/\/agora.xtec.cat\/ies-barcelona-congres\/wp-content\/uploads\/usu10\/2024\/06\/WhatsApp-Image-2024-06-11-at-15.02.44-1536x1152.jpeg 1536w, https:\/\/agora.xtec.cat\/ies-barcelona-congres\/wp-content\/uploads\/usu10\/2024\/06\/WhatsApp-Image-2024-06-11-at-15.02.44-200x150.jpeg 200w\" sizes=\"auto, (max-width: 2048px) 100vw, 2048px\" \/> <img loading=\"lazy\" decoding=\"async\" class=\"aligncenter wp-image-7654 size-full\" src=\"https:\/\/agora.xtec.cat\/ies-barcelona-congres\/wp-content\/uploads\/usu10\/2024\/06\/WhatsApp-Image-2024-06-11-at-15.02.53-e1718113376353.jpeg\" alt=\"\" width=\"1536\" height=\"959\" srcset=\"https:\/\/agora.xtec.cat\/ies-barcelona-congres\/wp-content\/uploads\/usu10\/2024\/06\/WhatsApp-Image-2024-06-11-at-15.02.53-e1718113376353.jpeg 1536w, https:\/\/agora.xtec.cat\/ies-barcelona-congres\/wp-content\/uploads\/usu10\/2024\/06\/WhatsApp-Image-2024-06-11-at-15.02.53-e1718113376353-300x187.jpeg 300w, https:\/\/agora.xtec.cat\/ies-barcelona-congres\/wp-content\/uploads\/usu10\/2024\/06\/WhatsApp-Image-2024-06-11-at-15.02.53-e1718113376353-1024x639.jpeg 1024w, https:\/\/agora.xtec.cat\/ies-barcelona-congres\/wp-content\/uploads\/usu10\/2024\/06\/WhatsApp-Image-2024-06-11-at-15.02.53-e1718113376353-768x480.jpeg 768w\" sizes=\"auto, (max-width: 1536px) 100vw, 1536px\" \/><\/p>\n<p>L\u2019alumnat de 1r d&#8217;ESO va anar com a comiat del curs a \u2018Isla Fantasia\u2019. Va ser una jornada plena de diversi\u00f3. Els alumnes van gaudir de les piscines i tobogans, passant un dia entre rialles i jocs d&#8217;aigua. Tot i que va fer una mica de pluja durant el mat\u00ed, aix\u00f2 no va desanimar els estudiants, que van aprofitar per seguir gaudint de les atraccions aqu\u00e0tiques.<\/p>\n","protected":false},"excerpt":{"rendered":"<p>\nL\u2019alumnat de 1r d&#8217;ESO va anar com a comiat del curs a \u2018Isla Fantasia\u2019. Va ser una jornada plena de diversi\u00f3. Els alumnes van gaudir de les piscines i tobogans, passant un dia entre rialles i jocs d&#8217;aigua. Tot i que va fer&hellip;  <a href=\"https:\/\/agora.xtec.cat\/ies-barcelona-congres\/portada\/sortida-isla-fantasia-1r-deso\/\" title=\"Read SORTIDA \u2018ISLA FANTAS\u00cdA\u2019  1r d&#8217;ESO\">Llegeix m\u00e9s\u00bb<\/a><\/p>\n","protected":false},"author":1,"featured_media":0,"comment_status":"open","ping_status":"closed","sticky":false,"template":"","format":"standard","meta":{"_bbp_topic_count":0,"_bbp_reply_count":0,"_bbp_total_topic_count":0,"_bbp_total_reply_count":0,"_bbp_voice_count":0,"_bbp_anonymous_reply_count":0,"_bbp_topic_count_hidden":0,"_bbp_reply_count_hidden":0,"_bbp_forum_subforum_count":0,"footnotes":""},"categories":[93,29],"tags":[],"class_list":["post-7651","post","type-post","status-publish","format-standard","hentry","category-1r-eso","category-portada"],"post_mailing_queue_ids":[],"_links":{"self":[{"href":"https:\/\/agora.xtec.cat\/ies-barcelona-congres\/wp-json\/wp\/v2\/posts\/7651","targetHints":{"allow":["GET"]}}],"collection":[{"href":"https:\/\/agora.xtec.cat\/ies-barcelona-congres\/wp-json\/wp\/v2\/posts"}],"about":[{"href":"https:\/\/agora.xtec.cat\/ies-barcelona-congres\/wp-json\/wp\/v2\/types\/post"}],"author":[{"embeddable":true,"href":"https:\/\/agora.xtec.cat\/ies-barcelona-congres\/wp-json\/wp\/v2\/users\/1"}],"replies":[{"embeddable":true,"href":"https:\/\/agora.xtec.cat\/ies-barcelona-congres\/wp-json\/wp\/v2\/comments?post=7651"}],"version-history":[{"count":2,"href":"https:\/\/agora.xtec.cat\/ies-barcelona-congres\/wp-json\/wp\/v2\/posts\/7651\/revisions"}],"predecessor-version":[{"id":7657,"href":"https:\/\/agora.xtec.cat\/ies-barcelona-congres\/wp-json\/wp\/v2\/posts\/7651\/revisions\/7657"}],"wp:attachment":[{"href":"https:\/\/agora.xtec.cat\/ies-barcelona-congres\/wp-json\/wp\/v2\/media?parent=7651"}],"wp:term":[{"taxonomy":"category","embeddable":true,"href":"https:\/\/agora.xtec.cat\/ies-barcelona-congres\/wp-json\/wp\/v2\/categories?post=7651"},{"taxonomy":"post_tag","embeddable":true,"href":"https:\/\/agora.xtec.cat\/ies-barcelona-congres\/wp-json\/wp\/v2\/tags?post=7651"}],"curies":[{"name":"wp","href":"https:\/\/api.w.org\/{rel}","templated":true}]}}