{"id":7131,"date":"2024-03-22T08:39:38","date_gmt":"2024-03-22T07:39:38","guid":{"rendered":"https:\/\/agora.xtec.cat\/ies-barcelona-congres\/?p=7131"},"modified":"2024-03-22T08:39:38","modified_gmt":"2024-03-22T07:39:38","slug":"visita-de-la-guardia-urbana","status":"publish","type":"post","link":"https:\/\/agora.xtec.cat\/ies-barcelona-congres\/portada\/visita-de-la-guardia-urbana\/","title":{"rendered":"Visita de la Gu\u00e0rdia Urbana"},"content":{"rendered":"<p><img loading=\"lazy\" decoding=\"async\" class=\"aligncenter wp-image-7132 size-full\" src=\"https:\/\/agora.xtec.cat\/ies-barcelona-congres\/wp-content\/uploads\/usu10\/2024\/03\/IMG_2631.jpg\" alt=\"\" width=\"960\" height=\"606\" srcset=\"https:\/\/agora.xtec.cat\/ies-barcelona-congres\/wp-content\/uploads\/usu10\/2024\/03\/IMG_2631.jpg 960w, https:\/\/agora.xtec.cat\/ies-barcelona-congres\/wp-content\/uploads\/usu10\/2024\/03\/IMG_2631-300x189.jpg 300w, https:\/\/agora.xtec.cat\/ies-barcelona-congres\/wp-content\/uploads\/usu10\/2024\/03\/IMG_2631-768x485.jpg 768w\" sizes=\"auto, (max-width: 960px) 100vw, 960px\" \/><\/p>\n<p>La Gu\u00e0rdia Urbana ha visitat els alumnes de 2n d&#8217;ESO per parlar-nos sobre els delictes d&#8217;odi i les seves conseq\u00fc\u00e8ncies. Mitjan\u00e7ant diverses din\u00e0miques, hem aconseguit comprendre aquests temes per contribuir a la construcci\u00f3 d&#8217;una societat m\u00e9s justa i tolerant.<\/p>\n<p>&nbsp;<\/p>\n<p>&nbsp;<\/p>\n<p>&nbsp;<\/p>\n","protected":false},"excerpt":{"rendered":"<p>La Gu\u00e0rdia Urbana ha visitat els alumnes de 2n d&#8217;ESO per parlar-nos sobre els delictes d&#8217;odi i les seves conseq\u00fc\u00e8ncies. Mitjan\u00e7ant diverses din\u00e0miques, hem aconseguit comprendre aquests temes per contribuir a la construcci\u00f3 d&#8217;una societat m\u00e9s justa i tolerant.<br \/>\n&nbsp;<br \/>\n&nbsp;<br \/>\n&nbsp;<\/p>\n","protected":false},"author":1,"featured_media":0,"comment_status":"open","ping_status":"closed","sticky":false,"template":"","format":"standard","meta":{"_bbp_topic_count":0,"_bbp_reply_count":0,"_bbp_total_topic_count":0,"_bbp_total_reply_count":0,"_bbp_voice_count":0,"_bbp_anonymous_reply_count":0,"_bbp_topic_count_hidden":0,"_bbp_reply_count_hidden":0,"_bbp_forum_subforum_count":0,"footnotes":""},"categories":[94,29],"tags":[],"class_list":["post-7131","post","type-post","status-publish","format-standard","hentry","category-2n-eso","category-portada"],"post_mailing_queue_ids":[],"_links":{"self":[{"href":"https:\/\/agora.xtec.cat\/ies-barcelona-congres\/wp-json\/wp\/v2\/posts\/7131","targetHints":{"allow":["GET"]}}],"collection":[{"href":"https:\/\/agora.xtec.cat\/ies-barcelona-congres\/wp-json\/wp\/v2\/posts"}],"about":[{"href":"https:\/\/agora.xtec.cat\/ies-barcelona-congres\/wp-json\/wp\/v2\/types\/post"}],"author":[{"embeddable":true,"href":"https:\/\/agora.xtec.cat\/ies-barcelona-congres\/wp-json\/wp\/v2\/users\/1"}],"replies":[{"embeddable":true,"href":"https:\/\/agora.xtec.cat\/ies-barcelona-congres\/wp-json\/wp\/v2\/comments?post=7131"}],"version-history":[{"count":1,"href":"https:\/\/agora.xtec.cat\/ies-barcelona-congres\/wp-json\/wp\/v2\/posts\/7131\/revisions"}],"predecessor-version":[{"id":7133,"href":"https:\/\/agora.xtec.cat\/ies-barcelona-congres\/wp-json\/wp\/v2\/posts\/7131\/revisions\/7133"}],"wp:attachment":[{"href":"https:\/\/agora.xtec.cat\/ies-barcelona-congres\/wp-json\/wp\/v2\/media?parent=7131"}],"wp:term":[{"taxonomy":"category","embeddable":true,"href":"https:\/\/agora.xtec.cat\/ies-barcelona-congres\/wp-json\/wp\/v2\/categories?post=7131"},{"taxonomy":"post_tag","embeddable":true,"href":"https:\/\/agora.xtec.cat\/ies-barcelona-congres\/wp-json\/wp\/v2\/tags?post=7131"}],"curies":[{"name":"wp","href":"https:\/\/api.w.org\/{rel}","templated":true}]}}