{"id":6563,"date":"2023-06-19T13:39:32","date_gmt":"2023-06-19T11:39:32","guid":{"rendered":"https:\/\/agora.xtec.cat\/ies-barcelona-congres\/?p=6563"},"modified":"2023-06-19T14:31:38","modified_gmt":"2023-06-19T12:31:38","slug":"revista-magazine-xiii","status":"publish","type":"post","link":"https:\/\/agora.xtec.cat\/ies-barcelona-congres\/portada\/revista-magazine-xiii\/","title":{"rendered":"Revista Magazine XIII"},"content":{"rendered":"<p><img loading=\"lazy\" decoding=\"async\" class=\"aligncenter wp-image-6564 size-full\" src=\"https:\/\/agora.xtec.cat\/ies-barcelona-congres\/wp-content\/uploads\/usu10\/2023\/06\/22-23-Revista-BcnCongres.png\" alt=\"\" width=\"724\" height=\"1024\" srcset=\"https:\/\/agora.xtec.cat\/ies-barcelona-congres\/wp-content\/uploads\/usu10\/2023\/06\/22-23-Revista-BcnCongres.png 724w, https:\/\/agora.xtec.cat\/ies-barcelona-congres\/wp-content\/uploads\/usu10\/2023\/06\/22-23-Revista-BcnCongres-212x300.png 212w\" sizes=\"auto, (max-width: 724px) 100vw, 724px\" \/><\/p>\n<p style=\"text-align: justify;\">Aquesta setmana lliurem la revista Barcelona Congr\u00e9s Magazine. El n\u00famero XIII de la revista cont\u00e9 una recopilaci\u00f3 de les activitats, iniciatives, festes, entrevistes i un joc relacionat amb el professorat del centre. Tamb\u00e9 inclou les orles de tots els grups de la promoci\u00f3 2022-2023.<\/p>\n<p style=\"text-align: justify;\">Podeu accedir a la versi\u00f3 digital de la revista en aquest enlla\u00e7:<\/p>\n<p style=\"text-align: justify;\"><strong><a href=\"https:\/\/issuu.com\/iesbarcelonacongres\/docs\/22-23_revista_bcncongres_2_\" target=\"_blank\" rel=\"noopener\">REVISTA BARCELONA CONGR\u00c9S MAGAZINE XIII<\/a><\/strong><\/p>\n<p><img loading=\"lazy\" decoding=\"async\" class=\"aligncenter wp-image-6574 size-full\" src=\"https:\/\/agora.xtec.cat\/ies-barcelona-congres\/wp-content\/uploads\/usu10\/2023\/06\/IMG_7745.jpg\" alt=\"\" width=\"960\" height=\"664\" srcset=\"https:\/\/agora.xtec.cat\/ies-barcelona-congres\/wp-content\/uploads\/usu10\/2023\/06\/IMG_7745.jpg 960w, https:\/\/agora.xtec.cat\/ies-barcelona-congres\/wp-content\/uploads\/usu10\/2023\/06\/IMG_7745-300x208.jpg 300w, https:\/\/agora.xtec.cat\/ies-barcelona-congres\/wp-content\/uploads\/usu10\/2023\/06\/IMG_7745-768x531.jpg 768w\" sizes=\"auto, (max-width: 960px) 100vw, 960px\" \/><\/p>\n<p>&nbsp;<\/p>\n<p>&nbsp;<\/p>\n","protected":false},"excerpt":{"rendered":"<p>Aquesta setmana lliurem la revista Barcelona Congr\u00e9s Magazine. El n\u00famero XIII de la revista cont\u00e9 una recopilaci\u00f3 de les activitats, iniciatives, festes, entrevistes i un joc relacionat amb el professorat del centre. Tamb\u00e9 inclou les orles de tots els grups de la promoci\u00f3 2022-2023.<br \/>\nPodeu accedir&hellip;  <a href=\"https:\/\/agora.xtec.cat\/ies-barcelona-congres\/portada\/revista-magazine-xiii\/\" title=\"Read Revista Magazine XIII\">Llegeix m\u00e9s\u00bb<\/a><\/p>\n","protected":false},"author":1,"featured_media":0,"comment_status":"open","ping_status":"closed","sticky":false,"template":"","format":"standard","meta":{"_bbp_topic_count":0,"_bbp_reply_count":0,"_bbp_total_topic_count":0,"_bbp_total_reply_count":0,"_bbp_voice_count":0,"_bbp_anonymous_reply_count":0,"_bbp_topic_count_hidden":0,"_bbp_reply_count_hidden":0,"_bbp_forum_subforum_count":0,"footnotes":""},"categories":[29],"tags":[],"class_list":["post-6563","post","type-post","status-publish","format-standard","hentry","category-portada"],"post_mailing_queue_ids":[],"_links":{"self":[{"href":"https:\/\/agora.xtec.cat\/ies-barcelona-congres\/wp-json\/wp\/v2\/posts\/6563","targetHints":{"allow":["GET"]}}],"collection":[{"href":"https:\/\/agora.xtec.cat\/ies-barcelona-congres\/wp-json\/wp\/v2\/posts"}],"about":[{"href":"https:\/\/agora.xtec.cat\/ies-barcelona-congres\/wp-json\/wp\/v2\/types\/post"}],"author":[{"embeddable":true,"href":"https:\/\/agora.xtec.cat\/ies-barcelona-congres\/wp-json\/wp\/v2\/users\/1"}],"replies":[{"embeddable":true,"href":"https:\/\/agora.xtec.cat\/ies-barcelona-congres\/wp-json\/wp\/v2\/comments?post=6563"}],"version-history":[{"count":3,"href":"https:\/\/agora.xtec.cat\/ies-barcelona-congres\/wp-json\/wp\/v2\/posts\/6563\/revisions"}],"predecessor-version":[{"id":6578,"href":"https:\/\/agora.xtec.cat\/ies-barcelona-congres\/wp-json\/wp\/v2\/posts\/6563\/revisions\/6578"}],"wp:attachment":[{"href":"https:\/\/agora.xtec.cat\/ies-barcelona-congres\/wp-json\/wp\/v2\/media?parent=6563"}],"wp:term":[{"taxonomy":"category","embeddable":true,"href":"https:\/\/agora.xtec.cat\/ies-barcelona-congres\/wp-json\/wp\/v2\/categories?post=6563"},{"taxonomy":"post_tag","embeddable":true,"href":"https:\/\/agora.xtec.cat\/ies-barcelona-congres\/wp-json\/wp\/v2\/tags?post=6563"}],"curies":[{"name":"wp","href":"https:\/\/api.w.org\/{rel}","templated":true}]}}