{"id":6127,"date":"2023-03-29T09:26:44","date_gmt":"2023-03-29T07:26:44","guid":{"rendered":"https:\/\/agora.xtec.cat\/ies-barcelona-congres\/?p=6127"},"modified":"2023-03-29T09:26:44","modified_gmt":"2023-03-29T07:26:44","slug":"fem-la-nostra-orquestra-optativa-de-programacio","status":"publish","type":"post","link":"https:\/\/agora.xtec.cat\/ies-barcelona-congres\/portada\/fem-la-nostra-orquestra-optativa-de-programacio\/","title":{"rendered":"&#8216;Fem la nostra orquestra&#8217;. Optativa de Programaci\u00f3"},"content":{"rendered":"<p><img loading=\"lazy\" decoding=\"async\" class=\"aligncenter wp-image-6128 size-full\" src=\"https:\/\/agora.xtec.cat\/ies-barcelona-congres\/wp-content\/uploads\/usu10\/2023\/03\/IMG_20230316_082448.jpg\" alt=\"\" width=\"960\" height=\"720\" srcset=\"https:\/\/agora.xtec.cat\/ies-barcelona-congres\/wp-content\/uploads\/usu10\/2023\/03\/IMG_20230316_082448.jpg 960w, https:\/\/agora.xtec.cat\/ies-barcelona-congres\/wp-content\/uploads\/usu10\/2023\/03\/IMG_20230316_082448-300x225.jpg 300w, https:\/\/agora.xtec.cat\/ies-barcelona-congres\/wp-content\/uploads\/usu10\/2023\/03\/IMG_20230316_082448-768x576.jpg 768w, https:\/\/agora.xtec.cat\/ies-barcelona-congres\/wp-content\/uploads\/usu10\/2023\/03\/IMG_20230316_082448-200x150.jpg 200w\" sizes=\"auto, (max-width: 960px) 100vw, 960px\" \/> <img loading=\"lazy\" decoding=\"async\" class=\"aligncenter wp-image-6129 size-full\" src=\"https:\/\/agora.xtec.cat\/ies-barcelona-congres\/wp-content\/uploads\/usu10\/2023\/03\/IMG_20230223_081628.jpg\" alt=\"\" width=\"960\" height=\"720\" srcset=\"https:\/\/agora.xtec.cat\/ies-barcelona-congres\/wp-content\/uploads\/usu10\/2023\/03\/IMG_20230223_081628.jpg 960w, https:\/\/agora.xtec.cat\/ies-barcelona-congres\/wp-content\/uploads\/usu10\/2023\/03\/IMG_20230223_081628-300x225.jpg 300w, https:\/\/agora.xtec.cat\/ies-barcelona-congres\/wp-content\/uploads\/usu10\/2023\/03\/IMG_20230223_081628-768x576.jpg 768w, https:\/\/agora.xtec.cat\/ies-barcelona-congres\/wp-content\/uploads\/usu10\/2023\/03\/IMG_20230223_081628-200x150.jpg 200w\" sizes=\"auto, (max-width: 960px) 100vw, 960px\" \/> <img loading=\"lazy\" decoding=\"async\" class=\"aligncenter wp-image-6130 size-full\" src=\"https:\/\/agora.xtec.cat\/ies-barcelona-congres\/wp-content\/uploads\/usu10\/2023\/03\/IMG_20230316_083815.jpg\" alt=\"\" width=\"960\" height=\"720\" srcset=\"https:\/\/agora.xtec.cat\/ies-barcelona-congres\/wp-content\/uploads\/usu10\/2023\/03\/IMG_20230316_083815.jpg 960w, https:\/\/agora.xtec.cat\/ies-barcelona-congres\/wp-content\/uploads\/usu10\/2023\/03\/IMG_20230316_083815-300x225.jpg 300w, https:\/\/agora.xtec.cat\/ies-barcelona-congres\/wp-content\/uploads\/usu10\/2023\/03\/IMG_20230316_083815-768x576.jpg 768w, https:\/\/agora.xtec.cat\/ies-barcelona-congres\/wp-content\/uploads\/usu10\/2023\/03\/IMG_20230316_083815-200x150.jpg 200w\" sizes=\"auto, (max-width: 960px) 100vw, 960px\" \/> <img loading=\"lazy\" decoding=\"async\" class=\"aligncenter wp-image-6131 size-full\" src=\"https:\/\/agora.xtec.cat\/ies-barcelona-congres\/wp-content\/uploads\/usu10\/2023\/03\/IMG_20230316_085003.jpg\" alt=\"\" width=\"960\" height=\"720\" srcset=\"https:\/\/agora.xtec.cat\/ies-barcelona-congres\/wp-content\/uploads\/usu10\/2023\/03\/IMG_20230316_085003.jpg 960w, https:\/\/agora.xtec.cat\/ies-barcelona-congres\/wp-content\/uploads\/usu10\/2023\/03\/IMG_20230316_085003-300x225.jpg 300w, https:\/\/agora.xtec.cat\/ies-barcelona-congres\/wp-content\/uploads\/usu10\/2023\/03\/IMG_20230316_085003-768x576.jpg 768w, https:\/\/agora.xtec.cat\/ies-barcelona-congres\/wp-content\/uploads\/usu10\/2023\/03\/IMG_20230316_085003-200x150.jpg 200w\" sizes=\"auto, (max-width: 960px) 100vw, 960px\" \/><\/p>\n<p>&nbsp;<\/p>\n<p style=\"text-align: justify;\">Els alumnes de 1r d&#8217;ESO han fet el projecte\u00a0<i>Fem la nostra orquestra<\/i>\u00a0a l&#8217;optativa de Programaci\u00f3. Han creat els seus propis instruments, piano, guitarra el\u00e8ctrica, saxofon, trompeta i flauta que han confeccionat amb cart\u00f3 reciclat i despr\u00e9s programat amb la placa\u00a0makey makey. Han apr\u00e8s a programar diverses can\u00e7ons i aqu\u00ed en teniu el resultat, l&#8217;assaig de la melodia de Mario Bros. Tot plegat una divertida experi\u00e8ncia d&#8217;aprenentatge!<\/p>\n<div><\/div>\n","protected":false},"excerpt":{"rendered":"<p>\n&nbsp;<br \/>\nEls alumnes de 1r d&#8217;ESO han fet el projecte\u00a0Fem la nostra orquestra\u00a0a l&#8217;optativa de Programaci\u00f3. Han creat els seus propis instruments, piano, guitarra el\u00e8ctrica, saxofon, trompeta i flauta que han confeccionat amb cart\u00f3 reciclat i despr\u00e9s programat amb la placa\u00a0makey makey. Han&hellip;  <a href=\"https:\/\/agora.xtec.cat\/ies-barcelona-congres\/portada\/fem-la-nostra-orquestra-optativa-de-programacio\/\" title=\"Read &#8216;Fem la nostra orquestra&#8217;. Optativa de Programaci\u00f3\">Llegeix m\u00e9s\u00bb<\/a><\/p>\n","protected":false},"author":1,"featured_media":0,"comment_status":"open","ping_status":"closed","sticky":false,"template":"","format":"standard","meta":{"_bbp_topic_count":0,"_bbp_reply_count":0,"_bbp_total_topic_count":0,"_bbp_total_reply_count":0,"_bbp_voice_count":0,"_bbp_anonymous_reply_count":0,"_bbp_topic_count_hidden":0,"_bbp_reply_count_hidden":0,"_bbp_forum_subforum_count":0,"footnotes":""},"categories":[93,29],"tags":[],"class_list":["post-6127","post","type-post","status-publish","format-standard","hentry","category-1r-eso","category-portada"],"post_mailing_queue_ids":[],"_links":{"self":[{"href":"https:\/\/agora.xtec.cat\/ies-barcelona-congres\/wp-json\/wp\/v2\/posts\/6127","targetHints":{"allow":["GET"]}}],"collection":[{"href":"https:\/\/agora.xtec.cat\/ies-barcelona-congres\/wp-json\/wp\/v2\/posts"}],"about":[{"href":"https:\/\/agora.xtec.cat\/ies-barcelona-congres\/wp-json\/wp\/v2\/types\/post"}],"author":[{"embeddable":true,"href":"https:\/\/agora.xtec.cat\/ies-barcelona-congres\/wp-json\/wp\/v2\/users\/1"}],"replies":[{"embeddable":true,"href":"https:\/\/agora.xtec.cat\/ies-barcelona-congres\/wp-json\/wp\/v2\/comments?post=6127"}],"version-history":[{"count":1,"href":"https:\/\/agora.xtec.cat\/ies-barcelona-congres\/wp-json\/wp\/v2\/posts\/6127\/revisions"}],"predecessor-version":[{"id":6132,"href":"https:\/\/agora.xtec.cat\/ies-barcelona-congres\/wp-json\/wp\/v2\/posts\/6127\/revisions\/6132"}],"wp:attachment":[{"href":"https:\/\/agora.xtec.cat\/ies-barcelona-congres\/wp-json\/wp\/v2\/media?parent=6127"}],"wp:term":[{"taxonomy":"category","embeddable":true,"href":"https:\/\/agora.xtec.cat\/ies-barcelona-congres\/wp-json\/wp\/v2\/categories?post=6127"},{"taxonomy":"post_tag","embeddable":true,"href":"https:\/\/agora.xtec.cat\/ies-barcelona-congres\/wp-json\/wp\/v2\/tags?post=6127"}],"curies":[{"name":"wp","href":"https:\/\/api.w.org\/{rel}","templated":true}]}}