{"id":5186,"date":"2022-06-13T17:37:12","date_gmt":"2022-06-13T15:37:12","guid":{"rendered":"https:\/\/agora.xtec.cat\/ies-barcelona-congres\/?p=5186"},"modified":"2022-06-13T17:39:53","modified_gmt":"2022-06-13T15:39:53","slug":"un-final-dassignatura-amb-bona-cuina","status":"publish","type":"post","link":"https:\/\/agora.xtec.cat\/ies-barcelona-congres\/portada\/un-final-dassignatura-amb-bona-cuina\/","title":{"rendered":"UN FINAL D&#8217;ASSIGNATURA&#8230; AMB BONA CUINA!"},"content":{"rendered":"<p><iframe loading=\"lazy\" title=\"YouTube video player\" src=\"\/\/www.youtube.com\/embed\/KWZhCPbOuxk\" width=\"560\" height=\"315\" frameborder=\"0\" allowfullscreen=\"allowfullscreen\"><\/iframe><\/p>\n<p style=\"text-align: justify;\">La darrera activitat que han fet els alumnes de 2n ESO a llengua catalana i literatura ha estat una v\u00eddeorecepta. Hem apr\u00e8s a fer el text instructiu i dur-lo a la pr\u00e0ctica a trav\u00e9s de cr\u00eapes, pancakes, arrossos, sandvitxos, entrepans, plats molt elaborats, sucs, batuts, esmorzars, pastissos&#8230; i tot de creaci\u00f3 pr\u00f2pia! A m\u00e9s, n&#8217;hem tastat alguna, de les seves creacions. Bons cuiners i, per damunt de tot, millors alumnes!<\/p>\n<p><!--more--><\/p>\n<p><iframe loading=\"lazy\" title=\"YouTube video player\" src=\"\/\/www.youtube.com\/embed\/66Sc-0RvaDQ\" width=\"560\" height=\"315\" frameborder=\"0\" allowfullscreen=\"allowfullscreen\"><\/iframe><\/p>\n<p><iframe loading=\"lazy\" title=\"YouTube video player\" src=\"\/\/www.youtube.com\/embed\/6CEn8BMLL2k\" width=\"560\" height=\"315\" frameborder=\"0\" allowfullscreen=\"allowfullscreen\"><\/iframe><\/p>\n<p><iframe loading=\"lazy\" title=\"YouTube video player\" src=\"\/\/www.youtube.com\/embed\/J8VC6fdQY14\" width=\"560\" height=\"315\" frameborder=\"0\" allowfullscreen=\"allowfullscreen\"><\/iframe><\/p>\n<p>&nbsp;<\/p>\n<p>&nbsp;<\/p>\n","protected":false},"excerpt":{"rendered":"<p>La darrera activitat que han fet els alumnes de 2n ESO a llengua catalana i literatura ha estat una v\u00eddeorecepta. Hem apr\u00e8s a fer el text instructiu i dur-lo a la pr\u00e0ctica a trav\u00e9s de cr\u00eapes, pancakes, arrossos, sandvitxos, entrepans, plats molt elaborats, sucs, batuts,&hellip;  <a href=\"https:\/\/agora.xtec.cat\/ies-barcelona-congres\/portada\/un-final-dassignatura-amb-bona-cuina\/\" title=\"Read UN FINAL D&#8217;ASSIGNATURA&#8230; AMB BONA CUINA!\">Llegeix m\u00e9s\u00bb<\/a><\/p>\n","protected":false},"author":1,"featured_media":5188,"comment_status":"open","ping_status":"closed","sticky":false,"template":"","format":"standard","meta":{"_bbp_topic_count":0,"_bbp_reply_count":0,"_bbp_total_topic_count":0,"_bbp_total_reply_count":0,"_bbp_voice_count":0,"_bbp_anonymous_reply_count":0,"_bbp_topic_count_hidden":0,"_bbp_reply_count_hidden":0,"_bbp_forum_subforum_count":0,"footnotes":""},"categories":[94,29],"tags":[],"class_list":["post-5186","post","type-post","status-publish","format-standard","has-post-thumbnail","hentry","category-2n-eso","category-portada"],"post_mailing_queue_ids":[],"_links":{"self":[{"href":"https:\/\/agora.xtec.cat\/ies-barcelona-congres\/wp-json\/wp\/v2\/posts\/5186","targetHints":{"allow":["GET"]}}],"collection":[{"href":"https:\/\/agora.xtec.cat\/ies-barcelona-congres\/wp-json\/wp\/v2\/posts"}],"about":[{"href":"https:\/\/agora.xtec.cat\/ies-barcelona-congres\/wp-json\/wp\/v2\/types\/post"}],"author":[{"embeddable":true,"href":"https:\/\/agora.xtec.cat\/ies-barcelona-congres\/wp-json\/wp\/v2\/users\/1"}],"replies":[{"embeddable":true,"href":"https:\/\/agora.xtec.cat\/ies-barcelona-congres\/wp-json\/wp\/v2\/comments?post=5186"}],"version-history":[{"count":3,"href":"https:\/\/agora.xtec.cat\/ies-barcelona-congres\/wp-json\/wp\/v2\/posts\/5186\/revisions"}],"predecessor-version":[{"id":5192,"href":"https:\/\/agora.xtec.cat\/ies-barcelona-congres\/wp-json\/wp\/v2\/posts\/5186\/revisions\/5192"}],"wp:featuredmedia":[{"embeddable":true,"href":"https:\/\/agora.xtec.cat\/ies-barcelona-congres\/wp-json\/wp\/v2\/media\/5188"}],"wp:attachment":[{"href":"https:\/\/agora.xtec.cat\/ies-barcelona-congres\/wp-json\/wp\/v2\/media?parent=5186"}],"wp:term":[{"taxonomy":"category","embeddable":true,"href":"https:\/\/agora.xtec.cat\/ies-barcelona-congres\/wp-json\/wp\/v2\/categories?post=5186"},{"taxonomy":"post_tag","embeddable":true,"href":"https:\/\/agora.xtec.cat\/ies-barcelona-congres\/wp-json\/wp\/v2\/tags?post=5186"}],"curies":[{"name":"wp","href":"https:\/\/api.w.org\/{rel}","templated":true}]}}