{"id":3921,"date":"2021-05-11T13:12:08","date_gmt":"2021-05-11T11:12:08","guid":{"rendered":"https:\/\/agora.xtec.cat\/ies-barcelona-congres\/?p=3921"},"modified":"2021-05-11T13:13:09","modified_gmt":"2021-05-11T11:13:09","slug":"visita-expo-can-baste-3r-deso","status":"publish","type":"post","link":"https:\/\/agora.xtec.cat\/ies-barcelona-congres\/portada\/visita-expo-can-baste-3r-deso\/","title":{"rendered":"Visita expo Can Bast\u00e9 &#8211; 3r d&#8217;ESO"},"content":{"rendered":"<p><span style=\"font-family: inherit; font-size: 1em;\"><img loading=\"lazy\" decoding=\"async\" class=\"aligncenter wp-image-3924 size-full\" src=\"https:\/\/agora.xtec.cat\/ies-barcelona-congres\/wp-content\/uploads\/usu10\/2021\/05\/IMG_2436.jpg\" alt=\"\" width=\"1080\" height=\"1080\" srcset=\"https:\/\/agora.xtec.cat\/ies-barcelona-congres\/wp-content\/uploads\/usu10\/2021\/05\/IMG_2436.jpg 1080w, https:\/\/agora.xtec.cat\/ies-barcelona-congres\/wp-content\/uploads\/usu10\/2021\/05\/IMG_2436-150x150.jpg 150w, https:\/\/agora.xtec.cat\/ies-barcelona-congres\/wp-content\/uploads\/usu10\/2021\/05\/IMG_2436-300x300.jpg 300w, https:\/\/agora.xtec.cat\/ies-barcelona-congres\/wp-content\/uploads\/usu10\/2021\/05\/IMG_2436-768x768.jpg 768w, https:\/\/agora.xtec.cat\/ies-barcelona-congres\/wp-content\/uploads\/usu10\/2021\/05\/IMG_2436-1024x1024.jpg 1024w\" sizes=\"auto, (max-width: 1080px) 100vw, 1080px\" \/><\/span><\/p>\n<p style=\"text-align: justify;\"><span class=\"css-901oao css-16my406 r-poiln3 r-bcqeeo r-qvutc0\">Avui l\u2019alumnat de 3r d\u2019ESO ha visitat el Centre C\u00edvic de Can Bast\u00e9 <\/span><span style=\"font-family: inherit; font-size: 1em;\">per con\u00e8ixer l\u2019exposici\u00f3 PUBER de Tanit Plana.<\/span><\/p>\n<p style=\"text-align: justify;\"><span style=\"font-family: inherit; font-size: 1em;\"><img loading=\"lazy\" decoding=\"async\" class=\"aligncenter wp-image-3922 size-full\" src=\"https:\/\/agora.xtec.cat\/ies-barcelona-congres\/wp-content\/uploads\/usu10\/2021\/05\/IMG_2438.jpg\" alt=\"\" width=\"1080\" height=\"1080\" srcset=\"https:\/\/agora.xtec.cat\/ies-barcelona-congres\/wp-content\/uploads\/usu10\/2021\/05\/IMG_2438.jpg 1080w, https:\/\/agora.xtec.cat\/ies-barcelona-congres\/wp-content\/uploads\/usu10\/2021\/05\/IMG_2438-150x150.jpg 150w, https:\/\/agora.xtec.cat\/ies-barcelona-congres\/wp-content\/uploads\/usu10\/2021\/05\/IMG_2438-300x300.jpg 300w, https:\/\/agora.xtec.cat\/ies-barcelona-congres\/wp-content\/uploads\/usu10\/2021\/05\/IMG_2438-768x768.jpg 768w, https:\/\/agora.xtec.cat\/ies-barcelona-congres\/wp-content\/uploads\/usu10\/2021\/05\/IMG_2438-1024x1024.jpg 1024w\" sizes=\"auto, (max-width: 1080px) 100vw, 1080px\" \/> <img loading=\"lazy\" decoding=\"async\" class=\"aligncenter wp-image-3923 size-full\" src=\"https:\/\/agora.xtec.cat\/ies-barcelona-congres\/wp-content\/uploads\/usu10\/2021\/05\/IMG_2437.jpg\" alt=\"\" width=\"1080\" height=\"1080\" srcset=\"https:\/\/agora.xtec.cat\/ies-barcelona-congres\/wp-content\/uploads\/usu10\/2021\/05\/IMG_2437.jpg 1080w, https:\/\/agora.xtec.cat\/ies-barcelona-congres\/wp-content\/uploads\/usu10\/2021\/05\/IMG_2437-150x150.jpg 150w, https:\/\/agora.xtec.cat\/ies-barcelona-congres\/wp-content\/uploads\/usu10\/2021\/05\/IMG_2437-300x300.jpg 300w, https:\/\/agora.xtec.cat\/ies-barcelona-congres\/wp-content\/uploads\/usu10\/2021\/05\/IMG_2437-768x768.jpg 768w, https:\/\/agora.xtec.cat\/ies-barcelona-congres\/wp-content\/uploads\/usu10\/2021\/05\/IMG_2437-1024x1024.jpg 1024w\" sizes=\"auto, (max-width: 1080px) 100vw, 1080px\" \/> <img loading=\"lazy\" decoding=\"async\" class=\"aligncenter wp-image-3925 size-full\" src=\"https:\/\/agora.xtec.cat\/ies-barcelona-congres\/wp-content\/uploads\/usu10\/2021\/05\/IMG_2435.jpg\" alt=\"\" width=\"1080\" height=\"1080\" srcset=\"https:\/\/agora.xtec.cat\/ies-barcelona-congres\/wp-content\/uploads\/usu10\/2021\/05\/IMG_2435.jpg 1080w, https:\/\/agora.xtec.cat\/ies-barcelona-congres\/wp-content\/uploads\/usu10\/2021\/05\/IMG_2435-150x150.jpg 150w, https:\/\/agora.xtec.cat\/ies-barcelona-congres\/wp-content\/uploads\/usu10\/2021\/05\/IMG_2435-300x300.jpg 300w, https:\/\/agora.xtec.cat\/ies-barcelona-congres\/wp-content\/uploads\/usu10\/2021\/05\/IMG_2435-768x768.jpg 768w, https:\/\/agora.xtec.cat\/ies-barcelona-congres\/wp-content\/uploads\/usu10\/2021\/05\/IMG_2435-1024x1024.jpg 1024w\" sizes=\"auto, (max-width: 1080px) 100vw, 1080px\" \/><br \/>\n<\/span><\/p>\n","protected":false},"excerpt":{"rendered":"<p>Avui l\u2019alumnat de 3r d\u2019ESO ha visitat el Centre C\u00edvic de Can Bast\u00e9 per con\u00e8ixer l\u2019exposici\u00f3 PUBER de Tanit Plana.<\/p>\n","protected":false},"author":1,"featured_media":0,"comment_status":"open","ping_status":"closed","sticky":false,"template":"","format":"standard","meta":{"_bbp_topic_count":0,"_bbp_reply_count":0,"_bbp_total_topic_count":0,"_bbp_total_reply_count":0,"_bbp_voice_count":0,"_bbp_anonymous_reply_count":0,"_bbp_topic_count_hidden":0,"_bbp_reply_count_hidden":0,"_bbp_forum_subforum_count":0,"footnotes":""},"categories":[95,29],"tags":[],"class_list":["post-3921","post","type-post","status-publish","format-standard","hentry","category-3r-eso","category-portada"],"post_mailing_queue_ids":[],"_links":{"self":[{"href":"https:\/\/agora.xtec.cat\/ies-barcelona-congres\/wp-json\/wp\/v2\/posts\/3921","targetHints":{"allow":["GET"]}}],"collection":[{"href":"https:\/\/agora.xtec.cat\/ies-barcelona-congres\/wp-json\/wp\/v2\/posts"}],"about":[{"href":"https:\/\/agora.xtec.cat\/ies-barcelona-congres\/wp-json\/wp\/v2\/types\/post"}],"author":[{"embeddable":true,"href":"https:\/\/agora.xtec.cat\/ies-barcelona-congres\/wp-json\/wp\/v2\/users\/1"}],"replies":[{"embeddable":true,"href":"https:\/\/agora.xtec.cat\/ies-barcelona-congres\/wp-json\/wp\/v2\/comments?post=3921"}],"version-history":[{"count":3,"href":"https:\/\/agora.xtec.cat\/ies-barcelona-congres\/wp-json\/wp\/v2\/posts\/3921\/revisions"}],"predecessor-version":[{"id":3928,"href":"https:\/\/agora.xtec.cat\/ies-barcelona-congres\/wp-json\/wp\/v2\/posts\/3921\/revisions\/3928"}],"wp:attachment":[{"href":"https:\/\/agora.xtec.cat\/ies-barcelona-congres\/wp-json\/wp\/v2\/media?parent=3921"}],"wp:term":[{"taxonomy":"category","embeddable":true,"href":"https:\/\/agora.xtec.cat\/ies-barcelona-congres\/wp-json\/wp\/v2\/categories?post=3921"},{"taxonomy":"post_tag","embeddable":true,"href":"https:\/\/agora.xtec.cat\/ies-barcelona-congres\/wp-json\/wp\/v2\/tags?post=3921"}],"curies":[{"name":"wp","href":"https:\/\/api.w.org\/{rel}","templated":true}]}}