{"id":3753,"date":"2021-03-21T00:37:20","date_gmt":"2021-03-20T23:37:20","guid":{"rendered":"https:\/\/agora.xtec.cat\/ies-barcelona-congres\/?p=3753"},"modified":"2021-03-21T00:41:27","modified_gmt":"2021-03-20T23:41:27","slug":"exposicions-orals-llengua-castellana","status":"publish","type":"post","link":"https:\/\/agora.xtec.cat\/ies-barcelona-congres\/portada\/exposicions-orals-llengua-castellana\/","title":{"rendered":"Exposicions orals llengua castellana"},"content":{"rendered":"<p><iframe loading=\"lazy\" src=\"https:\/\/docs.google.com\/presentation\/d\/e\/2PACX-1vRcc73cUfn_YOcHXLGUQeAwb0QnB_NMKLPEXcRIcWSXPqeVL40aTek4MZYT-kHNMw\/embed?start=true&amp;loop=true&amp;delayms=3000\" width=\"480\" height=\"299\" frameborder=\"0\"><span data-mce-type=\"bookmark\" style=\"display: inline-block; width: 0px; overflow: hidden; line-height: 0;\" class=\"mce_SELRES_start\">\ufeff<\/span><\/iframe><\/p>\n<p style=\"text-align: justify;\">Alguns alumnes de 4rt han fet unes exposicions orals molt interessants a la classe de Castell\u00e0. S\u00f3n de tema lliure i hem triat les dues millors, tant de contingut com de presentaci\u00f3. S\u00f3n les de la T\u00e0nia i el Yassin, de Llevant, i la de la Heidi i la Nerea, de Ponent. Esperem que us agradin.<!--more--><\/p>\n<p><iframe loading=\"lazy\" src=\"https:\/\/docs.google.com\/presentation\/d\/e\/2PACX-1vSmqwxumz_ZUcY6WMbfvBHqePOnbZt-l3LNN4YO-Bl7nW1Tatok9tlM2LcJ9MU4HZxJnNxmSq6wkuY9\/embed?start=true&amp;loop=true&amp;delayms=3000\" width=\"480\" height=\"299\" frameborder=\"0\"><\/iframe><\/p>\n","protected":false},"excerpt":{"rendered":"<p>\ufeff<br \/>\nAlguns alumnes de 4rt han fet unes exposicions orals molt interessants a la classe de Castell\u00e0. S\u00f3n de tema lliure i hem triat les dues millors, tant de contingut com de presentaci\u00f3. S\u00f3n les de la T\u00e0nia i el Yassin, de Llevant, i la de&hellip;  <a href=\"https:\/\/agora.xtec.cat\/ies-barcelona-congres\/portada\/exposicions-orals-llengua-castellana\/\" title=\"Read Exposicions orals llengua castellana\">Llegeix m\u00e9s\u00bb<\/a><\/p>\n","protected":false},"author":1,"featured_media":0,"comment_status":"open","ping_status":"closed","sticky":false,"template":"","format":"standard","meta":{"_bbp_topic_count":0,"_bbp_reply_count":0,"_bbp_total_topic_count":0,"_bbp_total_reply_count":0,"_bbp_voice_count":0,"_bbp_anonymous_reply_count":0,"_bbp_topic_count_hidden":0,"_bbp_reply_count_hidden":0,"_bbp_forum_subforum_count":0,"footnotes":""},"categories":[96,29],"tags":[],"class_list":["post-3753","post","type-post","status-publish","format-standard","hentry","category-4t-eso","category-portada"],"post_mailing_queue_ids":[],"_links":{"self":[{"href":"https:\/\/agora.xtec.cat\/ies-barcelona-congres\/wp-json\/wp\/v2\/posts\/3753","targetHints":{"allow":["GET"]}}],"collection":[{"href":"https:\/\/agora.xtec.cat\/ies-barcelona-congres\/wp-json\/wp\/v2\/posts"}],"about":[{"href":"https:\/\/agora.xtec.cat\/ies-barcelona-congres\/wp-json\/wp\/v2\/types\/post"}],"author":[{"embeddable":true,"href":"https:\/\/agora.xtec.cat\/ies-barcelona-congres\/wp-json\/wp\/v2\/users\/1"}],"replies":[{"embeddable":true,"href":"https:\/\/agora.xtec.cat\/ies-barcelona-congres\/wp-json\/wp\/v2\/comments?post=3753"}],"version-history":[{"count":3,"href":"https:\/\/agora.xtec.cat\/ies-barcelona-congres\/wp-json\/wp\/v2\/posts\/3753\/revisions"}],"predecessor-version":[{"id":3758,"href":"https:\/\/agora.xtec.cat\/ies-barcelona-congres\/wp-json\/wp\/v2\/posts\/3753\/revisions\/3758"}],"wp:attachment":[{"href":"https:\/\/agora.xtec.cat\/ies-barcelona-congres\/wp-json\/wp\/v2\/media?parent=3753"}],"wp:term":[{"taxonomy":"category","embeddable":true,"href":"https:\/\/agora.xtec.cat\/ies-barcelona-congres\/wp-json\/wp\/v2\/categories?post=3753"},{"taxonomy":"post_tag","embeddable":true,"href":"https:\/\/agora.xtec.cat\/ies-barcelona-congres\/wp-json\/wp\/v2\/tags?post=3753"}],"curies":[{"name":"wp","href":"https:\/\/api.w.org\/{rel}","templated":true}]}}