{"id":3493,"date":"2020-12-16T17:39:49","date_gmt":"2020-12-16T16:39:49","guid":{"rendered":"https:\/\/agora.xtec.cat\/ies-barcelona-congres\/?p=3493"},"modified":"2020-12-16T17:40:22","modified_gmt":"2020-12-16T16:40:22","slug":"nadales-dedicades-als-nostres-avis","status":"publish","type":"post","link":"https:\/\/agora.xtec.cat\/ies-barcelona-congres\/portada\/nadales-dedicades-als-nostres-avis\/","title":{"rendered":"Nadales dedicades als nostres avis"},"content":{"rendered":"<p dir=\"auto\"><iframe loading=\"lazy\" src=\"\/\/www.youtube.com\/embed\/13kQaN980KI\" width=\"560\" height=\"315\" frameborder=\"0\"><\/iframe><\/p>\n<p dir=\"auto\" style=\"text-align: justify;\">En el marc de l&#8217;Aprenentatge i Servei comunitari, els alumnes de 3r d&#8217;ESO han preparat amb il.lusi\u00f3 i alegria unes nadales. Estan dedicades als avis de la Resid\u00e8ncia Barcelona Porta, amb qui el nostre centre t\u00e9 un acord de col.laboraci\u00f3 des del curs passat.<\/p>\n<p dir=\"auto\" style=\"text-align: justify;\">El COVID ens mant\u00e9 allunyats per\u00f2 la m\u00fasica i l&#8217;alegria ens ajuden a trencar barreres i sentir-nos a tots m\u00e9s a prop. Us volem fer copart\u00edcips\u00a0a tots i totes, aix\u00ed que us animem a cantar plegats!<\/p>\n<p dir=\"auto\">\n","protected":false},"excerpt":{"rendered":"<p>En el marc de l&#8217;Aprenentatge i Servei comunitari, els alumnes de 3r d&#8217;ESO han preparat amb il.lusi\u00f3 i alegria unes nadales. Estan dedicades als avis de la Resid\u00e8ncia Barcelona Porta, amb qui el nostre centre t\u00e9 un acord de col.laboraci\u00f3 des del curs passat.<br \/>\nEl COVID&hellip;  <a href=\"https:\/\/agora.xtec.cat\/ies-barcelona-congres\/portada\/nadales-dedicades-als-nostres-avis\/\" title=\"Read Nadales dedicades als nostres avis\">Llegeix m\u00e9s\u00bb<\/a><\/p>\n","protected":false},"author":1,"featured_media":3494,"comment_status":"open","ping_status":"closed","sticky":false,"template":"","format":"standard","meta":{"_bbp_topic_count":0,"_bbp_reply_count":0,"_bbp_total_topic_count":0,"_bbp_total_reply_count":0,"_bbp_voice_count":0,"_bbp_anonymous_reply_count":0,"_bbp_topic_count_hidden":0,"_bbp_reply_count_hidden":0,"_bbp_forum_subforum_count":0,"footnotes":""},"categories":[95,29],"tags":[],"class_list":["post-3493","post","type-post","status-publish","format-standard","has-post-thumbnail","hentry","category-3r-eso","category-portada"],"post_mailing_queue_ids":[],"_links":{"self":[{"href":"https:\/\/agora.xtec.cat\/ies-barcelona-congres\/wp-json\/wp\/v2\/posts\/3493","targetHints":{"allow":["GET"]}}],"collection":[{"href":"https:\/\/agora.xtec.cat\/ies-barcelona-congres\/wp-json\/wp\/v2\/posts"}],"about":[{"href":"https:\/\/agora.xtec.cat\/ies-barcelona-congres\/wp-json\/wp\/v2\/types\/post"}],"author":[{"embeddable":true,"href":"https:\/\/agora.xtec.cat\/ies-barcelona-congres\/wp-json\/wp\/v2\/users\/1"}],"replies":[{"embeddable":true,"href":"https:\/\/agora.xtec.cat\/ies-barcelona-congres\/wp-json\/wp\/v2\/comments?post=3493"}],"version-history":[{"count":2,"href":"https:\/\/agora.xtec.cat\/ies-barcelona-congres\/wp-json\/wp\/v2\/posts\/3493\/revisions"}],"predecessor-version":[{"id":3496,"href":"https:\/\/agora.xtec.cat\/ies-barcelona-congres\/wp-json\/wp\/v2\/posts\/3493\/revisions\/3496"}],"wp:featuredmedia":[{"embeddable":true,"href":"https:\/\/agora.xtec.cat\/ies-barcelona-congres\/wp-json\/wp\/v2\/media\/3494"}],"wp:attachment":[{"href":"https:\/\/agora.xtec.cat\/ies-barcelona-congres\/wp-json\/wp\/v2\/media?parent=3493"}],"wp:term":[{"taxonomy":"category","embeddable":true,"href":"https:\/\/agora.xtec.cat\/ies-barcelona-congres\/wp-json\/wp\/v2\/categories?post=3493"},{"taxonomy":"post_tag","embeddable":true,"href":"https:\/\/agora.xtec.cat\/ies-barcelona-congres\/wp-json\/wp\/v2\/tags?post=3493"}],"curies":[{"name":"wp","href":"https:\/\/api.w.org\/{rel}","templated":true}]}}