{"id":10096,"date":"2026-06-15T15:53:13","date_gmt":"2026-06-15T13:53:13","guid":{"rendered":"https:\/\/agora.xtec.cat\/ies-barcelona-congres\/?p=10096"},"modified":"2026-06-16T16:28:29","modified_gmt":"2026-06-16T14:28:29","slug":"nova-edicio-de-la-revista-digital-de-lectures-destiu","status":"publish","type":"post","link":"https:\/\/agora.xtec.cat\/ies-barcelona-congres\/portada\/nova-edicio-de-la-revista-digital-de-lectures-destiu\/","title":{"rendered":"Nova edici\u00f3 de la revista digital de Lectures d\u2019Estiu!"},"content":{"rendered":"<p data-start=\"85\" data-end=\"404\"><img loading=\"lazy\" decoding=\"async\" class=\"aligncenter wp-image-10099 size-full\" src=\"https:\/\/agora.xtec.cat\/ies-barcelona-congres\/wp-content\/uploads\/usu10\/2026\/06\/ChatGPT-Image-16-jun-2026-08_34_011.png\" alt=\"\" width=\"1122\" height=\"1402\" srcset=\"https:\/\/agora.xtec.cat\/ies-barcelona-congres\/wp-content\/uploads\/usu10\/2026\/06\/ChatGPT-Image-16-jun-2026-08_34_011.png 1122w, https:\/\/agora.xtec.cat\/ies-barcelona-congres\/wp-content\/uploads\/usu10\/2026\/06\/ChatGPT-Image-16-jun-2026-08_34_011-240x300.png 240w, https:\/\/agora.xtec.cat\/ies-barcelona-congres\/wp-content\/uploads\/usu10\/2026\/06\/ChatGPT-Image-16-jun-2026-08_34_011-819x1024.png 819w, https:\/\/agora.xtec.cat\/ies-barcelona-congres\/wp-content\/uploads\/usu10\/2026\/06\/ChatGPT-Image-16-jun-2026-08_34_011-768x960.png 768w\" sizes=\"auto, (max-width: 1122px) 100vw, 1122px\" \/><\/p>\n<p style=\"text-align: justify;\" data-start=\"85\" data-end=\"404\">Des de la comissi\u00f3 de biblioteca i lectura del Barcelona Congr\u00e9s us presentem una nova edici\u00f3 de la revista amb propostes de lectura per a aquest estiu. Hi trobareu recomanacions de llibres fetes per alumnat, professorat, aix\u00ed com suggeriments per a totes les edats i interessos, perqu\u00e8 pugueu gaudir de la lectura durant les vacances.<\/p>\n<p style=\"text-align: justify;\" data-start=\"406\" data-end=\"504\">Us convidem a descobrir noves hist\u00f2ries, aventures i personatges que us acompanyaran aquest estiu.<\/p>\n<p data-start=\"506\" data-end=\"573\">Podeu consultar la revista en format digital al <a href=\"https:\/\/drive.google.com\/file\/d\/1NVG729SizvqoZ2PGM3Ysdw2szt_cN_Pu\/view\" target=\"_blank\" rel=\"noopener\"><strong>seg\u00fcent enlla\u00e7<\/strong><\/a><\/p>\n<p data-start=\"506\" data-end=\"573\">\n","protected":false},"excerpt":{"rendered":"<p>Des de la comissi\u00f3 de biblioteca i lectura del Barcelona Congr\u00e9s us presentem una nova edici\u00f3 de la revista amb propostes de lectura per a aquest estiu. Hi trobareu recomanacions de llibres fetes per alumnat, professorat, aix\u00ed com suggeriments per a totes les edats i&hellip;  <a href=\"https:\/\/agora.xtec.cat\/ies-barcelona-congres\/portada\/nova-edicio-de-la-revista-digital-de-lectures-destiu\/\" title=\"Read Nova edici\u00f3 de la revista digital de Lectures d\u2019Estiu!\">Llegeix m\u00e9s\u00bb<\/a><\/p>\n","protected":false},"author":1,"featured_media":0,"comment_status":"open","ping_status":"open","sticky":false,"template":"","format":"standard","meta":{"_bbp_topic_count":0,"_bbp_reply_count":0,"_bbp_total_topic_count":0,"_bbp_total_reply_count":0,"_bbp_voice_count":0,"_bbp_anonymous_reply_count":0,"_bbp_topic_count_hidden":0,"_bbp_reply_count_hidden":0,"_bbp_forum_subforum_count":0,"footnotes":""},"categories":[29],"tags":[],"class_list":["post-10096","post","type-post","status-publish","format-standard","hentry","category-portada"],"post_mailing_queue_ids":[],"_links":{"self":[{"href":"https:\/\/agora.xtec.cat\/ies-barcelona-congres\/wp-json\/wp\/v2\/posts\/10096","targetHints":{"allow":["GET"]}}],"collection":[{"href":"https:\/\/agora.xtec.cat\/ies-barcelona-congres\/wp-json\/wp\/v2\/posts"}],"about":[{"href":"https:\/\/agora.xtec.cat\/ies-barcelona-congres\/wp-json\/wp\/v2\/types\/post"}],"author":[{"embeddable":true,"href":"https:\/\/agora.xtec.cat\/ies-barcelona-congres\/wp-json\/wp\/v2\/users\/1"}],"replies":[{"embeddable":true,"href":"https:\/\/agora.xtec.cat\/ies-barcelona-congres\/wp-json\/wp\/v2\/comments?post=10096"}],"version-history":[{"count":4,"href":"https:\/\/agora.xtec.cat\/ies-barcelona-congres\/wp-json\/wp\/v2\/posts\/10096\/revisions"}],"predecessor-version":[{"id":10105,"href":"https:\/\/agora.xtec.cat\/ies-barcelona-congres\/wp-json\/wp\/v2\/posts\/10096\/revisions\/10105"}],"wp:attachment":[{"href":"https:\/\/agora.xtec.cat\/ies-barcelona-congres\/wp-json\/wp\/v2\/media?parent=10096"}],"wp:term":[{"taxonomy":"category","embeddable":true,"href":"https:\/\/agora.xtec.cat\/ies-barcelona-congres\/wp-json\/wp\/v2\/categories?post=10096"},{"taxonomy":"post_tag","embeddable":true,"href":"https:\/\/agora.xtec.cat\/ies-barcelona-congres\/wp-json\/wp\/v2\/tags?post=10096"}],"curies":[{"name":"wp","href":"https:\/\/api.w.org\/{rel}","templated":true}]}}