{"id":992,"date":"2018-05-07T09:20:49","date_gmt":"2018-05-07T07:20:49","guid":{"rendered":"http:\/\/agora.xtec.cat\/ies-baldiri\/?p=992"},"modified":"2018-05-07T09:20:49","modified_gmt":"2018-05-07T07:20:49","slug":"cultura-popular-i-nova-tradicio-al-baldiri","status":"publish","type":"post","link":"https:\/\/agora.xtec.cat\/ies-baldiri\/eso\/cultura-popular-i-nova-tradicio-al-baldiri\/","title":{"rendered":"&#8220;Cultura Popular i nova tradici\u00f3&#8221; al Baldiri"},"content":{"rendered":"<p><strong>\u201cCultura Popular i nova tradici\u00f3\u201d al Baldiri Jornades Culturals 2018, del 23 al 27 d\u2019Abril<\/strong><\/p>\n<p>Les nostres jornades culturals d\u2019enguany combinen tradici\u00f3 i innovaci\u00f3. Entre les diferents activitats programades hi ha visites a<strong> La Nau de Cultura Popular<\/strong> que \u00e9s la seu de la Federaci\u00f3 d&#8217;Entitats de Cultura Popular i Tradicional Catalana &#8220;<strong>El Nus<\/strong>&#8221; del Prat de Llobregat.<br \/>\nEl contrapunt m\u00e9s innovador el posar\u00e0 la confer\u00e8ncia-performance a c\u00e0rrec de <strong>Marcel\u00b7l\u00ed Ant\u00fanez<\/strong>, reconegut internacionalment com una de les figures m\u00e9s rellevants de l\u2019art electr\u00f2nic i l\u2019experimentaci\u00f3 esc\u00e8nica. La seva obra inclou performances mecatr\u00f2niques en ocasions amb robots, instal\u00b7lacions interactives, cinema, c\u00f2mic&#8230; i col\u00b7laboracions amb col\u00b7lectius, entre els quals destaquen la Fura dels Baus del qual va ser fundador i l\u00edder en els anys vuitanta.<\/p>\n<p><strong>Programa de les jornades: <\/strong><br \/>\n<strong>Dilluns 23 d\u2019abril: <\/strong><br \/>\nCelebraci\u00f3 diada de Sant Jordi. Lliurament de premis del certamen literari de <strong>Sant Jordi<\/strong>. Activitats culturals i Esportives<br \/>\n<strong>Dimecres 25 d\u2019abril <\/strong><br \/>\n9:15 i 11:15 h Visita a la seu de la <strong>Federaci\u00f3 d\u2019Entitats de Cultura Popular i Tradicional Catalana del Prat<\/strong>: El nus (alumnat 1 ESO). Tamb\u00e9 divendres 27<br \/>\n12:10 h <strong>Gimcana folkl\u00f2rica<\/strong> (alumnat de 4t ESO)<br \/>\n<strong>Dijous 26 d\u2019abril <\/strong><br \/>\n11:30 h Xerrada- exhibici\u00f3 : <strong>Colla Dansaire del Prat Picacrestes<\/strong> (alumnat 2 ESO)<br \/>\n<strong>Divendres 27 d\u2019abril<\/strong><br \/>\n8h Taller de teatre social. <strong>Companyia de teatre La Xixa<\/strong><br \/>\nAlumnat de 1r i 2n de Batxillerat d\u2019Arts esc\u00e8niques<br \/>\n12 h <strong>\u201cNova tradici\u00f3, folklore i Interacci\u00f3 social\u201d<\/strong><br \/>\nConfer\u00e8ncia-performance a c\u00e0rrec de <strong>Marcel\u00b7l\u00ed Ant\u00fanez<\/strong><br \/>\n(alumnat de Batxillerat i 4t ESO)<\/p>\n\r\n\t<div class=\"slideshow_container slideshow_container_style-light\" style=\"height: 450px; \" data-slideshow-id=\"993\" data-style-name=\"style-light\" data-style-version=\"2.3.1\" >\r\n\r\n\t\t\t\t\t<div class=\"slideshow_loading_icon\"><\/div>\r\n\t\t\r\n\t\t<div class=\"slideshow_content\" style=\"display: none;\">\r\n\r\n\t\t\t<div class=\"slideshow_view\"><div class=\"slideshow_slide slideshow_slide_image\">\n        <a href=\"https:\/\/photos.google.com\/share\/AF1QipOZG-NzsRLBhjoQIB5JvKD7qtnClHoRgiqz5PpVQ0K1WLV6ta3pZlrK3tzJmtUImQ\/photo\/AF1QipNP2FMMkkiieiDtezete46p8-ZHx8IF73gBF_PD?key=RzZTUVp4QkFWNjNUWG5aWV9PNVo2V2c3NkVBbERB\" target=\"_blank\">        <img src=\"https:\/\/lh3.googleusercontent.com\/6XeibqKAZlxyHJh_GGeCx29MZUQMTn7lQ1iH64NUj4541zskftFUOTxfC7077-X4NmVv6jwtN1IOGj8BJBkxXSIjDingYuGg2KSbTM34OLJ6QEoUQxQBaKwohEu6iGm8daFU0smPxufeZsz1NNhisppvqKszflCffKlHF8g9ddqPFKMPL6yeHgKK99Wt6OcpV2Ir2PVVzLFdahr1CWDGPLpYuKTA6xEah48r50urJuTah6gldV7SbArl9ilTadt08lSFce1sMC7tLo6eg7oNzNkJpx10_Qv7w335caZPt_RsnVF58OpW_ZfLj8px4J9hrJ6qXOzxJEfTxHj1_hHPNbVnJC2ZMMrwroP7NcZNVFzldYf3NWpp35b4U2vJKS35NscYb_dJZxlbZkYEBJVrlVY7pvzdYi9zbZHTr-pfqcKZHvz4h0elh_ckIlu9gQG93BdWzNtD7n-iqJwIUPsX8odhLfvpSpuOv9jh_AlMljigLtfjpjFkRj337E6ERQy8xr5cBgjM-xPxisC1y7rzYs0SMtpXIjXGeVNaKBY0DNmH9CfFkxEvBpMadalD_RODAAS26PlDqMtL_vlBTm_reOq8CXDWCdqarhbnblY0VhvWjEE4w73egFY33tKJaVRXYylveNF4REeUqU0fq3GyMpwZ8_LH2Sub=w800-h600-no\" alt=\"\"   \/>\n        <\/a>        <div class=\"slideshow_description_box slideshow_transparent\">\n                                        <\/div>\n<\/div>\n\t\n<div style=\"clear: both;\"><\/div><\/div><div class=\"slideshow_view\"><div class=\"slideshow_slide slideshow_slide_image\">\n        <a href=\"https:\/\/photos.google.com\/share\/AF1QipOZG-NzsRLBhjoQIB5JvKD7qtnClHoRgiqz5PpVQ0K1WLV6ta3pZlrK3tzJmtUImQ\/photo\/AF1QipNKu7SIVcIMZzU5NPsMZ9XoC8YKmigMdVIKzjal?key=RzZTUVp4QkFWNjNUWG5aWV9PNVo2V2c3NkVBbERB\" target=\"_blank\">        <img src=\"https:\/\/lh3.googleusercontent.com\/2Zo5WoWxMthuX81ZR-hXsRhWthSysAGETFnaNBFnXQlDU-YgqX5LXX4Y39JgoWa6xuidjsyU-cR0hOmQIrYT83LQWpCV3QGe1HgRBECkx92PjCSmdhJNdRbmx-YSzCucaGCbbAOgrZa34FZQkVn36h_rMS_Mj8LQ_RyQfEgS2XG-6KSqsObx2SKTvS8FvsM0JxsIo55oHSPpyYZtOjdBc0z5wDcefFC-xwjnZ6VKFMol09H-lR_L9L6Hk-3LbjTTXiHurfVlKywS7oD4TF2s78C2VsW4dSjspToG9i6BZLFia3OqP9FER204hS7Tyf-MQfsSW2H57ytn7qou6OxNpowO2NTD5OuO4Bh5xuXGcbI4Myc1MjkRyVO_i9tz6x-zXSpnZ8FZPCktMGjZTx3HhqrIAmDLlaWkQgpB-vUOP1mJQqBUQOA5WXWGew-h0GVZJlkHsIyjfNir_apQJGHGaheCons8_aAeBWYDIDzB6pa34uLvOfrayzrbaJ8t03LXa4nmJNwIl7a4xe2z-EQnRtb2SuZDqu-7gYKY_JFxe92XkNq6IjFTAw0zqQa_KB0hvZBoiy1jytFYohZGKKnmzSN64WaMGM2QdkyKgHqOZ6WRZkKdAF2Fh5MEvYAQSwk2sFuPOBsyyh6QUUe9KC1QkQm6Jo5DXhjU=w800-h600-no\" alt=\"\"   \/>\n        <\/a>        <div class=\"slideshow_description_box slideshow_transparent\">\n                                        <\/div>\n<\/div>\n\t\n<div style=\"clear: both;\"><\/div><\/div><div class=\"slideshow_view\"><div class=\"slideshow_slide slideshow_slide_image\">\n        <a href=\"https:\/\/photos.google.com\/share\/AF1QipOZG-NzsRLBhjoQIB5JvKD7qtnClHoRgiqz5PpVQ0K1WLV6ta3pZlrK3tzJmtUImQ\/photo\/AF1QipOb6c2Xe91UIuAXyelBdjRWmNp8napkekk9d8kz?key=RzZTUVp4QkFWNjNUWG5aWV9PNVo2V2c3NkVBbERB\" target=\"_blank\">        <img src=\"https:\/\/lh3.googleusercontent.com\/OtN3BdUggF-DfWo_reYGHbWqYrdmq0g8PEeUfCs553Xo9bgPo7Za7bMp8ohE33JEUAaGUY64JHq_AK65ejT4OMh2IcGhxD145HES4FXFe83uPIEfJZ7xIFXGdFgemUX6LEvcfWhR9tZkNGJjoPE_cNoGqYtWO2_emDyOoj1yj9gc-lQjHcQkcCVRtF8K9OlTCrnPHMKH7qh3AtXHnq_oVulTvWQDj99VuybuxWWRs3LYYyt6Ho0WqNH0q-dYnHkpu2ZNN2WYRnAoTj1VH4AmoYxDxKRTSpMFCK2CiV9Xbtw8Jx_4_Qf5g2VZ4jFrJhraXLMVw-i2YVsf4PhKkZ8EzHdx3tXOEBjiiIBoQRvqWBhxWbNhqR69Ex3d-raCCsErpVDPf-NAzmIIdpD4hTlOFkY_F26XJkQahh22RqFdiLSX42MZ69Ztd9fap6lpSQIu4Yxtg_4j37-2OkebghksfC1hlvDRGWev3rvCzodZVIqHl6ZWU8riWNFI2UffRckwKKa9Cksbv-6c5Rye80uiz4nO4klu8SqdPMLNu44rebocejN24uXGd2BHAZr_dQxpOaaGsvXrgCbBNX3vZnk2s7a1FWpoHXWvaL0iMX4UY__E1nbCihhpQTWCRrqs4xbT5lfwNEdW5YDje3IlBp_AzTTWbhfrxLdQ=w800-h600-no\" alt=\"\"   \/>\n        <\/a>        <div class=\"slideshow_description_box slideshow_transparent\">\n                                        <\/div>\n<\/div>\n\t\n<div style=\"clear: both;\"><\/div><\/div>\r\n\t\t<\/div>\r\n\r\n\t\t<div class=\"slideshow_controlPanel slideshow_transparent\" style=\"display: none;\"><ul><li class=\"slideshow_togglePlay\" data-play-text=\"Visualitza\" data-pause-text=\"Pausa\"><\/li><\/ul><\/div>\r\n\r\n\t\t<div class=\"slideshow_button slideshow_previous slideshow_transparent\" role=\"button\" data-previous-text=\"Anterior\" style=\"display: none;\"><\/div>\r\n\t\t<div class=\"slideshow_button slideshow_next slideshow_transparent\" role=\"button\" data-next-text=\"Seg\u00fcent\" style=\"display: none;\"><\/div>\r\n\r\n\t\t<div class=\"slideshow_pagination\" style=\"display: none;\" data-go-to-text=\"V\u00e9s a la diapositiva\"><div class=\"slideshow_pagination_center\"><\/div><\/div>\r\n\r\n\t\t<!-- WordPress Slideshow Version 2.3.1 -->\r\n\r\n\t\t\t<\/div>\r\n\r\n\n","protected":false},"excerpt":{"rendered":"<p>\u201cCultura Popular i nova tradici\u00f3\u201d al Baldiri Jornades Culturals 2018, del 23 al 27 d\u2019Abril<br \/>\nLes nostres jornades culturals d\u2019enguany combinen tradici\u00f3 i innovaci\u00f3. Entre les diferents activitats programades hi ha visites a La Nau de Cultura Popular que \u00e9s la seu de la Federaci\u00f3 d&#8217;Entitats&hellip;  <a href=\"https:\/\/agora.xtec.cat\/ies-baldiri\/eso\/cultura-popular-i-nova-tradicio-al-baldiri\/\" title=\"Read &#8220;Cultura Popular i nova tradici\u00f3&#8221; al Baldiri\">Llegeix m\u00e9s\u00bb<\/a><\/p>\n","protected":false},"author":1,"featured_media":994,"comment_status":"open","ping_status":"closed","sticky":false,"template":"","format":"standard","meta":{"_bbp_topic_count":0,"_bbp_reply_count":0,"_bbp_total_topic_count":0,"_bbp_total_reply_count":0,"_bbp_voice_count":0,"_bbp_anonymous_reply_count":0,"_bbp_topic_count_hidden":0,"_bbp_reply_count_hidden":0,"_bbp_forum_subforum_count":0,"footnotes":""},"categories":[8,3,29],"tags":[38,106],"class_list":["post-992","post","type-post","status-publish","format-standard","has-post-thumbnail","hentry","category-batxillerat","category-eso","category-portada","tag-sant-jordi","tag-setmana-cultural"],"post_mailing_queue_ids":[],"_links":{"self":[{"href":"https:\/\/agora.xtec.cat\/ies-baldiri\/wp-json\/wp\/v2\/posts\/992","targetHints":{"allow":["GET"]}}],"collection":[{"href":"https:\/\/agora.xtec.cat\/ies-baldiri\/wp-json\/wp\/v2\/posts"}],"about":[{"href":"https:\/\/agora.xtec.cat\/ies-baldiri\/wp-json\/wp\/v2\/types\/post"}],"author":[{"embeddable":true,"href":"https:\/\/agora.xtec.cat\/ies-baldiri\/wp-json\/wp\/v2\/users\/1"}],"replies":[{"embeddable":true,"href":"https:\/\/agora.xtec.cat\/ies-baldiri\/wp-json\/wp\/v2\/comments?post=992"}],"version-history":[{"count":1,"href":"https:\/\/agora.xtec.cat\/ies-baldiri\/wp-json\/wp\/v2\/posts\/992\/revisions"}],"predecessor-version":[{"id":995,"href":"https:\/\/agora.xtec.cat\/ies-baldiri\/wp-json\/wp\/v2\/posts\/992\/revisions\/995"}],"wp:featuredmedia":[{"embeddable":true,"href":"https:\/\/agora.xtec.cat\/ies-baldiri\/wp-json\/wp\/v2\/media\/994"}],"wp:attachment":[{"href":"https:\/\/agora.xtec.cat\/ies-baldiri\/wp-json\/wp\/v2\/media?parent=992"}],"wp:term":[{"taxonomy":"category","embeddable":true,"href":"https:\/\/agora.xtec.cat\/ies-baldiri\/wp-json\/wp\/v2\/categories?post=992"},{"taxonomy":"post_tag","embeddable":true,"href":"https:\/\/agora.xtec.cat\/ies-baldiri\/wp-json\/wp\/v2\/tags?post=992"}],"curies":[{"name":"wp","href":"https:\/\/api.w.org\/{rel}","templated":true}]}}