{"id":662,"date":"2016-12-06T06:53:51","date_gmt":"2016-12-06T05:53:51","guid":{"rendered":"http:\/\/agora.xtec.cat\/ies-baldiri\/?p=662"},"modified":"2016-12-06T06:53:51","modified_gmt":"2016-12-06T05:53:51","slug":"el-prat-es-concentra-contra-la-violencia-masclista","status":"publish","type":"post","link":"https:\/\/agora.xtec.cat\/ies-baldiri\/general\/el-prat-es-concentra-contra-la-violencia-masclista\/","title":{"rendered":"El Prat es concentra contra la Viol\u00e8ncia Masclista"},"content":{"rendered":"<p>Alumnes de 2n de batxillerat d\u2019Arts Esc\u00e8niques de l\u2019Institut Baldiri Guilera, van participar el passat 25 de novembre en l\u2019acte central contra la viol\u00e8ncia masclista que es va celebrar a la Pla\u00e7a de la Vila del Prat de Llobregat.<br \/>\nNat\u00e0lia S\u00e1nchez, Carles Rossell i Raquel Fern\u00e1ndez van llegir dos textos sobre la viol\u00e8ncia vers les dones escrits per l\u2019ocasi\u00f3 per la Nat\u00e0lia. Joel Leon, va cantar una de les seves can\u00e7ons : no es por ti.<br \/>\n<iframe loading=\"lazy\" src=\"http:\/\/elprat.tv\/embed-video\/?video=8100\" name=\"iframe_chapter\" width=\"570\" height=\"354\" frameborder=\"0\" scrolling=\"no\"><\/iframe><\/p>\n<p><a href=\"http:\/\/agora.xtec.cat\/ies-baldiri\/wp-content\/uploads\/usu896\/2016\/12\/INMAQ-11.jpg\"><img loading=\"lazy\" decoding=\"async\" class=\"alignnone size-large wp-image-663\" src=\"http:\/\/agora.xtec.cat\/ies-baldiri\/wp-content\/uploads\/usu896\/2016\/12\/INMAQ-11-1024x683.jpg\" alt=\"inmaq-11\" width=\"1024\" height=\"683\" srcset=\"https:\/\/agora.xtec.cat\/ies-baldiri\/wp-content\/uploads\/usu896\/2016\/12\/INMAQ-11.jpg 1024w, https:\/\/agora.xtec.cat\/ies-baldiri\/wp-content\/uploads\/usu896\/2016\/12\/INMAQ-11-300x200.jpg 300w, https:\/\/agora.xtec.cat\/ies-baldiri\/wp-content\/uploads\/usu896\/2016\/12\/INMAQ-11-768x512.jpg 768w\" sizes=\"auto, (max-width: 1024px) 100vw, 1024px\" \/><\/a> <a href=\"http:\/\/agora.xtec.cat\/ies-baldiri\/wp-content\/uploads\/usu896\/2016\/12\/INMAQ-10.jpg\"><img loading=\"lazy\" decoding=\"async\" class=\"alignnone size-large wp-image-664\" src=\"http:\/\/agora.xtec.cat\/ies-baldiri\/wp-content\/uploads\/usu896\/2016\/12\/INMAQ-10-1024x683.jpg\" alt=\"inmaq-10\" width=\"1024\" height=\"683\" srcset=\"https:\/\/agora.xtec.cat\/ies-baldiri\/wp-content\/uploads\/usu896\/2016\/12\/INMAQ-10.jpg 1024w, https:\/\/agora.xtec.cat\/ies-baldiri\/wp-content\/uploads\/usu896\/2016\/12\/INMAQ-10-300x200.jpg 300w, https:\/\/agora.xtec.cat\/ies-baldiri\/wp-content\/uploads\/usu896\/2016\/12\/INMAQ-10-768x512.jpg 768w\" sizes=\"auto, (max-width: 1024px) 100vw, 1024px\" \/><\/a><\/p>\n","protected":false},"excerpt":{"rendered":"<p>Alumnes de 2n de batxillerat d\u2019Arts Esc\u00e8niques de l\u2019Institut Baldiri Guilera, van participar el passat 25 de novembre en l\u2019acte central contra la viol\u00e8ncia masclista que es va celebrar a la Pla\u00e7a de la Vila del Prat de Llobregat.<br \/>\nNat\u00e0lia S\u00e1nchez, Carles Rossell i Raquel Fern\u00e1ndez&hellip;  <a href=\"https:\/\/agora.xtec.cat\/ies-baldiri\/general\/el-prat-es-concentra-contra-la-violencia-masclista\/\" title=\"Read El Prat es concentra contra la Viol\u00e8ncia Masclista\">Llegeix m\u00e9s\u00bb<\/a><\/p>\n","protected":false},"author":1,"featured_media":663,"comment_status":"open","ping_status":"open","sticky":false,"template":"","format":"standard","meta":{"_bbp_topic_count":0,"_bbp_reply_count":0,"_bbp_total_topic_count":0,"_bbp_total_reply_count":0,"_bbp_voice_count":0,"_bbp_anonymous_reply_count":0,"_bbp_topic_count_hidden":0,"_bbp_reply_count_hidden":0,"_bbp_forum_subforum_count":0,"footnotes":""},"categories":[8,1,29],"tags":[],"class_list":["post-662","post","type-post","status-publish","format-standard","has-post-thumbnail","hentry","category-batxillerat","category-general","category-portada"],"post_mailing_queue_ids":[],"_links":{"self":[{"href":"https:\/\/agora.xtec.cat\/ies-baldiri\/wp-json\/wp\/v2\/posts\/662","targetHints":{"allow":["GET"]}}],"collection":[{"href":"https:\/\/agora.xtec.cat\/ies-baldiri\/wp-json\/wp\/v2\/posts"}],"about":[{"href":"https:\/\/agora.xtec.cat\/ies-baldiri\/wp-json\/wp\/v2\/types\/post"}],"author":[{"embeddable":true,"href":"https:\/\/agora.xtec.cat\/ies-baldiri\/wp-json\/wp\/v2\/users\/1"}],"replies":[{"embeddable":true,"href":"https:\/\/agora.xtec.cat\/ies-baldiri\/wp-json\/wp\/v2\/comments?post=662"}],"version-history":[{"count":1,"href":"https:\/\/agora.xtec.cat\/ies-baldiri\/wp-json\/wp\/v2\/posts\/662\/revisions"}],"predecessor-version":[{"id":665,"href":"https:\/\/agora.xtec.cat\/ies-baldiri\/wp-json\/wp\/v2\/posts\/662\/revisions\/665"}],"wp:featuredmedia":[{"embeddable":true,"href":"https:\/\/agora.xtec.cat\/ies-baldiri\/wp-json\/wp\/v2\/media\/663"}],"wp:attachment":[{"href":"https:\/\/agora.xtec.cat\/ies-baldiri\/wp-json\/wp\/v2\/media?parent=662"}],"wp:term":[{"taxonomy":"category","embeddable":true,"href":"https:\/\/agora.xtec.cat\/ies-baldiri\/wp-json\/wp\/v2\/categories?post=662"},{"taxonomy":"post_tag","embeddable":true,"href":"https:\/\/agora.xtec.cat\/ies-baldiri\/wp-json\/wp\/v2\/tags?post=662"}],"curies":[{"name":"wp","href":"https:\/\/api.w.org\/{rel}","templated":true}]}}